{"id":9411,"date":"2019-04-24T19:01:30","date_gmt":"2019-04-24T18:01:30","guid":{"rendered":"https:\/\/www.funktionsmodellbau.ch\/content\/?p=9411"},"modified":"2019-04-24T19:02:48","modified_gmt":"2019-04-24T18:02:48","slug":"rc-truck-event-in-grossaffoltern-be-ch-2019","status":"publish","type":"post","link":"https:\/\/www.funktionsmodellbau.ch\/content\/rc-truck-event-in-grossaffoltern-be-ch-2019\/","title":{"rendered":"RC Truck Event in Grossaffoltern (BE\/CH) 2019"},"content":{"rendered":"<p>&nbsp;<\/p>\n<p><a href=\"https:\/\/i0.wp.com\/www.funktionsmodellbau.ch\/content\/wp-content\/uploads\/2019\/03\/yt_teaser_grossaffoltern_2019.jpg?ssl=1\"><img data-recalc-dims=\"1\" loading=\"lazy\" decoding=\"async\" data-attachment-id=\"9413\" data-permalink=\"https:\/\/www.funktionsmodellbau.ch\/content\/rc-truck-event-in-grossaffoltern-be-ch-2019\/yt_teaser_grossaffoltern_2019\/\" data-orig-file=\"https:\/\/i0.wp.com\/www.funktionsmodellbau.ch\/content\/wp-content\/uploads\/2019\/03\/yt_teaser_grossaffoltern_2019.jpg?fit=3264%2C1840&amp;ssl=1\" data-orig-size=\"3264,1840\" data-comments-opened=\"1\" data-image-meta=\"{&quot;aperture&quot;:&quot;5.2&quot;,&quot;credit&quot;:&quot;&quot;,&quot;camera&quot;:&quot;DMC-GX8&quot;,&quot;caption&quot;:&quot;&quot;,&quot;created_timestamp&quot;:&quot;1446899995&quot;,&quot;copyright&quot;:&quot;&quot;,&quot;focal_length&quot;:&quot;61&quot;,&quot;iso&quot;:&quot;1600&quot;,&quot;shutter_speed&quot;:&quot;0.00625&quot;,&quot;title&quot;:&quot;&quot;,&quot;orientation&quot;:&quot;1&quot;}\" data-image-title=\"yt_teaser_grossaffoltern_2019\" data-image-description=\"\" data-image-caption=\"\" data-medium-file=\"https:\/\/i0.wp.com\/www.funktionsmodellbau.ch\/content\/wp-content\/uploads\/2019\/03\/yt_teaser_grossaffoltern_2019.jpg?fit=300%2C169&amp;ssl=1\" data-large-file=\"https:\/\/i0.wp.com\/www.funktionsmodellbau.ch\/content\/wp-content\/uploads\/2019\/03\/yt_teaser_grossaffoltern_2019.jpg?fit=678%2C382&amp;ssl=1\" class=\"alignnone size-full wp-image-9413\" src=\"https:\/\/i0.wp.com\/www.funktionsmodellbau.ch\/content\/wp-content\/uploads\/2019\/03\/yt_teaser_grossaffoltern_2019.jpg?resize=678%2C382&#038;ssl=1\" alt=\"TEASER\" width=\"678\" height=\"382\" srcset=\"https:\/\/i0.wp.com\/www.funktionsmodellbau.ch\/content\/wp-content\/uploads\/2019\/03\/yt_teaser_grossaffoltern_2019.jpg?w=3264&amp;ssl=1 3264w, https:\/\/i0.wp.com\/www.funktionsmodellbau.ch\/content\/wp-content\/uploads\/2019\/03\/yt_teaser_grossaffoltern_2019.jpg?resize=300%2C169&amp;ssl=1 300w, https:\/\/i0.wp.com\/www.funktionsmodellbau.ch\/content\/wp-content\/uploads\/2019\/03\/yt_teaser_grossaffoltern_2019.jpg?resize=768%2C433&amp;ssl=1 768w, https:\/\/i0.wp.com\/www.funktionsmodellbau.ch\/content\/wp-content\/uploads\/2019\/03\/yt_teaser_grossaffoltern_2019.jpg?resize=1024%2C577&amp;ssl=1 1024w, https:\/\/i0.wp.com\/www.funktionsmodellbau.ch\/content\/wp-content\/uploads\/2019\/03\/yt_teaser_grossaffoltern_2019.jpg?resize=640%2C361&amp;ssl=1 640w, https:\/\/i0.wp.com\/www.funktionsmodellbau.ch\/content\/wp-content\/uploads\/2019\/03\/yt_teaser_grossaffoltern_2019.jpg?w=1356&amp;ssl=1 1356w, https:\/\/i0.wp.com\/www.funktionsmodellbau.ch\/content\/wp-content\/uploads\/2019\/03\/yt_teaser_grossaffoltern_2019.jpg?w=2034&amp;ssl=1 2034w\" sizes=\"(max-width: 678px) 100vw, 678px\" \/><\/a><\/p>\n<p>In Grossaffoltern im Kanton Bern organisiert Roger H\u00fcgli mit seinem Team bereits zum dritten Mal das tolle RC-Modelltrucktreffen. Gerne nehme ich am Samstag 9. M\u00e4rz 2019 daf\u00fcr die 1 1\/2 Stunden Fahrt in Kauf.<\/p>\n<p><a href=\"https:\/\/i0.wp.com\/www.funktionsmodellbau.ch\/content\/wp-content\/uploads\/2019\/03\/P1340050-Pano.jpg?ssl=1\"><img data-recalc-dims=\"1\" loading=\"lazy\" decoding=\"async\" data-attachment-id=\"9447\" data-permalink=\"https:\/\/www.funktionsmodellbau.ch\/content\/rc-truck-event-in-grossaffoltern-be-ch-2019\/p1340050-pano\/\" data-orig-file=\"https:\/\/i0.wp.com\/www.funktionsmodellbau.ch\/content\/wp-content\/uploads\/2019\/03\/P1340050-Pano.jpg?fit=2048%2C652&amp;ssl=1\" data-orig-size=\"2048,652\" data-comments-opened=\"1\" data-image-meta=\"{&quot;aperture&quot;:&quot;3.5&quot;,&quot;credit&quot;:&quot;Fabian H\\u00fcsser&quot;,&quot;camera&quot;:&quot;DMC-GX8&quot;,&quot;caption&quot;:&quot;&quot;,&quot;created_timestamp&quot;:&quot;1552134466&quot;,&quot;copyright&quot;:&quot;Fabian H\\u00fcsser&quot;,&quot;focal_length&quot;:&quot;14&quot;,&quot;iso&quot;:&quot;250&quot;,&quot;shutter_speed&quot;:&quot;0.016666666666667&quot;,&quot;title&quot;:&quot;&quot;,&quot;orientation&quot;:&quot;1&quot;}\" data-image-title=\"P1340050-Pano\" data-image-description=\"\" data-image-caption=\"\" data-medium-file=\"https:\/\/i0.wp.com\/www.funktionsmodellbau.ch\/content\/wp-content\/uploads\/2019\/03\/P1340050-Pano.jpg?fit=300%2C96&amp;ssl=1\" data-large-file=\"https:\/\/i0.wp.com\/www.funktionsmodellbau.ch\/content\/wp-content\/uploads\/2019\/03\/P1340050-Pano.jpg?fit=678%2C216&amp;ssl=1\" class=\"alignnone size-full wp-image-9447\" src=\"https:\/\/i0.wp.com\/www.funktionsmodellbau.ch\/content\/wp-content\/uploads\/2019\/03\/P1340050-Pano.jpg?resize=678%2C216&#038;ssl=1\" alt=\"RC Truck Event in Grossaffoltern 2019\" width=\"678\" height=\"216\" srcset=\"https:\/\/i0.wp.com\/www.funktionsmodellbau.ch\/content\/wp-content\/uploads\/2019\/03\/P1340050-Pano.jpg?w=2048&amp;ssl=1 2048w, https:\/\/i0.wp.com\/www.funktionsmodellbau.ch\/content\/wp-content\/uploads\/2019\/03\/P1340050-Pano.jpg?resize=300%2C96&amp;ssl=1 300w, https:\/\/i0.wp.com\/www.funktionsmodellbau.ch\/content\/wp-content\/uploads\/2019\/03\/P1340050-Pano.jpg?resize=768%2C245&amp;ssl=1 768w, https:\/\/i0.wp.com\/www.funktionsmodellbau.ch\/content\/wp-content\/uploads\/2019\/03\/P1340050-Pano.jpg?resize=1024%2C326&amp;ssl=1 1024w, https:\/\/i0.wp.com\/www.funktionsmodellbau.ch\/content\/wp-content\/uploads\/2019\/03\/P1340050-Pano.jpg?resize=640%2C204&amp;ssl=1 640w, https:\/\/i0.wp.com\/www.funktionsmodellbau.ch\/content\/wp-content\/uploads\/2019\/03\/P1340050-Pano.jpg?w=1356&amp;ssl=1 1356w\" sizes=\"(max-width: 678px) 100vw, 678px\" \/><\/a><\/p>\n<p><!--more--><\/p>\n<p>Diesmal war ich nur mit Kameras und ohne Fahrzeuge angereist. Der Anlass war schon wie die letzten Male top organisiert! Vielen Dank daf\u00fcr.<br \/>\nZum ersten Mal lichtete ich auch ein paar Originale Trucks ab.<\/p>\n<div class=\"tiled-gallery type-rectangular tiled-gallery-unresized\" data-original-width=\"678\" data-carousel-extra='{&quot;blog_id&quot;:1,&quot;permalink&quot;:&quot;https:\\\/\\\/www.funktionsmodellbau.ch\\\/content\\\/rc-truck-event-in-grossaffoltern-be-ch-2019\\\/&quot;,&quot;likes_blog_id&quot;:29068213}' itemscope itemtype=\"http:\/\/schema.org\/ImageGallery\" > <div class=\"gallery-row\" style=\"width: 678px; height: 568px;\" data-original-width=\"678\" data-original-height=\"568\" > <div class=\"gallery-group images-3\" style=\"width: 251px; height: 568px;\" data-original-width=\"251\" data-original-height=\"568\" > <div class=\"tiled-gallery-item tiled-gallery-item-small\" itemprop=\"associatedMedia\" itemscope itemtype=\"http:\/\/schema.org\/ImageObject\"> <a href=\"https:\/\/www.funktionsmodellbau.ch\/content\/rc-truck-event-in-grossaffoltern-be-ch-2019\/p1340013\/\" border=\"0\" itemprop=\"url\"> <meta itemprop=\"width\" content=\"247\"> <meta itemprop=\"height\" content=\"186\"> <img decoding=\"async\" class=\"\" data-attachment-id=\"9432\" data-orig-file=\"https:\/\/www.funktionsmodellbau.ch\/content\/wp-content\/uploads\/2019\/03\/P1340013.jpg\" data-orig-size=\"2048,1536\" data-comments-opened=\"1\" data-image-meta=\"{&quot;aperture&quot;:&quot;6.3&quot;,&quot;credit&quot;:&quot;Fabian H\\u00fcsser&quot;,&quot;camera&quot;:&quot;DMC-GX8&quot;,&quot;caption&quot;:&quot;&quot;,&quot;created_timestamp&quot;:&quot;1552129728&quot;,&quot;copyright&quot;:&quot;Fabian H\\u00fcsser&quot;,&quot;focal_length&quot;:&quot;19&quot;,&quot;iso&quot;:&quot;200&quot;,&quot;shutter_speed&quot;:&quot;0.004&quot;,&quot;title&quot;:&quot;&quot;,&quot;orientation&quot;:&quot;1&quot;}\" data-image-title=\"P1340013\" data-image-description=\"\" data-medium-file=\"https:\/\/i0.wp.com\/www.funktionsmodellbau.ch\/content\/wp-content\/uploads\/2019\/03\/P1340013.jpg?fit=300%2C225&#038;ssl=1\" data-large-file=\"https:\/\/i0.wp.com\/www.funktionsmodellbau.ch\/content\/wp-content\/uploads\/2019\/03\/P1340013.jpg?fit=678%2C509&#038;ssl=1\" src=\"https:\/\/i0.wp.com\/www.funktionsmodellbau.ch\/content\/wp-content\/uploads\/2019\/03\/P1340013.jpg?w=247&#038;h=186&#038;ssl=1\" srcset=\"https:\/\/i0.wp.com\/www.funktionsmodellbau.ch\/content\/wp-content\/uploads\/2019\/03\/P1340013.jpg?w=2048&amp;ssl=1 2048w, https:\/\/i0.wp.com\/www.funktionsmodellbau.ch\/content\/wp-content\/uploads\/2019\/03\/P1340013.jpg?resize=300%2C225&amp;ssl=1 300w, https:\/\/i0.wp.com\/www.funktionsmodellbau.ch\/content\/wp-content\/uploads\/2019\/03\/P1340013.jpg?resize=768%2C576&amp;ssl=1 768w, https:\/\/i0.wp.com\/www.funktionsmodellbau.ch\/content\/wp-content\/uploads\/2019\/03\/P1340013.jpg?resize=1024%2C768&amp;ssl=1 1024w, https:\/\/i0.wp.com\/www.funktionsmodellbau.ch\/content\/wp-content\/uploads\/2019\/03\/P1340013.jpg?resize=640%2C480&amp;ssl=1 640w, https:\/\/i0.wp.com\/www.funktionsmodellbau.ch\/content\/wp-content\/uploads\/2019\/03\/P1340013.jpg?w=1356&amp;ssl=1 1356w\" width=\"247\" height=\"186\" loading=\"lazy\" data-original-width=\"247\" data-original-height=\"186\" itemprop=\"http:\/\/schema.org\/image\" title=\"P1340013\" alt=\"P1340013\" style=\"width: 247px; height: 186px;\" \/> <\/a> <\/div> <div class=\"tiled-gallery-item tiled-gallery-item-small\" itemprop=\"associatedMedia\" itemscope itemtype=\"http:\/\/schema.org\/ImageObject\"> <a href=\"https:\/\/www.funktionsmodellbau.ch\/content\/rc-truck-event-in-grossaffoltern-be-ch-2019\/p1340017\/\" border=\"0\" itemprop=\"url\"> <meta itemprop=\"width\" content=\"247\"> <meta itemprop=\"height\" content=\"185\"> <img decoding=\"async\" class=\"\" data-attachment-id=\"9434\" data-orig-file=\"https:\/\/www.funktionsmodellbau.ch\/content\/wp-content\/uploads\/2019\/03\/P1340017.jpg\" data-orig-size=\"2048,1536\" data-comments-opened=\"1\" data-image-meta=\"{&quot;aperture&quot;:&quot;6.3&quot;,&quot;credit&quot;:&quot;Fabian H\\u00fcsser&quot;,&quot;camera&quot;:&quot;DMC-GX8&quot;,&quot;caption&quot;:&quot;&quot;,&quot;created_timestamp&quot;:&quot;1552129832&quot;,&quot;copyright&quot;:&quot;Fabian H\\u00fcsser&quot;,&quot;focal_length&quot;:&quot;30&quot;,&quot;iso&quot;:&quot;200&quot;,&quot;shutter_speed&quot;:&quot;0.005&quot;,&quot;title&quot;:&quot;&quot;,&quot;orientation&quot;:&quot;1&quot;}\" data-image-title=\"P1340017\" data-image-description=\"\" data-medium-file=\"https:\/\/i0.wp.com\/www.funktionsmodellbau.ch\/content\/wp-content\/uploads\/2019\/03\/P1340017.jpg?fit=300%2C225&#038;ssl=1\" data-large-file=\"https:\/\/i0.wp.com\/www.funktionsmodellbau.ch\/content\/wp-content\/uploads\/2019\/03\/P1340017.jpg?fit=678%2C509&#038;ssl=1\" src=\"https:\/\/i0.wp.com\/www.funktionsmodellbau.ch\/content\/wp-content\/uploads\/2019\/03\/P1340017.jpg?w=247&#038;h=185&#038;ssl=1\" srcset=\"https:\/\/i0.wp.com\/www.funktionsmodellbau.ch\/content\/wp-content\/uploads\/2019\/03\/P1340017.jpg?w=2048&amp;ssl=1 2048w, https:\/\/i0.wp.com\/www.funktionsmodellbau.ch\/content\/wp-content\/uploads\/2019\/03\/P1340017.jpg?resize=300%2C225&amp;ssl=1 300w, https:\/\/i0.wp.com\/www.funktionsmodellbau.ch\/content\/wp-content\/uploads\/2019\/03\/P1340017.jpg?resize=768%2C576&amp;ssl=1 768w, https:\/\/i0.wp.com\/www.funktionsmodellbau.ch\/content\/wp-content\/uploads\/2019\/03\/P1340017.jpg?resize=1024%2C768&amp;ssl=1 1024w, https:\/\/i0.wp.com\/www.funktionsmodellbau.ch\/content\/wp-content\/uploads\/2019\/03\/P1340017.jpg?resize=640%2C480&amp;ssl=1 640w, https:\/\/i0.wp.com\/www.funktionsmodellbau.ch\/content\/wp-content\/uploads\/2019\/03\/P1340017.jpg?w=1356&amp;ssl=1 1356w\" width=\"247\" height=\"185\" loading=\"lazy\" data-original-width=\"247\" data-original-height=\"185\" itemprop=\"http:\/\/schema.org\/image\" title=\"P1340017\" alt=\"P1340017\" style=\"width: 247px; height: 185px;\" \/> <\/a> <\/div> <div class=\"tiled-gallery-item tiled-gallery-item-small\" itemprop=\"associatedMedia\" itemscope itemtype=\"http:\/\/schema.org\/ImageObject\"> <a href=\"https:\/\/www.funktionsmodellbau.ch\/content\/rc-truck-event-in-grossaffoltern-be-ch-2019\/p1340015\/\" border=\"0\" itemprop=\"url\"> <meta itemprop=\"width\" content=\"247\"> <meta itemprop=\"height\" content=\"185\"> <img decoding=\"async\" class=\"\" data-attachment-id=\"9433\" data-orig-file=\"https:\/\/www.funktionsmodellbau.ch\/content\/wp-content\/uploads\/2019\/03\/P1340015.jpg\" data-orig-size=\"2048,1536\" data-comments-opened=\"1\" data-image-meta=\"{&quot;aperture&quot;:&quot;6.3&quot;,&quot;credit&quot;:&quot;Fabian H\\u00fcsser&quot;,&quot;camera&quot;:&quot;DMC-GX8&quot;,&quot;caption&quot;:&quot;&quot;,&quot;created_timestamp&quot;:&quot;1552129828&quot;,&quot;copyright&quot;:&quot;Fabian H\\u00fcsser&quot;,&quot;focal_length&quot;:&quot;24&quot;,&quot;iso&quot;:&quot;200&quot;,&quot;shutter_speed&quot;:&quot;0.005&quot;,&quot;title&quot;:&quot;&quot;,&quot;orientation&quot;:&quot;1&quot;}\" data-image-title=\"P1340015\" data-image-description=\"\" data-medium-file=\"https:\/\/i0.wp.com\/www.funktionsmodellbau.ch\/content\/wp-content\/uploads\/2019\/03\/P1340015.jpg?fit=300%2C225&#038;ssl=1\" data-large-file=\"https:\/\/i0.wp.com\/www.funktionsmodellbau.ch\/content\/wp-content\/uploads\/2019\/03\/P1340015.jpg?fit=678%2C509&#038;ssl=1\" src=\"https:\/\/i0.wp.com\/www.funktionsmodellbau.ch\/content\/wp-content\/uploads\/2019\/03\/P1340015.jpg?w=247&#038;h=185&#038;ssl=1\" srcset=\"https:\/\/i0.wp.com\/www.funktionsmodellbau.ch\/content\/wp-content\/uploads\/2019\/03\/P1340015.jpg?w=2048&amp;ssl=1 2048w, https:\/\/i0.wp.com\/www.funktionsmodellbau.ch\/content\/wp-content\/uploads\/2019\/03\/P1340015.jpg?resize=300%2C225&amp;ssl=1 300w, https:\/\/i0.wp.com\/www.funktionsmodellbau.ch\/content\/wp-content\/uploads\/2019\/03\/P1340015.jpg?resize=768%2C576&amp;ssl=1 768w, https:\/\/i0.wp.com\/www.funktionsmodellbau.ch\/content\/wp-content\/uploads\/2019\/03\/P1340015.jpg?resize=1024%2C768&amp;ssl=1 1024w, https:\/\/i0.wp.com\/www.funktionsmodellbau.ch\/content\/wp-content\/uploads\/2019\/03\/P1340015.jpg?resize=640%2C480&amp;ssl=1 640w, https:\/\/i0.wp.com\/www.funktionsmodellbau.ch\/content\/wp-content\/uploads\/2019\/03\/P1340015.jpg?w=1356&amp;ssl=1 1356w\" width=\"247\" height=\"185\" loading=\"lazy\" data-original-width=\"247\" data-original-height=\"185\" itemprop=\"http:\/\/schema.org\/image\" title=\"P1340015\" alt=\"P1340015\" style=\"width: 247px; height: 185px;\" \/> <\/a> <\/div> <\/div> <!-- close group --> <div class=\"gallery-group images-1\" style=\"width: 427px; height: 568px;\" data-original-width=\"427\" data-original-height=\"568\" > <div class=\"tiled-gallery-item tiled-gallery-item-large\" itemprop=\"associatedMedia\" itemscope itemtype=\"http:\/\/schema.org\/ImageObject\"> <a href=\"https:\/\/www.funktionsmodellbau.ch\/content\/rc-truck-event-in-grossaffoltern-be-ch-2019\/p1340022\/\" border=\"0\" itemprop=\"url\"> <meta itemprop=\"width\" content=\"423\"> <meta itemprop=\"height\" content=\"564\"> <img decoding=\"async\" class=\"\" data-attachment-id=\"9436\" data-orig-file=\"https:\/\/www.funktionsmodellbau.ch\/content\/wp-content\/uploads\/2019\/03\/P1340022.jpg\" data-orig-size=\"2048,2731\" data-comments-opened=\"1\" data-image-meta=\"{&quot;aperture&quot;:&quot;6.3&quot;,&quot;credit&quot;:&quot;Fabian H\\u00fcsser&quot;,&quot;camera&quot;:&quot;DMC-GX8&quot;,&quot;caption&quot;:&quot;&quot;,&quot;created_timestamp&quot;:&quot;1552129865&quot;,&quot;copyright&quot;:&quot;Fabian H\\u00fcsser&quot;,&quot;focal_length&quot;:&quot;37&quot;,&quot;iso&quot;:&quot;200&quot;,&quot;shutter_speed&quot;:&quot;0.005&quot;,&quot;title&quot;:&quot;&quot;,&quot;orientation&quot;:&quot;1&quot;}\" data-image-title=\"P1340022\" data-image-description=\"\" data-medium-file=\"https:\/\/i0.wp.com\/www.funktionsmodellbau.ch\/content\/wp-content\/uploads\/2019\/03\/P1340022.jpg?fit=225%2C300&#038;ssl=1\" data-large-file=\"https:\/\/i0.wp.com\/www.funktionsmodellbau.ch\/content\/wp-content\/uploads\/2019\/03\/P1340022.jpg?fit=678%2C904&#038;ssl=1\" src=\"https:\/\/i0.wp.com\/www.funktionsmodellbau.ch\/content\/wp-content\/uploads\/2019\/03\/P1340022.jpg?w=423&#038;h=564&#038;ssl=1\" srcset=\"https:\/\/i0.wp.com\/www.funktionsmodellbau.ch\/content\/wp-content\/uploads\/2019\/03\/P1340022.jpg?w=2048&amp;ssl=1 2048w, https:\/\/i0.wp.com\/www.funktionsmodellbau.ch\/content\/wp-content\/uploads\/2019\/03\/P1340022.jpg?resize=225%2C300&amp;ssl=1 225w, https:\/\/i0.wp.com\/www.funktionsmodellbau.ch\/content\/wp-content\/uploads\/2019\/03\/P1340022.jpg?resize=768%2C1024&amp;ssl=1 768w, https:\/\/i0.wp.com\/www.funktionsmodellbau.ch\/content\/wp-content\/uploads\/2019\/03\/P1340022.jpg?resize=640%2C853&amp;ssl=1 640w, https:\/\/i0.wp.com\/www.funktionsmodellbau.ch\/content\/wp-content\/uploads\/2019\/03\/P1340022.jpg?w=1356&amp;ssl=1 1356w\" width=\"423\" height=\"564\" loading=\"lazy\" data-original-width=\"423\" data-original-height=\"564\" itemprop=\"http:\/\/schema.org\/image\" title=\"P1340022\" alt=\"P1340022\" style=\"width: 423px; height: 564px;\" \/> <\/a> <\/div> <\/div> <!-- close group --> <\/div> <!-- close row --> <div class=\"gallery-row\" style=\"width: 678px; height: 451px;\" data-original-width=\"678\" data-original-height=\"451\" > <div class=\"gallery-group images-1\" style=\"width: 339px; height: 451px;\" data-original-width=\"339\" data-original-height=\"451\" > <div class=\"tiled-gallery-item tiled-gallery-item-large\" itemprop=\"associatedMedia\" itemscope itemtype=\"http:\/\/schema.org\/ImageObject\"> <a href=\"https:\/\/www.funktionsmodellbau.ch\/content\/rc-truck-event-in-grossaffoltern-be-ch-2019\/p1340019\/\" border=\"0\" itemprop=\"url\"> <meta itemprop=\"width\" content=\"335\"> <meta itemprop=\"height\" content=\"447\"> <img decoding=\"async\" class=\"\" data-attachment-id=\"9435\" data-orig-file=\"https:\/\/www.funktionsmodellbau.ch\/content\/wp-content\/uploads\/2019\/03\/P1340019.jpg\" data-orig-size=\"2048,2731\" data-comments-opened=\"1\" data-image-meta=\"{&quot;aperture&quot;:&quot;6.3&quot;,&quot;credit&quot;:&quot;Fabian H\\u00fcsser&quot;,&quot;camera&quot;:&quot;DMC-GX8&quot;,&quot;caption&quot;:&quot;&quot;,&quot;created_timestamp&quot;:&quot;1552129840&quot;,&quot;copyright&quot;:&quot;Fabian H\\u00fcsser&quot;,&quot;focal_length&quot;:&quot;37&quot;,&quot;iso&quot;:&quot;200&quot;,&quot;shutter_speed&quot;:&quot;0.005&quot;,&quot;title&quot;:&quot;&quot;,&quot;orientation&quot;:&quot;1&quot;}\" data-image-title=\"P1340019\" data-image-description=\"\" data-medium-file=\"https:\/\/i0.wp.com\/www.funktionsmodellbau.ch\/content\/wp-content\/uploads\/2019\/03\/P1340019.jpg?fit=225%2C300&#038;ssl=1\" data-large-file=\"https:\/\/i0.wp.com\/www.funktionsmodellbau.ch\/content\/wp-content\/uploads\/2019\/03\/P1340019.jpg?fit=678%2C904&#038;ssl=1\" src=\"https:\/\/i0.wp.com\/www.funktionsmodellbau.ch\/content\/wp-content\/uploads\/2019\/03\/P1340019.jpg?w=335&#038;h=447&#038;ssl=1\" srcset=\"https:\/\/i0.wp.com\/www.funktionsmodellbau.ch\/content\/wp-content\/uploads\/2019\/03\/P1340019.jpg?w=2048&amp;ssl=1 2048w, https:\/\/i0.wp.com\/www.funktionsmodellbau.ch\/content\/wp-content\/uploads\/2019\/03\/P1340019.jpg?resize=225%2C300&amp;ssl=1 225w, https:\/\/i0.wp.com\/www.funktionsmodellbau.ch\/content\/wp-content\/uploads\/2019\/03\/P1340019.jpg?resize=768%2C1024&amp;ssl=1 768w, https:\/\/i0.wp.com\/www.funktionsmodellbau.ch\/content\/wp-content\/uploads\/2019\/03\/P1340019.jpg?resize=640%2C853&amp;ssl=1 640w, https:\/\/i0.wp.com\/www.funktionsmodellbau.ch\/content\/wp-content\/uploads\/2019\/03\/P1340019.jpg?w=1356&amp;ssl=1 1356w\" width=\"335\" height=\"447\" loading=\"lazy\" data-original-width=\"335\" data-original-height=\"447\" itemprop=\"http:\/\/schema.org\/image\" title=\"P1340019\" alt=\"P1340019\" style=\"width: 335px; height: 447px;\" \/> <\/a> <\/div> <\/div> <!-- close group --> <div class=\"gallery-group images-1\" style=\"width: 339px; height: 451px;\" data-original-width=\"339\" data-original-height=\"451\" > <div class=\"tiled-gallery-item tiled-gallery-item-large\" itemprop=\"associatedMedia\" itemscope itemtype=\"http:\/\/schema.org\/ImageObject\"> <a href=\"https:\/\/www.funktionsmodellbau.ch\/content\/rc-truck-event-in-grossaffoltern-be-ch-2019\/p1340023\/\" border=\"0\" itemprop=\"url\"> <meta itemprop=\"width\" content=\"335\"> <meta itemprop=\"height\" content=\"447\"> <img decoding=\"async\" class=\"\" data-attachment-id=\"9437\" data-orig-file=\"https:\/\/www.funktionsmodellbau.ch\/content\/wp-content\/uploads\/2019\/03\/P1340023.jpg\" data-orig-size=\"2048,2731\" data-comments-opened=\"1\" data-image-meta=\"{&quot;aperture&quot;:&quot;6.3&quot;,&quot;credit&quot;:&quot;Fabian H\\u00fcsser&quot;,&quot;camera&quot;:&quot;DMC-GX8&quot;,&quot;caption&quot;:&quot;&quot;,&quot;created_timestamp&quot;:&quot;1552129877&quot;,&quot;copyright&quot;:&quot;Fabian H\\u00fcsser&quot;,&quot;focal_length&quot;:&quot;19&quot;,&quot;iso&quot;:&quot;200&quot;,&quot;shutter_speed&quot;:&quot;0.004&quot;,&quot;title&quot;:&quot;&quot;,&quot;orientation&quot;:&quot;1&quot;}\" data-image-title=\"P1340023\" data-image-description=\"\" data-medium-file=\"https:\/\/i0.wp.com\/www.funktionsmodellbau.ch\/content\/wp-content\/uploads\/2019\/03\/P1340023.jpg?fit=225%2C300&#038;ssl=1\" data-large-file=\"https:\/\/i0.wp.com\/www.funktionsmodellbau.ch\/content\/wp-content\/uploads\/2019\/03\/P1340023.jpg?fit=678%2C904&#038;ssl=1\" src=\"https:\/\/i0.wp.com\/www.funktionsmodellbau.ch\/content\/wp-content\/uploads\/2019\/03\/P1340023.jpg?w=335&#038;h=447&#038;ssl=1\" srcset=\"https:\/\/i0.wp.com\/www.funktionsmodellbau.ch\/content\/wp-content\/uploads\/2019\/03\/P1340023.jpg?w=2048&amp;ssl=1 2048w, https:\/\/i0.wp.com\/www.funktionsmodellbau.ch\/content\/wp-content\/uploads\/2019\/03\/P1340023.jpg?resize=225%2C300&amp;ssl=1 225w, https:\/\/i0.wp.com\/www.funktionsmodellbau.ch\/content\/wp-content\/uploads\/2019\/03\/P1340023.jpg?resize=768%2C1024&amp;ssl=1 768w, https:\/\/i0.wp.com\/www.funktionsmodellbau.ch\/content\/wp-content\/uploads\/2019\/03\/P1340023.jpg?resize=640%2C853&amp;ssl=1 640w, https:\/\/i0.wp.com\/www.funktionsmodellbau.ch\/content\/wp-content\/uploads\/2019\/03\/P1340023.jpg?w=1356&amp;ssl=1 1356w\" width=\"335\" height=\"447\" loading=\"lazy\" data-original-width=\"335\" data-original-height=\"447\" itemprop=\"http:\/\/schema.org\/image\" title=\"P1340023\" alt=\"P1340023\" style=\"width: 335px; height: 447px;\" \/> <\/a> <\/div> <\/div> <!-- close group --> <\/div> <!-- close row --> <\/div>\n<p>Zeitweise hatte etwas viele Fahrer mit 15 cm langen Kabelsteuerung auf dem Parcours. Dies ist den Organisatoren bereits bekannt. Vielleicht sollten wir mal alle \u00fcben, mal mit etwas Abstand zum Fahrzeug durch die Kurven zu steuern.<\/p>\n<div class=\"tiled-gallery type-rectangular tiled-gallery-unresized\" data-original-width=\"678\" data-carousel-extra='{&quot;blog_id&quot;:1,&quot;permalink&quot;:&quot;https:\\\/\\\/www.funktionsmodellbau.ch\\\/content\\\/rc-truck-event-in-grossaffoltern-be-ch-2019\\\/&quot;,&quot;likes_blog_id&quot;:29068213}' itemscope itemtype=\"http:\/\/schema.org\/ImageGallery\" > <div class=\"gallery-row\" style=\"width: 678px; height: 300px;\" data-original-width=\"678\" data-original-height=\"300\" > <div class=\"gallery-group images-1\" style=\"width: 226px; height: 300px;\" data-original-width=\"226\" data-original-height=\"300\" > <div class=\"tiled-gallery-item tiled-gallery-item-small\" itemprop=\"associatedMedia\" itemscope itemtype=\"http:\/\/schema.org\/ImageObject\"> <a href=\"https:\/\/www.funktionsmodellbau.ch\/content\/rc-truck-event-in-grossaffoltern-be-ch-2019\/2019-03-09_13-19-320100\/\" border=\"0\" itemprop=\"url\"> <meta itemprop=\"width\" content=\"222\"> <meta itemprop=\"height\" content=\"296\"> <img decoding=\"async\" class=\"\" data-attachment-id=\"9414\" data-orig-file=\"https:\/\/www.funktionsmodellbau.ch\/content\/wp-content\/uploads\/2019\/03\/2019-03-09_13-19-320100.jpg\" data-orig-size=\"1985,2646\" data-comments-opened=\"1\" data-image-meta=\"{&quot;aperture&quot;:&quot;1.8&quot;,&quot;credit&quot;:&quot;Fabian H\\u00fcsser&quot;,&quot;camera&quot;:&quot;iPhone 8 Plus&quot;,&quot;caption&quot;:&quot;&quot;,&quot;created_timestamp&quot;:&quot;1552137572&quot;,&quot;copyright&quot;:&quot;Fabian H\\u00fcsser&quot;,&quot;focal_length&quot;:&quot;3.99&quot;,&quot;iso&quot;:&quot;32&quot;,&quot;shutter_speed&quot;:&quot;0.05&quot;,&quot;title&quot;:&quot;&quot;,&quot;orientation&quot;:&quot;1&quot;}\" data-image-title=\"2019-03-09_13-19-32+0100\" data-image-description=\"\" data-medium-file=\"https:\/\/i0.wp.com\/www.funktionsmodellbau.ch\/content\/wp-content\/uploads\/2019\/03\/2019-03-09_13-19-320100.jpg?fit=225%2C300&#038;ssl=1\" data-large-file=\"https:\/\/i0.wp.com\/www.funktionsmodellbau.ch\/content\/wp-content\/uploads\/2019\/03\/2019-03-09_13-19-320100.jpg?fit=678%2C904&#038;ssl=1\" src=\"https:\/\/i0.wp.com\/www.funktionsmodellbau.ch\/content\/wp-content\/uploads\/2019\/03\/2019-03-09_13-19-320100.jpg?w=222&#038;h=296&#038;ssl=1\" srcset=\"https:\/\/i0.wp.com\/www.funktionsmodellbau.ch\/content\/wp-content\/uploads\/2019\/03\/2019-03-09_13-19-320100.jpg?w=1985&amp;ssl=1 1985w, https:\/\/i0.wp.com\/www.funktionsmodellbau.ch\/content\/wp-content\/uploads\/2019\/03\/2019-03-09_13-19-320100.jpg?resize=225%2C300&amp;ssl=1 225w, https:\/\/i0.wp.com\/www.funktionsmodellbau.ch\/content\/wp-content\/uploads\/2019\/03\/2019-03-09_13-19-320100.jpg?resize=768%2C1024&amp;ssl=1 768w, https:\/\/i0.wp.com\/www.funktionsmodellbau.ch\/content\/wp-content\/uploads\/2019\/03\/2019-03-09_13-19-320100.jpg?resize=640%2C853&amp;ssl=1 640w, https:\/\/i0.wp.com\/www.funktionsmodellbau.ch\/content\/wp-content\/uploads\/2019\/03\/2019-03-09_13-19-320100.jpg?w=1356&amp;ssl=1 1356w\" width=\"222\" height=\"296\" loading=\"lazy\" data-original-width=\"222\" data-original-height=\"296\" itemprop=\"http:\/\/schema.org\/image\" title=\"2019-03-09_13-19-32+0100\" alt=\"2019-03-09_13-19-32+0100\" style=\"width: 222px; height: 296px;\" \/> <\/a> <\/div> <\/div> <!-- close group --> <div class=\"gallery-group images-1\" style=\"width: 226px; height: 300px;\" data-original-width=\"226\" data-original-height=\"300\" > <div class=\"tiled-gallery-item tiled-gallery-item-small\" itemprop=\"associatedMedia\" itemscope itemtype=\"http:\/\/schema.org\/ImageObject\"> <a href=\"https:\/\/www.funktionsmodellbau.ch\/content\/rc-truck-event-in-grossaffoltern-be-ch-2019\/2019-03-09_14-26-350100\/\" border=\"0\" itemprop=\"url\"> <meta itemprop=\"width\" content=\"222\"> <meta itemprop=\"height\" content=\"296\"> <img decoding=\"async\" class=\"\" data-attachment-id=\"9416\" data-orig-file=\"https:\/\/www.funktionsmodellbau.ch\/content\/wp-content\/uploads\/2019\/03\/2019-03-09_14-26-350100.jpg\" data-orig-size=\"2048,2730\" data-comments-opened=\"1\" data-image-meta=\"{&quot;aperture&quot;:&quot;1.8&quot;,&quot;credit&quot;:&quot;Fabian H\\u00fcsser&quot;,&quot;camera&quot;:&quot;iPhone 8 Plus&quot;,&quot;caption&quot;:&quot;&quot;,&quot;created_timestamp&quot;:&quot;1552141595&quot;,&quot;copyright&quot;:&quot;Fabian H\\u00fcsser&quot;,&quot;focal_length&quot;:&quot;3.99&quot;,&quot;iso&quot;:&quot;80&quot;,&quot;shutter_speed&quot;:&quot;0.04&quot;,&quot;title&quot;:&quot;&quot;,&quot;orientation&quot;:&quot;1&quot;}\" data-image-title=\"2019-03-09_14-26-35+0100\" data-image-description=\"\" data-medium-file=\"https:\/\/i0.wp.com\/www.funktionsmodellbau.ch\/content\/wp-content\/uploads\/2019\/03\/2019-03-09_14-26-350100.jpg?fit=225%2C300&#038;ssl=1\" data-large-file=\"https:\/\/i0.wp.com\/www.funktionsmodellbau.ch\/content\/wp-content\/uploads\/2019\/03\/2019-03-09_14-26-350100.jpg?fit=678%2C904&#038;ssl=1\" src=\"https:\/\/i0.wp.com\/www.funktionsmodellbau.ch\/content\/wp-content\/uploads\/2019\/03\/2019-03-09_14-26-350100.jpg?w=222&#038;h=296&#038;ssl=1\" srcset=\"https:\/\/i0.wp.com\/www.funktionsmodellbau.ch\/content\/wp-content\/uploads\/2019\/03\/2019-03-09_14-26-350100.jpg?w=2048&amp;ssl=1 2048w, https:\/\/i0.wp.com\/www.funktionsmodellbau.ch\/content\/wp-content\/uploads\/2019\/03\/2019-03-09_14-26-350100.jpg?resize=225%2C300&amp;ssl=1 225w, https:\/\/i0.wp.com\/www.funktionsmodellbau.ch\/content\/wp-content\/uploads\/2019\/03\/2019-03-09_14-26-350100.jpg?resize=768%2C1024&amp;ssl=1 768w, https:\/\/i0.wp.com\/www.funktionsmodellbau.ch\/content\/wp-content\/uploads\/2019\/03\/2019-03-09_14-26-350100.jpg?resize=640%2C853&amp;ssl=1 640w, https:\/\/i0.wp.com\/www.funktionsmodellbau.ch\/content\/wp-content\/uploads\/2019\/03\/2019-03-09_14-26-350100.jpg?w=1356&amp;ssl=1 1356w\" width=\"222\" height=\"296\" loading=\"lazy\" data-original-width=\"222\" data-original-height=\"296\" itemprop=\"http:\/\/schema.org\/image\" title=\"2019-03-09_14-26-35+0100\" alt=\"2019-03-09_14-26-35+0100\" style=\"width: 222px; height: 296px;\" \/> <\/a> <\/div> <\/div> <!-- close group --> <div class=\"gallery-group images-1\" style=\"width: 226px; height: 300px;\" data-original-width=\"226\" data-original-height=\"300\" > <div class=\"tiled-gallery-item tiled-gallery-item-small\" itemprop=\"associatedMedia\" itemscope itemtype=\"http:\/\/schema.org\/ImageObject\"> <a href=\"https:\/\/www.funktionsmodellbau.ch\/content\/rc-truck-event-in-grossaffoltern-be-ch-2019\/2019-03-09_16-35-510100\/\" border=\"0\" itemprop=\"url\"> <meta itemprop=\"width\" content=\"222\"> <meta itemprop=\"height\" content=\"296\"> <img decoding=\"async\" class=\"\" data-attachment-id=\"9431\" data-orig-file=\"https:\/\/www.funktionsmodellbau.ch\/content\/wp-content\/uploads\/2019\/03\/2019-03-09_16-35-510100.jpg\" data-orig-size=\"2048,2730\" data-comments-opened=\"1\" data-image-meta=\"{&quot;aperture&quot;:&quot;1.8&quot;,&quot;credit&quot;:&quot;&quot;,&quot;camera&quot;:&quot;iPhone 8 Plus&quot;,&quot;caption&quot;:&quot;&quot;,&quot;created_timestamp&quot;:&quot;1552149351&quot;,&quot;copyright&quot;:&quot;fabian.h\\u00fcsser.ch&quot;,&quot;focal_length&quot;:&quot;3.99&quot;,&quot;iso&quot;:&quot;64&quot;,&quot;shutter_speed&quot;:&quot;0.05&quot;,&quot;title&quot;:&quot;&quot;,&quot;orientation&quot;:&quot;1&quot;}\" data-image-title=\"2019-03-09_16-35-51+0100\" data-image-description=\"\" data-medium-file=\"https:\/\/i0.wp.com\/www.funktionsmodellbau.ch\/content\/wp-content\/uploads\/2019\/03\/2019-03-09_16-35-510100.jpg?fit=225%2C300&#038;ssl=1\" data-large-file=\"https:\/\/i0.wp.com\/www.funktionsmodellbau.ch\/content\/wp-content\/uploads\/2019\/03\/2019-03-09_16-35-510100.jpg?fit=678%2C904&#038;ssl=1\" src=\"https:\/\/i0.wp.com\/www.funktionsmodellbau.ch\/content\/wp-content\/uploads\/2019\/03\/2019-03-09_16-35-510100.jpg?w=222&#038;h=296&#038;ssl=1\" srcset=\"https:\/\/i0.wp.com\/www.funktionsmodellbau.ch\/content\/wp-content\/uploads\/2019\/03\/2019-03-09_16-35-510100.jpg?w=2048&amp;ssl=1 2048w, https:\/\/i0.wp.com\/www.funktionsmodellbau.ch\/content\/wp-content\/uploads\/2019\/03\/2019-03-09_16-35-510100.jpg?resize=225%2C300&amp;ssl=1 225w, https:\/\/i0.wp.com\/www.funktionsmodellbau.ch\/content\/wp-content\/uploads\/2019\/03\/2019-03-09_16-35-510100.jpg?resize=768%2C1024&amp;ssl=1 768w, https:\/\/i0.wp.com\/www.funktionsmodellbau.ch\/content\/wp-content\/uploads\/2019\/03\/2019-03-09_16-35-510100.jpg?resize=640%2C853&amp;ssl=1 640w, https:\/\/i0.wp.com\/www.funktionsmodellbau.ch\/content\/wp-content\/uploads\/2019\/03\/2019-03-09_16-35-510100.jpg?w=1356&amp;ssl=1 1356w\" width=\"222\" height=\"296\" loading=\"lazy\" data-original-width=\"222\" data-original-height=\"296\" itemprop=\"http:\/\/schema.org\/image\" title=\"2019-03-09_16-35-51+0100\" alt=\"RC Truck Event in Grossaffoltern 2019\" style=\"width: 222px; height: 296px;\" \/> <\/a> <\/div> <\/div> <!-- close group --> <\/div> <!-- close row --> <\/div>\n<p>Die besten Szenen vom Samstag sind in dem &#8222;Best of&#8220; Video festgehalten. Nat\u00fcrlich aber auch die wundersch\u00f6nen Modelle in vielen Standbildern abgelichtet.<\/p>\n<p><iframe loading=\"lazy\" title=\"Best of RC Truck Event in Grossaffoltern, Switzerland - 2019\" width=\"678\" height=\"381\" src=\"https:\/\/www.youtube.com\/embed\/CQrSmePxglY?feature=oembed\" frameborder=\"0\" allow=\"accelerometer; autoplay; clipboard-write; encrypted-media; gyroscope; picture-in-picture\" allowfullscreen><\/iframe><\/p>\n<p><iframe loading=\"lazy\" title=\"RC Heavy Vehicle: LIEBHERR Mobile Cran - BIG Special Vehicle\" width=\"678\" height=\"381\" src=\"https:\/\/www.youtube.com\/embed\/3dXNg2QpfIM?feature=oembed\" frameborder=\"0\" allow=\"accelerometer; autoplay; clipboard-write; encrypted-media; gyroscope; picture-in-picture\" allowfullscreen><\/iframe><\/p>\n<div class=\"tiled-gallery type-rectangular tiled-gallery-unresized\" data-original-width=\"678\" data-carousel-extra='{&quot;blog_id&quot;:1,&quot;permalink&quot;:&quot;https:\\\/\\\/www.funktionsmodellbau.ch\\\/content\\\/rc-truck-event-in-grossaffoltern-be-ch-2019\\\/&quot;,&quot;likes_blog_id&quot;:29068213}' itemscope itemtype=\"http:\/\/schema.org\/ImageGallery\" > <div class=\"gallery-row\" style=\"width: 678px; height: 451px;\" data-original-width=\"678\" data-original-height=\"451\" > <div class=\"gallery-group images-1\" style=\"width: 339px; height: 451px;\" data-original-width=\"339\" data-original-height=\"451\" > <div class=\"tiled-gallery-item tiled-gallery-item-large\" itemprop=\"associatedMedia\" itemscope itemtype=\"http:\/\/schema.org\/ImageObject\"> <a href=\"https:\/\/www.funktionsmodellbau.ch\/content\/rc-truck-event-in-grossaffoltern-be-ch-2019\/2019-03-09_16-27-350100\/\" border=\"0\" itemprop=\"url\"> <meta itemprop=\"width\" content=\"335\"> <meta itemprop=\"height\" content=\"447\"> <img decoding=\"async\" class=\"\" data-attachment-id=\"9423\" data-orig-file=\"https:\/\/www.funktionsmodellbau.ch\/content\/wp-content\/uploads\/2019\/03\/2019-03-09_16-27-350100.jpg\" data-orig-size=\"2048,2730\" data-comments-opened=\"1\" data-image-meta=\"{&quot;aperture&quot;:&quot;1.8&quot;,&quot;credit&quot;:&quot;&quot;,&quot;camera&quot;:&quot;iPhone 8 Plus&quot;,&quot;caption&quot;:&quot;&quot;,&quot;created_timestamp&quot;:&quot;1552148855&quot;,&quot;copyright&quot;:&quot;fabian.h\\u00fcsser.ch&quot;,&quot;focal_length&quot;:&quot;3.99&quot;,&quot;iso&quot;:&quot;40&quot;,&quot;shutter_speed&quot;:&quot;0.0035714285714286&quot;,&quot;title&quot;:&quot;&quot;,&quot;orientation&quot;:&quot;1&quot;}\" data-image-title=\"2019-03-09_16-27-35+0100\" data-image-description=\"\" data-medium-file=\"https:\/\/i0.wp.com\/www.funktionsmodellbau.ch\/content\/wp-content\/uploads\/2019\/03\/2019-03-09_16-27-350100.jpg?fit=225%2C300&#038;ssl=1\" data-large-file=\"https:\/\/i0.wp.com\/www.funktionsmodellbau.ch\/content\/wp-content\/uploads\/2019\/03\/2019-03-09_16-27-350100.jpg?fit=678%2C904&#038;ssl=1\" src=\"https:\/\/i0.wp.com\/www.funktionsmodellbau.ch\/content\/wp-content\/uploads\/2019\/03\/2019-03-09_16-27-350100.jpg?w=335&#038;h=447&#038;ssl=1\" srcset=\"https:\/\/i0.wp.com\/www.funktionsmodellbau.ch\/content\/wp-content\/uploads\/2019\/03\/2019-03-09_16-27-350100.jpg?w=2048&amp;ssl=1 2048w, https:\/\/i0.wp.com\/www.funktionsmodellbau.ch\/content\/wp-content\/uploads\/2019\/03\/2019-03-09_16-27-350100.jpg?resize=225%2C300&amp;ssl=1 225w, https:\/\/i0.wp.com\/www.funktionsmodellbau.ch\/content\/wp-content\/uploads\/2019\/03\/2019-03-09_16-27-350100.jpg?resize=768%2C1024&amp;ssl=1 768w, https:\/\/i0.wp.com\/www.funktionsmodellbau.ch\/content\/wp-content\/uploads\/2019\/03\/2019-03-09_16-27-350100.jpg?resize=640%2C853&amp;ssl=1 640w, https:\/\/i0.wp.com\/www.funktionsmodellbau.ch\/content\/wp-content\/uploads\/2019\/03\/2019-03-09_16-27-350100.jpg?w=1356&amp;ssl=1 1356w\" width=\"335\" height=\"447\" loading=\"lazy\" data-original-width=\"335\" data-original-height=\"447\" itemprop=\"http:\/\/schema.org\/image\" title=\"2019-03-09_16-27-35+0100\" alt=\"RC Truck Event in Grossaffoltern 2019\" style=\"width: 335px; height: 447px;\" \/> <\/a> <\/div> <\/div> <!-- close group --> <div class=\"gallery-group images-1\" style=\"width: 339px; height: 451px;\" data-original-width=\"339\" data-original-height=\"451\" > <div class=\"tiled-gallery-item tiled-gallery-item-large\" itemprop=\"associatedMedia\" itemscope itemtype=\"http:\/\/schema.org\/ImageObject\"> <a href=\"https:\/\/www.funktionsmodellbau.ch\/content\/rc-truck-event-in-grossaffoltern-be-ch-2019\/2019-03-09_16-27-480100\/\" border=\"0\" itemprop=\"url\"> <meta itemprop=\"width\" content=\"335\"> <meta itemprop=\"height\" content=\"447\"> <img decoding=\"async\" class=\"\" data-attachment-id=\"9424\" data-orig-file=\"https:\/\/www.funktionsmodellbau.ch\/content\/wp-content\/uploads\/2019\/03\/2019-03-09_16-27-480100.jpg\" data-orig-size=\"2048,2730\" data-comments-opened=\"1\" data-image-meta=\"{&quot;aperture&quot;:&quot;1.8&quot;,&quot;credit&quot;:&quot;&quot;,&quot;camera&quot;:&quot;iPhone 8 Plus&quot;,&quot;caption&quot;:&quot;&quot;,&quot;created_timestamp&quot;:&quot;1552148868&quot;,&quot;copyright&quot;:&quot;fabian.h\\u00fcsser.ch&quot;,&quot;focal_length&quot;:&quot;3.99&quot;,&quot;iso&quot;:&quot;32&quot;,&quot;shutter_speed&quot;:&quot;0.05&quot;,&quot;title&quot;:&quot;&quot;,&quot;orientation&quot;:&quot;1&quot;}\" data-image-title=\"2019-03-09_16-27-48+0100\" data-image-description=\"\" data-medium-file=\"https:\/\/i0.wp.com\/www.funktionsmodellbau.ch\/content\/wp-content\/uploads\/2019\/03\/2019-03-09_16-27-480100.jpg?fit=225%2C300&#038;ssl=1\" data-large-file=\"https:\/\/i0.wp.com\/www.funktionsmodellbau.ch\/content\/wp-content\/uploads\/2019\/03\/2019-03-09_16-27-480100.jpg?fit=678%2C904&#038;ssl=1\" src=\"https:\/\/i0.wp.com\/www.funktionsmodellbau.ch\/content\/wp-content\/uploads\/2019\/03\/2019-03-09_16-27-480100.jpg?w=335&#038;h=447&#038;ssl=1\" srcset=\"https:\/\/i0.wp.com\/www.funktionsmodellbau.ch\/content\/wp-content\/uploads\/2019\/03\/2019-03-09_16-27-480100.jpg?w=2048&amp;ssl=1 2048w, https:\/\/i0.wp.com\/www.funktionsmodellbau.ch\/content\/wp-content\/uploads\/2019\/03\/2019-03-09_16-27-480100.jpg?resize=225%2C300&amp;ssl=1 225w, https:\/\/i0.wp.com\/www.funktionsmodellbau.ch\/content\/wp-content\/uploads\/2019\/03\/2019-03-09_16-27-480100.jpg?resize=768%2C1024&amp;ssl=1 768w, https:\/\/i0.wp.com\/www.funktionsmodellbau.ch\/content\/wp-content\/uploads\/2019\/03\/2019-03-09_16-27-480100.jpg?resize=640%2C853&amp;ssl=1 640w, https:\/\/i0.wp.com\/www.funktionsmodellbau.ch\/content\/wp-content\/uploads\/2019\/03\/2019-03-09_16-27-480100.jpg?w=1356&amp;ssl=1 1356w\" width=\"335\" height=\"447\" loading=\"lazy\" data-original-width=\"335\" data-original-height=\"447\" itemprop=\"http:\/\/schema.org\/image\" title=\"2019-03-09_16-27-48+0100\" alt=\"RC Truck Event in Grossaffoltern 2019\" style=\"width: 335px; height: 447px;\" \/> <\/a> <\/div> <\/div> <!-- close group --> <\/div> <!-- close row --> <div class=\"gallery-row\" style=\"width: 678px; height: 510px;\" data-original-width=\"678\" data-original-height=\"510\" > <div class=\"gallery-group images-1\" style=\"width: 678px; height: 510px;\" data-original-width=\"678\" data-original-height=\"510\" > <div class=\"tiled-gallery-item tiled-gallery-item-large\" itemprop=\"associatedMedia\" itemscope itemtype=\"http:\/\/schema.org\/ImageObject\"> <a href=\"https:\/\/www.funktionsmodellbau.ch\/content\/rc-truck-event-in-grossaffoltern-be-ch-2019\/p1340037\/\" border=\"0\" itemprop=\"url\"> <meta itemprop=\"width\" content=\"674\"> <meta itemprop=\"height\" content=\"506\"> <img decoding=\"async\" class=\"\" data-attachment-id=\"9444\" data-orig-file=\"https:\/\/www.funktionsmodellbau.ch\/content\/wp-content\/uploads\/2019\/03\/P1340037.jpg\" data-orig-size=\"2048,1536\" data-comments-opened=\"1\" data-image-meta=\"{&quot;aperture&quot;:&quot;4&quot;,&quot;credit&quot;:&quot;Fabian H\\u00fcsser&quot;,&quot;camera&quot;:&quot;DMC-GX8&quot;,&quot;caption&quot;:&quot;&quot;,&quot;created_timestamp&quot;:&quot;1552131068&quot;,&quot;copyright&quot;:&quot;Fabian H\\u00fcsser&quot;,&quot;focal_length&quot;:&quot;21&quot;,&quot;iso&quot;:&quot;200&quot;,&quot;shutter_speed&quot;:&quot;0.01&quot;,&quot;title&quot;:&quot;&quot;,&quot;orientation&quot;:&quot;1&quot;}\" data-image-title=\"P1340037\" data-image-description=\"\" data-medium-file=\"https:\/\/i0.wp.com\/www.funktionsmodellbau.ch\/content\/wp-content\/uploads\/2019\/03\/P1340037.jpg?fit=300%2C225&#038;ssl=1\" data-large-file=\"https:\/\/i0.wp.com\/www.funktionsmodellbau.ch\/content\/wp-content\/uploads\/2019\/03\/P1340037.jpg?fit=678%2C509&#038;ssl=1\" src=\"https:\/\/i0.wp.com\/www.funktionsmodellbau.ch\/content\/wp-content\/uploads\/2019\/03\/P1340037.jpg?w=674&#038;h=506&#038;ssl=1\" srcset=\"https:\/\/i0.wp.com\/www.funktionsmodellbau.ch\/content\/wp-content\/uploads\/2019\/03\/P1340037.jpg?w=2048&amp;ssl=1 2048w, https:\/\/i0.wp.com\/www.funktionsmodellbau.ch\/content\/wp-content\/uploads\/2019\/03\/P1340037.jpg?resize=300%2C225&amp;ssl=1 300w, https:\/\/i0.wp.com\/www.funktionsmodellbau.ch\/content\/wp-content\/uploads\/2019\/03\/P1340037.jpg?resize=768%2C576&amp;ssl=1 768w, https:\/\/i0.wp.com\/www.funktionsmodellbau.ch\/content\/wp-content\/uploads\/2019\/03\/P1340037.jpg?resize=1024%2C768&amp;ssl=1 1024w, https:\/\/i0.wp.com\/www.funktionsmodellbau.ch\/content\/wp-content\/uploads\/2019\/03\/P1340037.jpg?resize=640%2C480&amp;ssl=1 640w, https:\/\/i0.wp.com\/www.funktionsmodellbau.ch\/content\/wp-content\/uploads\/2019\/03\/P1340037.jpg?w=1356&amp;ssl=1 1356w\" width=\"674\" height=\"506\" loading=\"lazy\" data-original-width=\"674\" data-original-height=\"506\" itemprop=\"http:\/\/schema.org\/image\" title=\"P1340037\" alt=\"RC Truck Event in Grossaffoltern 2019\" style=\"width: 674px; height: 506px;\" \/> <\/a> <\/div> <\/div> <!-- close group --> <\/div> <!-- close row --> <\/div>\n<p>&nbsp;<\/p>\n<div class=\"tiled-gallery type-rectangular tiled-gallery-unresized\" data-original-width=\"678\" data-carousel-extra='{&quot;blog_id&quot;:1,&quot;permalink&quot;:&quot;https:\\\/\\\/www.funktionsmodellbau.ch\\\/content\\\/rc-truck-event-in-grossaffoltern-be-ch-2019\\\/&quot;,&quot;likes_blog_id&quot;:29068213}' itemscope itemtype=\"http:\/\/schema.org\/ImageGallery\" > <div class=\"gallery-row\" style=\"width: 678px; height: 479px;\" data-original-width=\"678\" data-original-height=\"479\" > <div class=\"gallery-group images-2\" style=\"width: 318px; height: 479px;\" data-original-width=\"318\" data-original-height=\"479\" > <div class=\"tiled-gallery-item tiled-gallery-item-large\" itemprop=\"associatedMedia\" itemscope itemtype=\"http:\/\/schema.org\/ImageObject\"> <a href=\"https:\/\/www.funktionsmodellbau.ch\/content\/rc-truck-event-in-grossaffoltern-be-ch-2019\/p1340105\/\" border=\"0\" itemprop=\"url\"> <meta itemprop=\"width\" content=\"314\"> <meta itemprop=\"height\" content=\"236\"> <img decoding=\"async\" class=\"\" data-attachment-id=\"9466\" data-orig-file=\"https:\/\/www.funktionsmodellbau.ch\/content\/wp-content\/uploads\/2019\/03\/P1340105.jpg\" data-orig-size=\"2048,1536\" data-comments-opened=\"1\" data-image-meta=\"{&quot;aperture&quot;:&quot;5.4&quot;,&quot;credit&quot;:&quot;Fabian H\\u00fcsser&quot;,&quot;camera&quot;:&quot;DMC-GX8&quot;,&quot;caption&quot;:&quot;&quot;,&quot;created_timestamp&quot;:&quot;1552146121&quot;,&quot;copyright&quot;:&quot;Fabian H\\u00fcsser&quot;,&quot;focal_length&quot;:&quot;92&quot;,&quot;iso&quot;:&quot;2000&quot;,&quot;shutter_speed&quot;:&quot;0.005&quot;,&quot;title&quot;:&quot;&quot;,&quot;orientation&quot;:&quot;1&quot;}\" data-image-title=\"P1340105\" data-image-description=\"\" data-medium-file=\"https:\/\/i0.wp.com\/www.funktionsmodellbau.ch\/content\/wp-content\/uploads\/2019\/03\/P1340105.jpg?fit=300%2C225&#038;ssl=1\" data-large-file=\"https:\/\/i0.wp.com\/www.funktionsmodellbau.ch\/content\/wp-content\/uploads\/2019\/03\/P1340105.jpg?fit=678%2C509&#038;ssl=1\" src=\"https:\/\/i0.wp.com\/www.funktionsmodellbau.ch\/content\/wp-content\/uploads\/2019\/03\/P1340105.jpg?w=314&#038;h=236&#038;ssl=1\" srcset=\"https:\/\/i0.wp.com\/www.funktionsmodellbau.ch\/content\/wp-content\/uploads\/2019\/03\/P1340105.jpg?w=2048&amp;ssl=1 2048w, https:\/\/i0.wp.com\/www.funktionsmodellbau.ch\/content\/wp-content\/uploads\/2019\/03\/P1340105.jpg?resize=300%2C225&amp;ssl=1 300w, https:\/\/i0.wp.com\/www.funktionsmodellbau.ch\/content\/wp-content\/uploads\/2019\/03\/P1340105.jpg?resize=768%2C576&amp;ssl=1 768w, https:\/\/i0.wp.com\/www.funktionsmodellbau.ch\/content\/wp-content\/uploads\/2019\/03\/P1340105.jpg?resize=1024%2C768&amp;ssl=1 1024w, https:\/\/i0.wp.com\/www.funktionsmodellbau.ch\/content\/wp-content\/uploads\/2019\/03\/P1340105.jpg?resize=640%2C480&amp;ssl=1 640w, https:\/\/i0.wp.com\/www.funktionsmodellbau.ch\/content\/wp-content\/uploads\/2019\/03\/P1340105.jpg?w=1356&amp;ssl=1 1356w\" width=\"314\" height=\"236\" loading=\"lazy\" data-original-width=\"314\" data-original-height=\"236\" itemprop=\"http:\/\/schema.org\/image\" title=\"P1340105\" alt=\"P1340105\" style=\"width: 314px; height: 236px;\" \/> <\/a> <\/div> <div class=\"tiled-gallery-item tiled-gallery-item-large\" itemprop=\"associatedMedia\" itemscope itemtype=\"http:\/\/schema.org\/ImageObject\"> <a href=\"https:\/\/www.funktionsmodellbau.ch\/content\/rc-truck-event-in-grossaffoltern-be-ch-2019\/p1340042\/\" border=\"0\" itemprop=\"url\"> <meta itemprop=\"width\" content=\"314\"> <meta itemprop=\"height\" content=\"235\"> <img decoding=\"async\" class=\"\" data-attachment-id=\"9445\" data-orig-file=\"https:\/\/www.funktionsmodellbau.ch\/content\/wp-content\/uploads\/2019\/03\/P1340042.jpg\" data-orig-size=\"2048,1536\" data-comments-opened=\"1\" data-image-meta=\"{&quot;aperture&quot;:&quot;4.5&quot;,&quot;credit&quot;:&quot;Fabian H\\u00fcsser&quot;,&quot;camera&quot;:&quot;DMC-GX8&quot;,&quot;caption&quot;:&quot;&quot;,&quot;created_timestamp&quot;:&quot;1552132142&quot;,&quot;copyright&quot;:&quot;Fabian H\\u00fcsser&quot;,&quot;focal_length&quot;:&quot;34&quot;,&quot;iso&quot;:&quot;1250&quot;,&quot;shutter_speed&quot;:&quot;0.0125&quot;,&quot;title&quot;:&quot;&quot;,&quot;orientation&quot;:&quot;1&quot;}\" data-image-title=\"P1340042\" data-image-description=\"\" data-medium-file=\"https:\/\/i0.wp.com\/www.funktionsmodellbau.ch\/content\/wp-content\/uploads\/2019\/03\/P1340042.jpg?fit=300%2C225&#038;ssl=1\" data-large-file=\"https:\/\/i0.wp.com\/www.funktionsmodellbau.ch\/content\/wp-content\/uploads\/2019\/03\/P1340042.jpg?fit=678%2C509&#038;ssl=1\" src=\"https:\/\/i0.wp.com\/www.funktionsmodellbau.ch\/content\/wp-content\/uploads\/2019\/03\/P1340042.jpg?w=314&#038;h=235&#038;ssl=1\" srcset=\"https:\/\/i0.wp.com\/www.funktionsmodellbau.ch\/content\/wp-content\/uploads\/2019\/03\/P1340042.jpg?w=2048&amp;ssl=1 2048w, https:\/\/i0.wp.com\/www.funktionsmodellbau.ch\/content\/wp-content\/uploads\/2019\/03\/P1340042.jpg?resize=300%2C225&amp;ssl=1 300w, https:\/\/i0.wp.com\/www.funktionsmodellbau.ch\/content\/wp-content\/uploads\/2019\/03\/P1340042.jpg?resize=768%2C576&amp;ssl=1 768w, https:\/\/i0.wp.com\/www.funktionsmodellbau.ch\/content\/wp-content\/uploads\/2019\/03\/P1340042.jpg?resize=1024%2C768&amp;ssl=1 1024w, https:\/\/i0.wp.com\/www.funktionsmodellbau.ch\/content\/wp-content\/uploads\/2019\/03\/P1340042.jpg?resize=640%2C480&amp;ssl=1 640w, https:\/\/i0.wp.com\/www.funktionsmodellbau.ch\/content\/wp-content\/uploads\/2019\/03\/P1340042.jpg?w=1356&amp;ssl=1 1356w\" width=\"314\" height=\"235\" loading=\"lazy\" data-original-width=\"314\" data-original-height=\"235\" itemprop=\"http:\/\/schema.org\/image\" title=\"P1340042\" alt=\"P1340042\" style=\"width: 314px; height: 235px;\" \/> <\/a> <\/div> <\/div> <!-- close group --> <div class=\"gallery-group images-1\" style=\"width: 360px; height: 479px;\" data-original-width=\"360\" data-original-height=\"479\" > <div class=\"tiled-gallery-item tiled-gallery-item-large\" itemprop=\"associatedMedia\" itemscope itemtype=\"http:\/\/schema.org\/ImageObject\"> <a href=\"https:\/\/www.funktionsmodellbau.ch\/content\/rc-truck-event-in-grossaffoltern-be-ch-2019\/2019-03-09_16-24-180100\/\" border=\"0\" itemprop=\"url\"> <meta itemprop=\"width\" content=\"356\"> <meta itemprop=\"height\" content=\"475\"> <img decoding=\"async\" class=\"\" data-attachment-id=\"9419\" data-orig-file=\"https:\/\/www.funktionsmodellbau.ch\/content\/wp-content\/uploads\/2019\/03\/2019-03-09_16-24-180100.jpg\" data-orig-size=\"1483,1977\" data-comments-opened=\"1\" data-image-meta=\"{&quot;aperture&quot;:&quot;1.8&quot;,&quot;credit&quot;:&quot;&quot;,&quot;camera&quot;:&quot;iPhone 8 Plus&quot;,&quot;caption&quot;:&quot;&quot;,&quot;created_timestamp&quot;:&quot;1552148658&quot;,&quot;copyright&quot;:&quot;fabian.h\\u00fcsser.ch&quot;,&quot;focal_length&quot;:&quot;3.99&quot;,&quot;iso&quot;:&quot;40&quot;,&quot;shutter_speed&quot;:&quot;0.05&quot;,&quot;title&quot;:&quot;&quot;,&quot;orientation&quot;:&quot;1&quot;}\" data-image-title=\"2019-03-09_16-24-18+0100\" data-image-description=\"\" data-medium-file=\"https:\/\/i0.wp.com\/www.funktionsmodellbau.ch\/content\/wp-content\/uploads\/2019\/03\/2019-03-09_16-24-180100.jpg?fit=225%2C300&#038;ssl=1\" data-large-file=\"https:\/\/i0.wp.com\/www.funktionsmodellbau.ch\/content\/wp-content\/uploads\/2019\/03\/2019-03-09_16-24-180100.jpg?fit=678%2C904&#038;ssl=1\" src=\"https:\/\/i0.wp.com\/www.funktionsmodellbau.ch\/content\/wp-content\/uploads\/2019\/03\/2019-03-09_16-24-180100.jpg?w=356&#038;h=475&#038;ssl=1\" srcset=\"https:\/\/i0.wp.com\/www.funktionsmodellbau.ch\/content\/wp-content\/uploads\/2019\/03\/2019-03-09_16-24-180100.jpg?w=1483&amp;ssl=1 1483w, https:\/\/i0.wp.com\/www.funktionsmodellbau.ch\/content\/wp-content\/uploads\/2019\/03\/2019-03-09_16-24-180100.jpg?resize=225%2C300&amp;ssl=1 225w, https:\/\/i0.wp.com\/www.funktionsmodellbau.ch\/content\/wp-content\/uploads\/2019\/03\/2019-03-09_16-24-180100.jpg?resize=768%2C1024&amp;ssl=1 768w, https:\/\/i0.wp.com\/www.funktionsmodellbau.ch\/content\/wp-content\/uploads\/2019\/03\/2019-03-09_16-24-180100.jpg?resize=640%2C853&amp;ssl=1 640w, https:\/\/i0.wp.com\/www.funktionsmodellbau.ch\/content\/wp-content\/uploads\/2019\/03\/2019-03-09_16-24-180100.jpg?w=1356&amp;ssl=1 1356w\" width=\"356\" height=\"475\" loading=\"lazy\" data-original-width=\"356\" data-original-height=\"475\" itemprop=\"http:\/\/schema.org\/image\" title=\"2019-03-09_16-24-18+0100\" alt=\"2019-03-09_16-24-18+0100\" style=\"width: 356px; height: 475px;\" \/> <\/a> <\/div> <\/div> <!-- close group --> <\/div> <!-- close row --> <div class=\"gallery-row\" style=\"width: 678px; height: 239px;\" data-original-width=\"678\" data-original-height=\"239\" > <div class=\"gallery-group images-1\" style=\"width: 180px; height: 239px;\" data-original-width=\"180\" data-original-height=\"239\" > <div class=\"tiled-gallery-item tiled-gallery-item-small\" itemprop=\"associatedMedia\" itemscope itemtype=\"http:\/\/schema.org\/ImageObject\"> <a href=\"https:\/\/www.funktionsmodellbau.ch\/content\/rc-truck-event-in-grossaffoltern-be-ch-2019\/2019-03-09_16-30-280100\/\" border=\"0\" itemprop=\"url\"> <meta itemprop=\"width\" content=\"176\"> <meta itemprop=\"height\" content=\"235\"> <img decoding=\"async\" class=\"\" data-attachment-id=\"9428\" data-orig-file=\"https:\/\/www.funktionsmodellbau.ch\/content\/wp-content\/uploads\/2019\/03\/2019-03-09_16-30-280100.jpg\" data-orig-size=\"2048,2731\" data-comments-opened=\"1\" data-image-meta=\"{&quot;aperture&quot;:&quot;1.8&quot;,&quot;credit&quot;:&quot;&quot;,&quot;camera&quot;:&quot;iPhone 8 Plus&quot;,&quot;caption&quot;:&quot;&quot;,&quot;created_timestamp&quot;:&quot;1552149028&quot;,&quot;copyright&quot;:&quot;fabian.h\\u00fcsser.ch&quot;,&quot;focal_length&quot;:&quot;3.99&quot;,&quot;iso&quot;:&quot;100&quot;,&quot;shutter_speed&quot;:&quot;0.05&quot;,&quot;title&quot;:&quot;&quot;,&quot;orientation&quot;:&quot;1&quot;}\" data-image-title=\"2019-03-09_16-30-28+0100\" data-image-description=\"\" data-medium-file=\"https:\/\/i0.wp.com\/www.funktionsmodellbau.ch\/content\/wp-content\/uploads\/2019\/03\/2019-03-09_16-30-280100.jpg?fit=225%2C300&#038;ssl=1\" data-large-file=\"https:\/\/i0.wp.com\/www.funktionsmodellbau.ch\/content\/wp-content\/uploads\/2019\/03\/2019-03-09_16-30-280100.jpg?fit=678%2C904&#038;ssl=1\" src=\"https:\/\/i0.wp.com\/www.funktionsmodellbau.ch\/content\/wp-content\/uploads\/2019\/03\/2019-03-09_16-30-280100.jpg?w=176&#038;h=235&#038;ssl=1\" srcset=\"https:\/\/i0.wp.com\/www.funktionsmodellbau.ch\/content\/wp-content\/uploads\/2019\/03\/2019-03-09_16-30-280100.jpg?w=2048&amp;ssl=1 2048w, https:\/\/i0.wp.com\/www.funktionsmodellbau.ch\/content\/wp-content\/uploads\/2019\/03\/2019-03-09_16-30-280100.jpg?resize=225%2C300&amp;ssl=1 225w, https:\/\/i0.wp.com\/www.funktionsmodellbau.ch\/content\/wp-content\/uploads\/2019\/03\/2019-03-09_16-30-280100.jpg?resize=768%2C1024&amp;ssl=1 768w, https:\/\/i0.wp.com\/www.funktionsmodellbau.ch\/content\/wp-content\/uploads\/2019\/03\/2019-03-09_16-30-280100.jpg?resize=640%2C853&amp;ssl=1 640w, https:\/\/i0.wp.com\/www.funktionsmodellbau.ch\/content\/wp-content\/uploads\/2019\/03\/2019-03-09_16-30-280100.jpg?w=1356&amp;ssl=1 1356w\" width=\"176\" height=\"235\" loading=\"lazy\" data-original-width=\"176\" data-original-height=\"235\" itemprop=\"http:\/\/schema.org\/image\" title=\"2019-03-09_16-30-28+0100\" alt=\"2019-03-09_16-30-28+0100\" style=\"width: 176px; height: 235px;\" \/> <\/a> <\/div> <\/div> <!-- close group --> <div class=\"gallery-group images-1\" style=\"width: 318px; height: 239px;\" data-original-width=\"318\" data-original-height=\"239\" > <div class=\"tiled-gallery-item tiled-gallery-item-large\" itemprop=\"associatedMedia\" itemscope itemtype=\"http:\/\/schema.org\/ImageObject\"> <a href=\"https:\/\/www.funktionsmodellbau.ch\/content\/rc-truck-event-in-grossaffoltern-be-ch-2019\/p1340072\/\" border=\"0\" itemprop=\"url\"> <meta itemprop=\"width\" content=\"314\"> <meta itemprop=\"height\" content=\"235\"> <img decoding=\"async\" class=\"\" data-attachment-id=\"9456\" data-orig-file=\"https:\/\/www.funktionsmodellbau.ch\/content\/wp-content\/uploads\/2019\/03\/P1340072.jpg\" data-orig-size=\"2048,1536\" data-comments-opened=\"1\" data-image-meta=\"{&quot;aperture&quot;:&quot;4.9&quot;,&quot;credit&quot;:&quot;Fabian H\\u00fcsser&quot;,&quot;camera&quot;:&quot;DMC-GX8&quot;,&quot;caption&quot;:&quot;&quot;,&quot;created_timestamp&quot;:&quot;1552141452&quot;,&quot;copyright&quot;:&quot;Fabian H\\u00fcsser&quot;,&quot;focal_length&quot;:&quot;46&quot;,&quot;iso&quot;:&quot;1250&quot;,&quot;shutter_speed&quot;:&quot;0.01&quot;,&quot;title&quot;:&quot;&quot;,&quot;orientation&quot;:&quot;1&quot;}\" data-image-title=\"P1340072\" data-image-description=\"\" data-medium-file=\"https:\/\/i0.wp.com\/www.funktionsmodellbau.ch\/content\/wp-content\/uploads\/2019\/03\/P1340072.jpg?fit=300%2C225&#038;ssl=1\" data-large-file=\"https:\/\/i0.wp.com\/www.funktionsmodellbau.ch\/content\/wp-content\/uploads\/2019\/03\/P1340072.jpg?fit=678%2C509&#038;ssl=1\" src=\"https:\/\/i0.wp.com\/www.funktionsmodellbau.ch\/content\/wp-content\/uploads\/2019\/03\/P1340072.jpg?w=314&#038;h=235&#038;ssl=1\" srcset=\"https:\/\/i0.wp.com\/www.funktionsmodellbau.ch\/content\/wp-content\/uploads\/2019\/03\/P1340072.jpg?w=2048&amp;ssl=1 2048w, https:\/\/i0.wp.com\/www.funktionsmodellbau.ch\/content\/wp-content\/uploads\/2019\/03\/P1340072.jpg?resize=300%2C225&amp;ssl=1 300w, https:\/\/i0.wp.com\/www.funktionsmodellbau.ch\/content\/wp-content\/uploads\/2019\/03\/P1340072.jpg?resize=768%2C576&amp;ssl=1 768w, https:\/\/i0.wp.com\/www.funktionsmodellbau.ch\/content\/wp-content\/uploads\/2019\/03\/P1340072.jpg?resize=1024%2C768&amp;ssl=1 1024w, https:\/\/i0.wp.com\/www.funktionsmodellbau.ch\/content\/wp-content\/uploads\/2019\/03\/P1340072.jpg?resize=640%2C480&amp;ssl=1 640w, https:\/\/i0.wp.com\/www.funktionsmodellbau.ch\/content\/wp-content\/uploads\/2019\/03\/P1340072.jpg?w=1356&amp;ssl=1 1356w\" width=\"314\" height=\"235\" loading=\"lazy\" data-original-width=\"314\" data-original-height=\"235\" itemprop=\"http:\/\/schema.org\/image\" title=\"P1340072\" alt=\"P1340072\" style=\"width: 314px; height: 235px;\" \/> <\/a> <\/div> <\/div> <!-- close group --> <div class=\"gallery-group images-1\" style=\"width: 180px; height: 239px;\" data-original-width=\"180\" data-original-height=\"239\" > <div class=\"tiled-gallery-item tiled-gallery-item-small\" itemprop=\"associatedMedia\" itemscope itemtype=\"http:\/\/schema.org\/ImageObject\"> <a href=\"https:\/\/www.funktionsmodellbau.ch\/content\/rc-truck-event-in-grossaffoltern-be-ch-2019\/2019-03-09_16-21-230100\/\" border=\"0\" itemprop=\"url\"> <meta itemprop=\"width\" content=\"176\"> <meta itemprop=\"height\" content=\"235\"> <img decoding=\"async\" class=\"\" data-attachment-id=\"9417\" data-orig-file=\"https:\/\/www.funktionsmodellbau.ch\/content\/wp-content\/uploads\/2019\/03\/2019-03-09_16-21-230100.jpg\" data-orig-size=\"2048,2731\" data-comments-opened=\"1\" data-image-meta=\"{&quot;aperture&quot;:&quot;1.8&quot;,&quot;credit&quot;:&quot;&quot;,&quot;camera&quot;:&quot;iPhone 8 Plus&quot;,&quot;caption&quot;:&quot;&quot;,&quot;created_timestamp&quot;:&quot;1552148483&quot;,&quot;copyright&quot;:&quot;fabian.h\\u00fcsser.ch&quot;,&quot;focal_length&quot;:&quot;3.99&quot;,&quot;iso&quot;:&quot;64&quot;,&quot;shutter_speed&quot;:&quot;0.05&quot;,&quot;title&quot;:&quot;&quot;,&quot;orientation&quot;:&quot;1&quot;}\" data-image-title=\"2019-03-09_16-21-23+0100\" data-image-description=\"\" data-medium-file=\"https:\/\/i0.wp.com\/www.funktionsmodellbau.ch\/content\/wp-content\/uploads\/2019\/03\/2019-03-09_16-21-230100.jpg?fit=225%2C300&#038;ssl=1\" data-large-file=\"https:\/\/i0.wp.com\/www.funktionsmodellbau.ch\/content\/wp-content\/uploads\/2019\/03\/2019-03-09_16-21-230100.jpg?fit=678%2C904&#038;ssl=1\" src=\"https:\/\/i0.wp.com\/www.funktionsmodellbau.ch\/content\/wp-content\/uploads\/2019\/03\/2019-03-09_16-21-230100.jpg?w=176&#038;h=235&#038;ssl=1\" srcset=\"https:\/\/i0.wp.com\/www.funktionsmodellbau.ch\/content\/wp-content\/uploads\/2019\/03\/2019-03-09_16-21-230100.jpg?w=2048&amp;ssl=1 2048w, https:\/\/i0.wp.com\/www.funktionsmodellbau.ch\/content\/wp-content\/uploads\/2019\/03\/2019-03-09_16-21-230100.jpg?resize=225%2C300&amp;ssl=1 225w, https:\/\/i0.wp.com\/www.funktionsmodellbau.ch\/content\/wp-content\/uploads\/2019\/03\/2019-03-09_16-21-230100.jpg?resize=768%2C1024&amp;ssl=1 768w, https:\/\/i0.wp.com\/www.funktionsmodellbau.ch\/content\/wp-content\/uploads\/2019\/03\/2019-03-09_16-21-230100.jpg?resize=640%2C853&amp;ssl=1 640w, https:\/\/i0.wp.com\/www.funktionsmodellbau.ch\/content\/wp-content\/uploads\/2019\/03\/2019-03-09_16-21-230100.jpg?w=1356&amp;ssl=1 1356w\" width=\"176\" height=\"235\" loading=\"lazy\" data-original-width=\"176\" data-original-height=\"235\" itemprop=\"http:\/\/schema.org\/image\" title=\"2019-03-09_16-21-23+0100\" alt=\"2019-03-09_16-21-23+0100\" style=\"width: 176px; height: 235px;\" \/> <\/a> <\/div> <\/div> <!-- close group --> <\/div> <!-- close row --> <\/div>\n<div class=\"tiled-gallery type-rectangular tiled-gallery-unresized\" data-original-width=\"678\" data-carousel-extra='{&quot;blog_id&quot;:1,&quot;permalink&quot;:&quot;https:\\\/\\\/www.funktionsmodellbau.ch\\\/content\\\/rc-truck-event-in-grossaffoltern-be-ch-2019\\\/&quot;,&quot;likes_blog_id&quot;:29068213}' itemscope itemtype=\"http:\/\/schema.org\/ImageGallery\" > <div class=\"gallery-row\" style=\"width: 678px; height: 340px;\" data-original-width=\"678\" data-original-height=\"340\" > <div class=\"gallery-group images-1\" style=\"width: 452px; height: 340px;\" data-original-width=\"452\" data-original-height=\"340\" > <div class=\"tiled-gallery-item tiled-gallery-item-large\" itemprop=\"associatedMedia\" itemscope itemtype=\"http:\/\/schema.org\/ImageObject\"> <a href=\"https:\/\/www.funktionsmodellbau.ch\/content\/rc-truck-event-in-grossaffoltern-be-ch-2019\/p1340102\/\" border=\"0\" itemprop=\"url\"> <meta itemprop=\"width\" content=\"448\"> <meta itemprop=\"height\" content=\"336\"> <img decoding=\"async\" class=\"\" data-attachment-id=\"9464\" data-orig-file=\"https:\/\/www.funktionsmodellbau.ch\/content\/wp-content\/uploads\/2019\/03\/P1340102.jpg\" data-orig-size=\"2048,1536\" data-comments-opened=\"1\" data-image-meta=\"{&quot;aperture&quot;:&quot;5.1&quot;,&quot;credit&quot;:&quot;Fabian H\\u00fcsser&quot;,&quot;camera&quot;:&quot;DMC-GX8&quot;,&quot;caption&quot;:&quot;&quot;,&quot;created_timestamp&quot;:&quot;1552146055&quot;,&quot;copyright&quot;:&quot;Fabian H\\u00fcsser&quot;,&quot;focal_length&quot;:&quot;55&quot;,&quot;iso&quot;:&quot;3200&quot;,&quot;shutter_speed&quot;:&quot;0.008&quot;,&quot;title&quot;:&quot;&quot;,&quot;orientation&quot;:&quot;1&quot;}\" data-image-title=\"P1340102\" data-image-description=\"\" data-medium-file=\"https:\/\/i0.wp.com\/www.funktionsmodellbau.ch\/content\/wp-content\/uploads\/2019\/03\/P1340102.jpg?fit=300%2C225&#038;ssl=1\" data-large-file=\"https:\/\/i0.wp.com\/www.funktionsmodellbau.ch\/content\/wp-content\/uploads\/2019\/03\/P1340102.jpg?fit=678%2C509&#038;ssl=1\" src=\"https:\/\/i0.wp.com\/www.funktionsmodellbau.ch\/content\/wp-content\/uploads\/2019\/03\/P1340102.jpg?w=448&#038;h=336&#038;ssl=1\" srcset=\"https:\/\/i0.wp.com\/www.funktionsmodellbau.ch\/content\/wp-content\/uploads\/2019\/03\/P1340102.jpg?w=2048&amp;ssl=1 2048w, https:\/\/i0.wp.com\/www.funktionsmodellbau.ch\/content\/wp-content\/uploads\/2019\/03\/P1340102.jpg?resize=300%2C225&amp;ssl=1 300w, https:\/\/i0.wp.com\/www.funktionsmodellbau.ch\/content\/wp-content\/uploads\/2019\/03\/P1340102.jpg?resize=768%2C576&amp;ssl=1 768w, https:\/\/i0.wp.com\/www.funktionsmodellbau.ch\/content\/wp-content\/uploads\/2019\/03\/P1340102.jpg?resize=1024%2C768&amp;ssl=1 1024w, https:\/\/i0.wp.com\/www.funktionsmodellbau.ch\/content\/wp-content\/uploads\/2019\/03\/P1340102.jpg?resize=640%2C480&amp;ssl=1 640w, https:\/\/i0.wp.com\/www.funktionsmodellbau.ch\/content\/wp-content\/uploads\/2019\/03\/P1340102.jpg?w=1356&amp;ssl=1 1356w\" width=\"448\" height=\"336\" loading=\"lazy\" data-original-width=\"448\" data-original-height=\"336\" itemprop=\"http:\/\/schema.org\/image\" title=\"P1340102\" alt=\"P1340102\" style=\"width: 448px; height: 336px;\" \/> <\/a> <\/div> <\/div> <!-- close group --> <div class=\"gallery-group images-2\" style=\"width: 226px; height: 340px;\" data-original-width=\"226\" data-original-height=\"340\" > <div class=\"tiled-gallery-item tiled-gallery-item-small\" itemprop=\"associatedMedia\" itemscope itemtype=\"http:\/\/schema.org\/ImageObject\"> <a href=\"https:\/\/www.funktionsmodellbau.ch\/content\/rc-truck-event-in-grossaffoltern-be-ch-2019\/p1340104\/\" border=\"0\" itemprop=\"url\"> <meta itemprop=\"width\" content=\"222\"> <meta itemprop=\"height\" content=\"166\"> <img decoding=\"async\" class=\"\" data-attachment-id=\"9465\" data-orig-file=\"https:\/\/www.funktionsmodellbau.ch\/content\/wp-content\/uploads\/2019\/03\/P1340104.jpg\" data-orig-size=\"2048,1536\" data-comments-opened=\"1\" data-image-meta=\"{&quot;aperture&quot;:&quot;5.1&quot;,&quot;credit&quot;:&quot;Fabian H\\u00fcsser&quot;,&quot;camera&quot;:&quot;DMC-GX8&quot;,&quot;caption&quot;:&quot;&quot;,&quot;created_timestamp&quot;:&quot;1552146081&quot;,&quot;copyright&quot;:&quot;Fabian H\\u00fcsser&quot;,&quot;focal_length&quot;:&quot;55&quot;,&quot;iso&quot;:&quot;3200&quot;,&quot;shutter_speed&quot;:&quot;0.008&quot;,&quot;title&quot;:&quot;&quot;,&quot;orientation&quot;:&quot;1&quot;}\" data-image-title=\"P1340104\" data-image-description=\"\" data-medium-file=\"https:\/\/i0.wp.com\/www.funktionsmodellbau.ch\/content\/wp-content\/uploads\/2019\/03\/P1340104.jpg?fit=300%2C225&#038;ssl=1\" data-large-file=\"https:\/\/i0.wp.com\/www.funktionsmodellbau.ch\/content\/wp-content\/uploads\/2019\/03\/P1340104.jpg?fit=678%2C509&#038;ssl=1\" src=\"https:\/\/i0.wp.com\/www.funktionsmodellbau.ch\/content\/wp-content\/uploads\/2019\/03\/P1340104.jpg?w=222&#038;h=166&#038;ssl=1\" srcset=\"https:\/\/i0.wp.com\/www.funktionsmodellbau.ch\/content\/wp-content\/uploads\/2019\/03\/P1340104.jpg?w=2048&amp;ssl=1 2048w, https:\/\/i0.wp.com\/www.funktionsmodellbau.ch\/content\/wp-content\/uploads\/2019\/03\/P1340104.jpg?resize=300%2C225&amp;ssl=1 300w, https:\/\/i0.wp.com\/www.funktionsmodellbau.ch\/content\/wp-content\/uploads\/2019\/03\/P1340104.jpg?resize=768%2C576&amp;ssl=1 768w, https:\/\/i0.wp.com\/www.funktionsmodellbau.ch\/content\/wp-content\/uploads\/2019\/03\/P1340104.jpg?resize=1024%2C768&amp;ssl=1 1024w, https:\/\/i0.wp.com\/www.funktionsmodellbau.ch\/content\/wp-content\/uploads\/2019\/03\/P1340104.jpg?resize=640%2C480&amp;ssl=1 640w, https:\/\/i0.wp.com\/www.funktionsmodellbau.ch\/content\/wp-content\/uploads\/2019\/03\/P1340104.jpg?w=1356&amp;ssl=1 1356w\" width=\"222\" height=\"166\" loading=\"lazy\" data-original-width=\"222\" data-original-height=\"166\" itemprop=\"http:\/\/schema.org\/image\" title=\"P1340104\" alt=\"P1340104\" style=\"width: 222px; height: 166px;\" \/> <\/a> <\/div> <div class=\"tiled-gallery-item tiled-gallery-item-small\" itemprop=\"associatedMedia\" itemscope itemtype=\"http:\/\/schema.org\/ImageObject\"> <a href=\"https:\/\/www.funktionsmodellbau.ch\/content\/rc-truck-event-in-grossaffoltern-be-ch-2019\/p1340043\/\" border=\"0\" itemprop=\"url\"> <meta itemprop=\"width\" content=\"222\"> <meta itemprop=\"height\" content=\"166\"> <img decoding=\"async\" class=\"\" data-attachment-id=\"9446\" data-orig-file=\"https:\/\/www.funktionsmodellbau.ch\/content\/wp-content\/uploads\/2019\/03\/P1340043.jpg\" data-orig-size=\"2048,1536\" data-comments-opened=\"1\" data-image-meta=\"{&quot;aperture&quot;:&quot;4.9&quot;,&quot;credit&quot;:&quot;Fabian H\\u00fcsser&quot;,&quot;camera&quot;:&quot;DMC-GX8&quot;,&quot;caption&quot;:&quot;&quot;,&quot;created_timestamp&quot;:&quot;1552132161&quot;,&quot;copyright&quot;:&quot;Fabian H\\u00fcsser&quot;,&quot;focal_length&quot;:&quot;46&quot;,&quot;iso&quot;:&quot;1600&quot;,&quot;shutter_speed&quot;:&quot;0.01&quot;,&quot;title&quot;:&quot;&quot;,&quot;orientation&quot;:&quot;1&quot;}\" data-image-title=\"P1340043\" data-image-description=\"\" data-medium-file=\"https:\/\/i0.wp.com\/www.funktionsmodellbau.ch\/content\/wp-content\/uploads\/2019\/03\/P1340043.jpg?fit=300%2C225&#038;ssl=1\" data-large-file=\"https:\/\/i0.wp.com\/www.funktionsmodellbau.ch\/content\/wp-content\/uploads\/2019\/03\/P1340043.jpg?fit=678%2C509&#038;ssl=1\" src=\"https:\/\/i0.wp.com\/www.funktionsmodellbau.ch\/content\/wp-content\/uploads\/2019\/03\/P1340043.jpg?w=222&#038;h=166&#038;ssl=1\" srcset=\"https:\/\/i0.wp.com\/www.funktionsmodellbau.ch\/content\/wp-content\/uploads\/2019\/03\/P1340043.jpg?w=2048&amp;ssl=1 2048w, https:\/\/i0.wp.com\/www.funktionsmodellbau.ch\/content\/wp-content\/uploads\/2019\/03\/P1340043.jpg?resize=300%2C225&amp;ssl=1 300w, https:\/\/i0.wp.com\/www.funktionsmodellbau.ch\/content\/wp-content\/uploads\/2019\/03\/P1340043.jpg?resize=768%2C576&amp;ssl=1 768w, https:\/\/i0.wp.com\/www.funktionsmodellbau.ch\/content\/wp-content\/uploads\/2019\/03\/P1340043.jpg?resize=1024%2C768&amp;ssl=1 1024w, https:\/\/i0.wp.com\/www.funktionsmodellbau.ch\/content\/wp-content\/uploads\/2019\/03\/P1340043.jpg?resize=640%2C480&amp;ssl=1 640w, https:\/\/i0.wp.com\/www.funktionsmodellbau.ch\/content\/wp-content\/uploads\/2019\/03\/P1340043.jpg?w=1356&amp;ssl=1 1356w\" width=\"222\" height=\"166\" loading=\"lazy\" data-original-width=\"222\" data-original-height=\"166\" itemprop=\"http:\/\/schema.org\/image\" title=\"P1340043\" alt=\"P1340043\" style=\"width: 222px; height: 166px;\" \/> <\/a> <\/div> <\/div> <!-- close group --> <\/div> <!-- close row --> <div class=\"gallery-row\" style=\"width: 678px; height: 171px;\" data-original-width=\"678\" data-original-height=\"171\" > <div class=\"gallery-group images-1\" style=\"width: 226px; height: 171px;\" data-original-width=\"226\" data-original-height=\"171\" > <div class=\"tiled-gallery-item tiled-gallery-item-small\" itemprop=\"associatedMedia\" itemscope itemtype=\"http:\/\/schema.org\/ImageObject\"> <a href=\"https:\/\/www.funktionsmodellbau.ch\/content\/rc-truck-event-in-grossaffoltern-be-ch-2019\/p1340096\/\" border=\"0\" itemprop=\"url\"> <meta itemprop=\"width\" content=\"222\"> <meta itemprop=\"height\" content=\"167\"> <img decoding=\"async\" class=\"\" data-attachment-id=\"9462\" data-orig-file=\"https:\/\/www.funktionsmodellbau.ch\/content\/wp-content\/uploads\/2019\/03\/P1340096.jpg\" data-orig-size=\"2048,1536\" data-comments-opened=\"1\" data-image-meta=\"{&quot;aperture&quot;:&quot;5.1&quot;,&quot;credit&quot;:&quot;Fabian H\\u00fcsser&quot;,&quot;camera&quot;:&quot;DMC-GX8&quot;,&quot;caption&quot;:&quot;&quot;,&quot;created_timestamp&quot;:&quot;1552145983&quot;,&quot;copyright&quot;:&quot;Fabian H\\u00fcsser&quot;,&quot;focal_length&quot;:&quot;55&quot;,&quot;iso&quot;:&quot;2500&quot;,&quot;shutter_speed&quot;:&quot;0.008&quot;,&quot;title&quot;:&quot;&quot;,&quot;orientation&quot;:&quot;1&quot;}\" data-image-title=\"P1340096\" data-image-description=\"\" data-medium-file=\"https:\/\/i0.wp.com\/www.funktionsmodellbau.ch\/content\/wp-content\/uploads\/2019\/03\/P1340096.jpg?fit=300%2C225&#038;ssl=1\" data-large-file=\"https:\/\/i0.wp.com\/www.funktionsmodellbau.ch\/content\/wp-content\/uploads\/2019\/03\/P1340096.jpg?fit=678%2C509&#038;ssl=1\" src=\"https:\/\/i0.wp.com\/www.funktionsmodellbau.ch\/content\/wp-content\/uploads\/2019\/03\/P1340096.jpg?w=222&#038;h=167&#038;ssl=1\" srcset=\"https:\/\/i0.wp.com\/www.funktionsmodellbau.ch\/content\/wp-content\/uploads\/2019\/03\/P1340096.jpg?w=2048&amp;ssl=1 2048w, https:\/\/i0.wp.com\/www.funktionsmodellbau.ch\/content\/wp-content\/uploads\/2019\/03\/P1340096.jpg?resize=300%2C225&amp;ssl=1 300w, https:\/\/i0.wp.com\/www.funktionsmodellbau.ch\/content\/wp-content\/uploads\/2019\/03\/P1340096.jpg?resize=768%2C576&amp;ssl=1 768w, https:\/\/i0.wp.com\/www.funktionsmodellbau.ch\/content\/wp-content\/uploads\/2019\/03\/P1340096.jpg?resize=1024%2C768&amp;ssl=1 1024w, https:\/\/i0.wp.com\/www.funktionsmodellbau.ch\/content\/wp-content\/uploads\/2019\/03\/P1340096.jpg?resize=640%2C480&amp;ssl=1 640w, https:\/\/i0.wp.com\/www.funktionsmodellbau.ch\/content\/wp-content\/uploads\/2019\/03\/P1340096.jpg?w=1356&amp;ssl=1 1356w\" width=\"222\" height=\"167\" loading=\"lazy\" data-original-width=\"222\" data-original-height=\"167\" itemprop=\"http:\/\/schema.org\/image\" title=\"P1340096\" alt=\"P1340096\" style=\"width: 222px; height: 167px;\" \/> <\/a> <\/div> <\/div> <!-- close group --> <div class=\"gallery-group images-1\" style=\"width: 226px; height: 171px;\" data-original-width=\"226\" data-original-height=\"171\" > <div class=\"tiled-gallery-item tiled-gallery-item-small\" itemprop=\"associatedMedia\" itemscope itemtype=\"http:\/\/schema.org\/ImageObject\"> <a href=\"https:\/\/www.funktionsmodellbau.ch\/content\/rc-truck-event-in-grossaffoltern-be-ch-2019\/p1340068\/\" border=\"0\" itemprop=\"url\"> <meta itemprop=\"width\" content=\"222\"> <meta itemprop=\"height\" content=\"167\"> <img decoding=\"async\" class=\"\" data-attachment-id=\"9453\" data-orig-file=\"https:\/\/www.funktionsmodellbau.ch\/content\/wp-content\/uploads\/2019\/03\/P1340068.jpg\" data-orig-size=\"2048,1536\" data-comments-opened=\"1\" data-image-meta=\"{&quot;aperture&quot;:&quot;4.3&quot;,&quot;credit&quot;:&quot;Fabian H\\u00fcsser&quot;,&quot;camera&quot;:&quot;DMC-GX8&quot;,&quot;caption&quot;:&quot;&quot;,&quot;created_timestamp&quot;:&quot;1552141262&quot;,&quot;copyright&quot;:&quot;Fabian H\\u00fcsser&quot;,&quot;focal_length&quot;:&quot;28&quot;,&quot;iso&quot;:&quot;400&quot;,&quot;shutter_speed&quot;:&quot;0.016666666666667&quot;,&quot;title&quot;:&quot;&quot;,&quot;orientation&quot;:&quot;1&quot;}\" data-image-title=\"P1340068\" data-image-description=\"\" data-medium-file=\"https:\/\/i0.wp.com\/www.funktionsmodellbau.ch\/content\/wp-content\/uploads\/2019\/03\/P1340068.jpg?fit=300%2C225&#038;ssl=1\" data-large-file=\"https:\/\/i0.wp.com\/www.funktionsmodellbau.ch\/content\/wp-content\/uploads\/2019\/03\/P1340068.jpg?fit=678%2C509&#038;ssl=1\" src=\"https:\/\/i0.wp.com\/www.funktionsmodellbau.ch\/content\/wp-content\/uploads\/2019\/03\/P1340068.jpg?w=222&#038;h=167&#038;ssl=1\" srcset=\"https:\/\/i0.wp.com\/www.funktionsmodellbau.ch\/content\/wp-content\/uploads\/2019\/03\/P1340068.jpg?w=2048&amp;ssl=1 2048w, https:\/\/i0.wp.com\/www.funktionsmodellbau.ch\/content\/wp-content\/uploads\/2019\/03\/P1340068.jpg?resize=300%2C225&amp;ssl=1 300w, https:\/\/i0.wp.com\/www.funktionsmodellbau.ch\/content\/wp-content\/uploads\/2019\/03\/P1340068.jpg?resize=768%2C576&amp;ssl=1 768w, https:\/\/i0.wp.com\/www.funktionsmodellbau.ch\/content\/wp-content\/uploads\/2019\/03\/P1340068.jpg?resize=1024%2C768&amp;ssl=1 1024w, https:\/\/i0.wp.com\/www.funktionsmodellbau.ch\/content\/wp-content\/uploads\/2019\/03\/P1340068.jpg?resize=640%2C480&amp;ssl=1 640w, https:\/\/i0.wp.com\/www.funktionsmodellbau.ch\/content\/wp-content\/uploads\/2019\/03\/P1340068.jpg?w=1356&amp;ssl=1 1356w\" width=\"222\" height=\"167\" loading=\"lazy\" data-original-width=\"222\" data-original-height=\"167\" itemprop=\"http:\/\/schema.org\/image\" title=\"P1340068\" alt=\"P1340068\" style=\"width: 222px; height: 167px;\" \/> <\/a> <\/div> <\/div> <!-- close group --> <div class=\"gallery-group images-1\" style=\"width: 226px; height: 171px;\" data-original-width=\"226\" data-original-height=\"171\" > <div class=\"tiled-gallery-item tiled-gallery-item-small\" itemprop=\"associatedMedia\" itemscope itemtype=\"http:\/\/schema.org\/ImageObject\"> <a href=\"https:\/\/www.funktionsmodellbau.ch\/content\/rc-truck-event-in-grossaffoltern-be-ch-2019\/p1340069\/\" border=\"0\" itemprop=\"url\"> <meta itemprop=\"width\" content=\"222\"> <meta itemprop=\"height\" content=\"167\"> <img decoding=\"async\" class=\"\" data-attachment-id=\"9454\" data-orig-file=\"https:\/\/www.funktionsmodellbau.ch\/content\/wp-content\/uploads\/2019\/03\/P1340069.jpg\" data-orig-size=\"2048,1536\" data-comments-opened=\"1\" data-image-meta=\"{&quot;aperture&quot;:&quot;4.3&quot;,&quot;credit&quot;:&quot;Fabian H\\u00fcsser&quot;,&quot;camera&quot;:&quot;DMC-GX8&quot;,&quot;caption&quot;:&quot;&quot;,&quot;created_timestamp&quot;:&quot;1552141270&quot;,&quot;copyright&quot;:&quot;Fabian H\\u00fcsser&quot;,&quot;focal_length&quot;:&quot;28&quot;,&quot;iso&quot;:&quot;400&quot;,&quot;shutter_speed&quot;:&quot;0.016666666666667&quot;,&quot;title&quot;:&quot;&quot;,&quot;orientation&quot;:&quot;1&quot;}\" data-image-title=\"P1340069\" data-image-description=\"\" data-medium-file=\"https:\/\/i0.wp.com\/www.funktionsmodellbau.ch\/content\/wp-content\/uploads\/2019\/03\/P1340069.jpg?fit=300%2C225&#038;ssl=1\" data-large-file=\"https:\/\/i0.wp.com\/www.funktionsmodellbau.ch\/content\/wp-content\/uploads\/2019\/03\/P1340069.jpg?fit=678%2C509&#038;ssl=1\" src=\"https:\/\/i0.wp.com\/www.funktionsmodellbau.ch\/content\/wp-content\/uploads\/2019\/03\/P1340069.jpg?w=222&#038;h=167&#038;ssl=1\" srcset=\"https:\/\/i0.wp.com\/www.funktionsmodellbau.ch\/content\/wp-content\/uploads\/2019\/03\/P1340069.jpg?w=2048&amp;ssl=1 2048w, https:\/\/i0.wp.com\/www.funktionsmodellbau.ch\/content\/wp-content\/uploads\/2019\/03\/P1340069.jpg?resize=300%2C225&amp;ssl=1 300w, https:\/\/i0.wp.com\/www.funktionsmodellbau.ch\/content\/wp-content\/uploads\/2019\/03\/P1340069.jpg?resize=768%2C576&amp;ssl=1 768w, https:\/\/i0.wp.com\/www.funktionsmodellbau.ch\/content\/wp-content\/uploads\/2019\/03\/P1340069.jpg?resize=1024%2C768&amp;ssl=1 1024w, https:\/\/i0.wp.com\/www.funktionsmodellbau.ch\/content\/wp-content\/uploads\/2019\/03\/P1340069.jpg?resize=640%2C480&amp;ssl=1 640w, https:\/\/i0.wp.com\/www.funktionsmodellbau.ch\/content\/wp-content\/uploads\/2019\/03\/P1340069.jpg?w=1356&amp;ssl=1 1356w\" width=\"222\" height=\"167\" loading=\"lazy\" data-original-width=\"222\" data-original-height=\"167\" itemprop=\"http:\/\/schema.org\/image\" title=\"P1340069\" alt=\"P1340069\" style=\"width: 222px; height: 167px;\" \/> <\/a> <\/div> <\/div> <!-- close group --> <\/div> <!-- close row --> <div class=\"gallery-row\" style=\"width: 678px; height: 189px;\" data-original-width=\"678\" data-original-height=\"189\" > <div class=\"gallery-group images-1\" style=\"width: 250px; height: 189px;\" data-original-width=\"250\" data-original-height=\"189\" > <div class=\"tiled-gallery-item tiled-gallery-item-small\" itemprop=\"associatedMedia\" itemscope itemtype=\"http:\/\/schema.org\/ImageObject\"> <a href=\"https:\/\/www.funktionsmodellbau.ch\/content\/rc-truck-event-in-grossaffoltern-be-ch-2019\/p1340029\/\" border=\"0\" itemprop=\"url\"> <meta itemprop=\"width\" content=\"246\"> <meta itemprop=\"height\" content=\"185\"> <img decoding=\"async\" class=\"\" data-attachment-id=\"9438\" data-orig-file=\"https:\/\/www.funktionsmodellbau.ch\/content\/wp-content\/uploads\/2019\/03\/P1340029.jpg\" data-orig-size=\"2048,1536\" data-comments-opened=\"1\" data-image-meta=\"{&quot;aperture&quot;:&quot;5.3&quot;,&quot;credit&quot;:&quot;Fabian H\\u00fcsser&quot;,&quot;camera&quot;:&quot;DMC-GX8&quot;,&quot;caption&quot;:&quot;&quot;,&quot;created_timestamp&quot;:&quot;1552130303&quot;,&quot;copyright&quot;:&quot;Fabian H\\u00fcsser&quot;,&quot;focal_length&quot;:&quot;65&quot;,&quot;iso&quot;:&quot;2500&quot;,&quot;shutter_speed&quot;:&quot;0.00625&quot;,&quot;title&quot;:&quot;&quot;,&quot;orientation&quot;:&quot;1&quot;}\" data-image-title=\"P1340029\" data-image-description=\"\" data-medium-file=\"https:\/\/i0.wp.com\/www.funktionsmodellbau.ch\/content\/wp-content\/uploads\/2019\/03\/P1340029.jpg?fit=300%2C225&#038;ssl=1\" data-large-file=\"https:\/\/i0.wp.com\/www.funktionsmodellbau.ch\/content\/wp-content\/uploads\/2019\/03\/P1340029.jpg?fit=678%2C509&#038;ssl=1\" src=\"https:\/\/i0.wp.com\/www.funktionsmodellbau.ch\/content\/wp-content\/uploads\/2019\/03\/P1340029.jpg?w=246&#038;h=185&#038;ssl=1\" srcset=\"https:\/\/i0.wp.com\/www.funktionsmodellbau.ch\/content\/wp-content\/uploads\/2019\/03\/P1340029.jpg?w=2048&amp;ssl=1 2048w, https:\/\/i0.wp.com\/www.funktionsmodellbau.ch\/content\/wp-content\/uploads\/2019\/03\/P1340029.jpg?resize=300%2C225&amp;ssl=1 300w, https:\/\/i0.wp.com\/www.funktionsmodellbau.ch\/content\/wp-content\/uploads\/2019\/03\/P1340029.jpg?resize=768%2C576&amp;ssl=1 768w, https:\/\/i0.wp.com\/www.funktionsmodellbau.ch\/content\/wp-content\/uploads\/2019\/03\/P1340029.jpg?resize=1024%2C768&amp;ssl=1 1024w, https:\/\/i0.wp.com\/www.funktionsmodellbau.ch\/content\/wp-content\/uploads\/2019\/03\/P1340029.jpg?resize=640%2C480&amp;ssl=1 640w, https:\/\/i0.wp.com\/www.funktionsmodellbau.ch\/content\/wp-content\/uploads\/2019\/03\/P1340029.jpg?w=1356&amp;ssl=1 1356w\" width=\"246\" height=\"185\" loading=\"lazy\" data-original-width=\"246\" data-original-height=\"185\" itemprop=\"http:\/\/schema.org\/image\" title=\"P1340029\" alt=\"P1340029\" style=\"width: 246px; height: 185px;\" \/> <\/a> <\/div> <\/div> <!-- close group --> <div class=\"gallery-group images-1\" style=\"width: 143px; height: 189px;\" data-original-width=\"143\" data-original-height=\"189\" > <div class=\"tiled-gallery-item tiled-gallery-item-small\" itemprop=\"associatedMedia\" itemscope itemtype=\"http:\/\/schema.org\/ImageObject\"> <a href=\"https:\/\/www.funktionsmodellbau.ch\/content\/rc-truck-event-in-grossaffoltern-be-ch-2019\/2019-03-09_16-35-420100\/\" border=\"0\" itemprop=\"url\"> <meta itemprop=\"width\" content=\"139\"> <meta itemprop=\"height\" content=\"185\"> <img decoding=\"async\" class=\"\" data-attachment-id=\"9430\" data-orig-file=\"https:\/\/www.funktionsmodellbau.ch\/content\/wp-content\/uploads\/2019\/03\/2019-03-09_16-35-420100.jpg\" data-orig-size=\"2048,2730\" data-comments-opened=\"1\" data-image-meta=\"{&quot;aperture&quot;:&quot;1.8&quot;,&quot;credit&quot;:&quot;&quot;,&quot;camera&quot;:&quot;iPhone 8 Plus&quot;,&quot;caption&quot;:&quot;&quot;,&quot;created_timestamp&quot;:&quot;1552149342&quot;,&quot;copyright&quot;:&quot;fabian.h\\u00fcsser.ch&quot;,&quot;focal_length&quot;:&quot;3.99&quot;,&quot;iso&quot;:&quot;100&quot;,&quot;shutter_speed&quot;:&quot;0.05&quot;,&quot;title&quot;:&quot;&quot;,&quot;orientation&quot;:&quot;1&quot;}\" data-image-title=\"2019-03-09_16-35-42+0100\" data-image-description=\"\" data-medium-file=\"https:\/\/i0.wp.com\/www.funktionsmodellbau.ch\/content\/wp-content\/uploads\/2019\/03\/2019-03-09_16-35-420100.jpg?fit=225%2C300&#038;ssl=1\" data-large-file=\"https:\/\/i0.wp.com\/www.funktionsmodellbau.ch\/content\/wp-content\/uploads\/2019\/03\/2019-03-09_16-35-420100.jpg?fit=678%2C904&#038;ssl=1\" src=\"https:\/\/i0.wp.com\/www.funktionsmodellbau.ch\/content\/wp-content\/uploads\/2019\/03\/2019-03-09_16-35-420100.jpg?w=139&#038;h=185&#038;ssl=1\" srcset=\"https:\/\/i0.wp.com\/www.funktionsmodellbau.ch\/content\/wp-content\/uploads\/2019\/03\/2019-03-09_16-35-420100.jpg?w=2048&amp;ssl=1 2048w, https:\/\/i0.wp.com\/www.funktionsmodellbau.ch\/content\/wp-content\/uploads\/2019\/03\/2019-03-09_16-35-420100.jpg?resize=225%2C300&amp;ssl=1 225w, https:\/\/i0.wp.com\/www.funktionsmodellbau.ch\/content\/wp-content\/uploads\/2019\/03\/2019-03-09_16-35-420100.jpg?resize=768%2C1024&amp;ssl=1 768w, https:\/\/i0.wp.com\/www.funktionsmodellbau.ch\/content\/wp-content\/uploads\/2019\/03\/2019-03-09_16-35-420100.jpg?resize=640%2C853&amp;ssl=1 640w, https:\/\/i0.wp.com\/www.funktionsmodellbau.ch\/content\/wp-content\/uploads\/2019\/03\/2019-03-09_16-35-420100.jpg?w=1356&amp;ssl=1 1356w\" width=\"139\" height=\"185\" loading=\"lazy\" data-original-width=\"139\" data-original-height=\"185\" itemprop=\"http:\/\/schema.org\/image\" title=\"2019-03-09_16-35-42+0100\" alt=\"2019-03-09_16-35-42+0100\" style=\"width: 139px; height: 185px;\" \/> <\/a> <\/div> <\/div> <!-- close group --> <div class=\"gallery-group images-1\" style=\"width: 142px; height: 189px;\" data-original-width=\"142\" data-original-height=\"189\" > <div class=\"tiled-gallery-item tiled-gallery-item-small\" itemprop=\"associatedMedia\" itemscope itemtype=\"http:\/\/schema.org\/ImageObject\"> <a href=\"https:\/\/www.funktionsmodellbau.ch\/content\/rc-truck-event-in-grossaffoltern-be-ch-2019\/2019-03-09_16-34-330100\/\" border=\"0\" itemprop=\"url\"> <meta itemprop=\"width\" content=\"138\"> <meta itemprop=\"height\" content=\"185\"> <img decoding=\"async\" class=\"\" data-attachment-id=\"9429\" data-orig-file=\"https:\/\/www.funktionsmodellbau.ch\/content\/wp-content\/uploads\/2019\/03\/2019-03-09_16-34-330100.jpg\" data-orig-size=\"2000,2667\" data-comments-opened=\"1\" data-image-meta=\"{&quot;aperture&quot;:&quot;1.8&quot;,&quot;credit&quot;:&quot;&quot;,&quot;camera&quot;:&quot;iPhone 8 Plus&quot;,&quot;caption&quot;:&quot;&quot;,&quot;created_timestamp&quot;:&quot;1552149273&quot;,&quot;copyright&quot;:&quot;fabian.h\\u00fcsser.ch&quot;,&quot;focal_length&quot;:&quot;3.99&quot;,&quot;iso&quot;:&quot;100&quot;,&quot;shutter_speed&quot;:&quot;0.05&quot;,&quot;title&quot;:&quot;&quot;,&quot;orientation&quot;:&quot;1&quot;}\" data-image-title=\"2019-03-09_16-34-33+0100\" data-image-description=\"\" data-medium-file=\"https:\/\/i0.wp.com\/www.funktionsmodellbau.ch\/content\/wp-content\/uploads\/2019\/03\/2019-03-09_16-34-330100.jpg?fit=225%2C300&#038;ssl=1\" data-large-file=\"https:\/\/i0.wp.com\/www.funktionsmodellbau.ch\/content\/wp-content\/uploads\/2019\/03\/2019-03-09_16-34-330100.jpg?fit=678%2C904&#038;ssl=1\" src=\"https:\/\/i0.wp.com\/www.funktionsmodellbau.ch\/content\/wp-content\/uploads\/2019\/03\/2019-03-09_16-34-330100.jpg?w=138&#038;h=185&#038;ssl=1\" srcset=\"https:\/\/i0.wp.com\/www.funktionsmodellbau.ch\/content\/wp-content\/uploads\/2019\/03\/2019-03-09_16-34-330100.jpg?w=2000&amp;ssl=1 2000w, https:\/\/i0.wp.com\/www.funktionsmodellbau.ch\/content\/wp-content\/uploads\/2019\/03\/2019-03-09_16-34-330100.jpg?resize=225%2C300&amp;ssl=1 225w, https:\/\/i0.wp.com\/www.funktionsmodellbau.ch\/content\/wp-content\/uploads\/2019\/03\/2019-03-09_16-34-330100.jpg?resize=768%2C1024&amp;ssl=1 768w, https:\/\/i0.wp.com\/www.funktionsmodellbau.ch\/content\/wp-content\/uploads\/2019\/03\/2019-03-09_16-34-330100.jpg?resize=640%2C853&amp;ssl=1 640w, https:\/\/i0.wp.com\/www.funktionsmodellbau.ch\/content\/wp-content\/uploads\/2019\/03\/2019-03-09_16-34-330100.jpg?w=1356&amp;ssl=1 1356w\" width=\"138\" height=\"185\" loading=\"lazy\" data-original-width=\"138\" data-original-height=\"185\" itemprop=\"http:\/\/schema.org\/image\" title=\"2019-03-09_16-34-33+0100\" alt=\"2019-03-09_16-34-33+0100\" style=\"width: 138px; height: 185px;\" \/> <\/a> <\/div> <\/div> <!-- close group --> <div class=\"gallery-group images-1\" style=\"width: 143px; height: 189px;\" data-original-width=\"143\" data-original-height=\"189\" > <div class=\"tiled-gallery-item tiled-gallery-item-small\" itemprop=\"associatedMedia\" itemscope itemtype=\"http:\/\/schema.org\/ImageObject\"> <a href=\"https:\/\/www.funktionsmodellbau.ch\/content\/rc-truck-event-in-grossaffoltern-be-ch-2019\/2019-03-09_16-26-120100\/\" border=\"0\" itemprop=\"url\"> <meta itemprop=\"width\" content=\"139\"> <meta itemprop=\"height\" content=\"185\"> <img decoding=\"async\" class=\"\" data-attachment-id=\"9421\" data-orig-file=\"https:\/\/www.funktionsmodellbau.ch\/content\/wp-content\/uploads\/2019\/03\/2019-03-09_16-26-120100.jpg\" data-orig-size=\"2048,2731\" data-comments-opened=\"1\" data-image-meta=\"{&quot;aperture&quot;:&quot;1.8&quot;,&quot;credit&quot;:&quot;&quot;,&quot;camera&quot;:&quot;iPhone 8 Plus&quot;,&quot;caption&quot;:&quot;&quot;,&quot;created_timestamp&quot;:&quot;1552148772&quot;,&quot;copyright&quot;:&quot;fabian.h\\u00fcsser.ch&quot;,&quot;focal_length&quot;:&quot;3.99&quot;,&quot;iso&quot;:&quot;25&quot;,&quot;shutter_speed&quot;:&quot;0.05&quot;,&quot;title&quot;:&quot;&quot;,&quot;orientation&quot;:&quot;1&quot;}\" data-image-title=\"2019-03-09_16-26-12+0100\" data-image-description=\"\" data-medium-file=\"https:\/\/i0.wp.com\/www.funktionsmodellbau.ch\/content\/wp-content\/uploads\/2019\/03\/2019-03-09_16-26-120100.jpg?fit=225%2C300&#038;ssl=1\" data-large-file=\"https:\/\/i0.wp.com\/www.funktionsmodellbau.ch\/content\/wp-content\/uploads\/2019\/03\/2019-03-09_16-26-120100.jpg?fit=678%2C904&#038;ssl=1\" src=\"https:\/\/i0.wp.com\/www.funktionsmodellbau.ch\/content\/wp-content\/uploads\/2019\/03\/2019-03-09_16-26-120100.jpg?w=139&#038;h=185&#038;ssl=1\" srcset=\"https:\/\/i0.wp.com\/www.funktionsmodellbau.ch\/content\/wp-content\/uploads\/2019\/03\/2019-03-09_16-26-120100.jpg?w=2048&amp;ssl=1 2048w, https:\/\/i0.wp.com\/www.funktionsmodellbau.ch\/content\/wp-content\/uploads\/2019\/03\/2019-03-09_16-26-120100.jpg?resize=225%2C300&amp;ssl=1 225w, https:\/\/i0.wp.com\/www.funktionsmodellbau.ch\/content\/wp-content\/uploads\/2019\/03\/2019-03-09_16-26-120100.jpg?resize=768%2C1024&amp;ssl=1 768w, https:\/\/i0.wp.com\/www.funktionsmodellbau.ch\/content\/wp-content\/uploads\/2019\/03\/2019-03-09_16-26-120100.jpg?resize=640%2C853&amp;ssl=1 640w, https:\/\/i0.wp.com\/www.funktionsmodellbau.ch\/content\/wp-content\/uploads\/2019\/03\/2019-03-09_16-26-120100.jpg?w=1356&amp;ssl=1 1356w\" width=\"139\" height=\"185\" loading=\"lazy\" data-original-width=\"139\" data-original-height=\"185\" itemprop=\"http:\/\/schema.org\/image\" title=\"2019-03-09_16-26-12+0100\" alt=\"2019-03-09_16-26-12+0100\" style=\"width: 139px; height: 185px;\" \/> <\/a> <\/div> <\/div> <!-- close group --> <\/div> <!-- close row --> <\/div>\n","protected":false},"excerpt":{"rendered":"<p>&nbsp; In Grossaffoltern im Kanton Bern organisiert Roger H\u00fcgli mit seinem Team bereits zum dritten Mal das tolle RC-Modelltrucktreffen. Gerne nehme ich am Samstag 9. M\u00e4rz 2019 daf\u00fcr die 1 <a class=\"more-link\" href=\"https:\/\/www.funktionsmodellbau.ch\/content\/rc-truck-event-in-grossaffoltern-be-ch-2019\/\">Weiter lesen \u2192<\/a><\/p>\n","protected":false},"author":1,"featured_media":0,"comment_status":"open","ping_status":"open","sticky":false,"template":"","format":"standard","meta":{"jetpack_post_was_ever_published":false,"_jetpack_newsletter_access":"","_jetpack_dont_email_post_to_subs":false,"_jetpack_newsletter_tier_id":0,"_jetpack_memberships_contains_paywalled_content":false,"_jetpack_memberships_contains_paid_content":false,"footnotes":""},"categories":[60,806,11,61,720,721],"tags":[128,681,790,410,191,300,381,139,119],"series":[],"yoast_head":"<!-- This site is optimized with the Yoast SEO plugin v24.5 - https:\/\/yoast.com\/wordpress\/plugins\/seo\/ -->\n<title>RC Truck Event in Grossaffoltern (BE\/CH) 2019 - funktionsmodellbau.ch<\/title>\n<meta name=\"robots\" content=\"index, follow, max-snippet:-1, max-image-preview:large, max-video-preview:-1\" \/>\n<link rel=\"canonical\" href=\"https:\/\/www.funktionsmodellbau.ch\/content\/rc-truck-event-in-grossaffoltern-be-ch-2019\/\" \/>\n<meta property=\"og:locale\" content=\"de_DE\" \/>\n<meta property=\"og:type\" content=\"article\" \/>\n<meta property=\"og:title\" content=\"RC Truck Event in Grossaffoltern (BE\/CH) 2019 - funktionsmodellbau.ch\" \/>\n<meta property=\"og:description\" content=\"&nbsp; In Grossaffoltern im Kanton Bern organisiert Roger H\u00fcgli mit seinem Team bereits zum dritten Mal das tolle RC-Modelltrucktreffen. Gerne nehme ich am Samstag 9. M\u00e4rz 2019 daf\u00fcr die 1 Weiter lesen \u2192\" \/>\n<meta property=\"og:url\" content=\"https:\/\/www.funktionsmodellbau.ch\/content\/rc-truck-event-in-grossaffoltern-be-ch-2019\/\" \/>\n<meta property=\"og:site_name\" content=\"funktionsmodellbau.ch\" \/>\n<meta property=\"article:publisher\" content=\"https:\/\/www.facebook.com\/funktionsmodellbau\/\" \/>\n<meta property=\"article:published_time\" content=\"2019-04-24T18:01:30+00:00\" \/>\n<meta property=\"article:modified_time\" content=\"2019-04-24T18:02:48+00:00\" \/>\n<meta property=\"og:image\" content=\"https:\/\/i1.wp.com\/www.funktionsmodellbau.ch\/content\/wp-content\/uploads\/2019\/03\/P1340013.jpg?w=247&#038;h=186&#038;ssl=1\" \/>\n<meta name=\"author\" content=\"chef\" \/>\n<meta name=\"twitter:card\" content=\"summary_large_image\" \/>\n<meta name=\"twitter:creator\" content=\"@funktionsmodell\" \/>\n<meta name=\"twitter:site\" content=\"@funktionsmodell\" \/>\n<meta name=\"twitter:label1\" content=\"Verfasst von\" \/>\n\t<meta name=\"twitter:data1\" content=\"chef\" \/>\n\t<meta name=\"twitter:label2\" content=\"Gesch\u00e4tzte Lesezeit\" \/>\n\t<meta name=\"twitter:data2\" content=\"1\u00a0Minute\" \/>\n<script type=\"application\/ld+json\" class=\"yoast-schema-graph\">{\"@context\":\"https:\/\/schema.org\",\"@graph\":[{\"@type\":\"WebPage\",\"@id\":\"https:\/\/www.funktionsmodellbau.ch\/content\/rc-truck-event-in-grossaffoltern-be-ch-2019\/\",\"url\":\"https:\/\/www.funktionsmodellbau.ch\/content\/rc-truck-event-in-grossaffoltern-be-ch-2019\/\",\"name\":\"RC Truck Event in Grossaffoltern (BE\/CH) 2019 - funktionsmodellbau.ch\",\"isPartOf\":{\"@id\":\"https:\/\/www.funktionsmodellbau.ch\/content\/#website\"},\"primaryImageOfPage\":{\"@id\":\"https:\/\/www.funktionsmodellbau.ch\/content\/rc-truck-event-in-grossaffoltern-be-ch-2019\/#primaryimage\"},\"image\":{\"@id\":\"https:\/\/www.funktionsmodellbau.ch\/content\/rc-truck-event-in-grossaffoltern-be-ch-2019\/#primaryimage\"},\"thumbnailUrl\":\"https:\/\/www.funktionsmodellbau.ch\/content\/wp-content\/uploads\/2019\/03\/yt_teaser_grossaffoltern_2019.jpg\",\"datePublished\":\"2019-04-24T18:01:30+00:00\",\"dateModified\":\"2019-04-24T18:02:48+00:00\",\"author\":{\"@id\":\"https:\/\/www.funktionsmodellbau.ch\/content\/#\/schema\/person\/51e2b2a5a18752596eee2eadbbb2d6a7\"},\"breadcrumb\":{\"@id\":\"https:\/\/www.funktionsmodellbau.ch\/content\/rc-truck-event-in-grossaffoltern-be-ch-2019\/#breadcrumb\"},\"inLanguage\":\"de\",\"potentialAction\":[{\"@type\":\"ReadAction\",\"target\":[\"https:\/\/www.funktionsmodellbau.ch\/content\/rc-truck-event-in-grossaffoltern-be-ch-2019\/\"]}]},{\"@type\":\"ImageObject\",\"inLanguage\":\"de\",\"@id\":\"https:\/\/www.funktionsmodellbau.ch\/content\/rc-truck-event-in-grossaffoltern-be-ch-2019\/#primaryimage\",\"url\":\"https:\/\/i0.wp.com\/www.funktionsmodellbau.ch\/content\/wp-content\/uploads\/2019\/03\/yt_teaser_grossaffoltern_2019.jpg?fit=3264%2C1840&ssl=1\",\"contentUrl\":\"https:\/\/i0.wp.com\/www.funktionsmodellbau.ch\/content\/wp-content\/uploads\/2019\/03\/yt_teaser_grossaffoltern_2019.jpg?fit=3264%2C1840&ssl=1\",\"width\":3264,\"height\":1840,\"caption\":\"TEASER\"},{\"@type\":\"BreadcrumbList\",\"@id\":\"https:\/\/www.funktionsmodellbau.ch\/content\/rc-truck-event-in-grossaffoltern-be-ch-2019\/#breadcrumb\",\"itemListElement\":[{\"@type\":\"ListItem\",\"position\":1,\"name\":\"Startseite\",\"item\":\"https:\/\/www.funktionsmodellbau.ch\/content\/\"},{\"@type\":\"ListItem\",\"position\":2,\"name\":\"RC Truck Event in Grossaffoltern (BE\/CH) 2019\"}]},{\"@type\":\"WebSite\",\"@id\":\"https:\/\/www.funktionsmodellbau.ch\/content\/#website\",\"url\":\"https:\/\/www.funktionsmodellbau.ch\/content\/\",\"name\":\"funktionsmodellbau.ch\",\"description\":\"RC MODELLNUTZFAHRZEUGE | RC TRUCK-MODELLBAU | RC SCALE CARS | RC BOOTE\",\"potentialAction\":[{\"@type\":\"SearchAction\",\"target\":{\"@type\":\"EntryPoint\",\"urlTemplate\":\"https:\/\/www.funktionsmodellbau.ch\/content\/?s={search_term_string}\"},\"query-input\":{\"@type\":\"PropertyValueSpecification\",\"valueRequired\":true,\"valueName\":\"search_term_string\"}}],\"inLanguage\":\"de\"},{\"@type\":\"Person\",\"@id\":\"https:\/\/www.funktionsmodellbau.ch\/content\/#\/schema\/person\/51e2b2a5a18752596eee2eadbbb2d6a7\",\"name\":\"chef\",\"image\":{\"@type\":\"ImageObject\",\"inLanguage\":\"de\",\"@id\":\"https:\/\/www.funktionsmodellbau.ch\/content\/#\/schema\/person\/image\/\",\"url\":\"https:\/\/secure.gravatar.com\/avatar\/30a0ceeb5c6accda997741393cc0673d?s=96&r=g\",\"contentUrl\":\"https:\/\/secure.gravatar.com\/avatar\/30a0ceeb5c6accda997741393cc0673d?s=96&r=g\",\"caption\":\"chef\"},\"description\":\"Hallo, ich heisse Fabian und bin hier der Hausmeister. Mich interessiert zwar die ganze Bandbreite im Modellbau, mein Fokus ist aber der Funktionsmodellbau. Speziell RC-Modellnutzfahrzeuge. Ihr findet mich auch auf Twitter, Facebook und Google+\",\"sameAs\":[\"https:\/\/www.funktionsmodellbau.ch\"],\"url\":\"https:\/\/www.funktionsmodellbau.ch\/content\/author\/admin\/\"}]}<\/script>\n<!-- \/ Yoast SEO plugin. -->","yoast_head_json":{"title":"RC Truck Event in Grossaffoltern (BE\/CH) 2019 - funktionsmodellbau.ch","robots":{"index":"index","follow":"follow","max-snippet":"max-snippet:-1","max-image-preview":"max-image-preview:large","max-video-preview":"max-video-preview:-1"},"canonical":"https:\/\/www.funktionsmodellbau.ch\/content\/rc-truck-event-in-grossaffoltern-be-ch-2019\/","og_locale":"de_DE","og_type":"article","og_title":"RC Truck Event in Grossaffoltern (BE\/CH) 2019 - funktionsmodellbau.ch","og_description":"&nbsp; In Grossaffoltern im Kanton Bern organisiert Roger H\u00fcgli mit seinem Team bereits zum dritten Mal das tolle RC-Modelltrucktreffen. Gerne nehme ich am Samstag 9. M\u00e4rz 2019 daf\u00fcr die 1 Weiter lesen \u2192","og_url":"https:\/\/www.funktionsmodellbau.ch\/content\/rc-truck-event-in-grossaffoltern-be-ch-2019\/","og_site_name":"funktionsmodellbau.ch","article_publisher":"https:\/\/www.facebook.com\/funktionsmodellbau\/","article_published_time":"2019-04-24T18:01:30+00:00","article_modified_time":"2019-04-24T18:02:48+00:00","og_image":[{"url":"https:\/\/i1.wp.com\/www.funktionsmodellbau.ch\/content\/wp-content\/uploads\/2019\/03\/P1340013.jpg?w=247&#038;h=186&#038;ssl=1","type":"","width":"","height":""}],"author":"chef","twitter_card":"summary_large_image","twitter_creator":"@funktionsmodell","twitter_site":"@funktionsmodell","twitter_misc":{"Verfasst von":"chef","Gesch\u00e4tzte Lesezeit":"1\u00a0Minute"},"schema":{"@context":"https:\/\/schema.org","@graph":[{"@type":"WebPage","@id":"https:\/\/www.funktionsmodellbau.ch\/content\/rc-truck-event-in-grossaffoltern-be-ch-2019\/","url":"https:\/\/www.funktionsmodellbau.ch\/content\/rc-truck-event-in-grossaffoltern-be-ch-2019\/","name":"RC Truck Event in Grossaffoltern (BE\/CH) 2019 - funktionsmodellbau.ch","isPartOf":{"@id":"https:\/\/www.funktionsmodellbau.ch\/content\/#website"},"primaryImageOfPage":{"@id":"https:\/\/www.funktionsmodellbau.ch\/content\/rc-truck-event-in-grossaffoltern-be-ch-2019\/#primaryimage"},"image":{"@id":"https:\/\/www.funktionsmodellbau.ch\/content\/rc-truck-event-in-grossaffoltern-be-ch-2019\/#primaryimage"},"thumbnailUrl":"https:\/\/www.funktionsmodellbau.ch\/content\/wp-content\/uploads\/2019\/03\/yt_teaser_grossaffoltern_2019.jpg","datePublished":"2019-04-24T18:01:30+00:00","dateModified":"2019-04-24T18:02:48+00:00","author":{"@id":"https:\/\/www.funktionsmodellbau.ch\/content\/#\/schema\/person\/51e2b2a5a18752596eee2eadbbb2d6a7"},"breadcrumb":{"@id":"https:\/\/www.funktionsmodellbau.ch\/content\/rc-truck-event-in-grossaffoltern-be-ch-2019\/#breadcrumb"},"inLanguage":"de","potentialAction":[{"@type":"ReadAction","target":["https:\/\/www.funktionsmodellbau.ch\/content\/rc-truck-event-in-grossaffoltern-be-ch-2019\/"]}]},{"@type":"ImageObject","inLanguage":"de","@id":"https:\/\/www.funktionsmodellbau.ch\/content\/rc-truck-event-in-grossaffoltern-be-ch-2019\/#primaryimage","url":"https:\/\/i0.wp.com\/www.funktionsmodellbau.ch\/content\/wp-content\/uploads\/2019\/03\/yt_teaser_grossaffoltern_2019.jpg?fit=3264%2C1840&ssl=1","contentUrl":"https:\/\/i0.wp.com\/www.funktionsmodellbau.ch\/content\/wp-content\/uploads\/2019\/03\/yt_teaser_grossaffoltern_2019.jpg?fit=3264%2C1840&ssl=1","width":3264,"height":1840,"caption":"TEASER"},{"@type":"BreadcrumbList","@id":"https:\/\/www.funktionsmodellbau.ch\/content\/rc-truck-event-in-grossaffoltern-be-ch-2019\/#breadcrumb","itemListElement":[{"@type":"ListItem","position":1,"name":"Startseite","item":"https:\/\/www.funktionsmodellbau.ch\/content\/"},{"@type":"ListItem","position":2,"name":"RC Truck Event in Grossaffoltern (BE\/CH) 2019"}]},{"@type":"WebSite","@id":"https:\/\/www.funktionsmodellbau.ch\/content\/#website","url":"https:\/\/www.funktionsmodellbau.ch\/content\/","name":"funktionsmodellbau.ch","description":"RC MODELLNUTZFAHRZEUGE | RC TRUCK-MODELLBAU | RC SCALE CARS | RC BOOTE","potentialAction":[{"@type":"SearchAction","target":{"@type":"EntryPoint","urlTemplate":"https:\/\/www.funktionsmodellbau.ch\/content\/?s={search_term_string}"},"query-input":{"@type":"PropertyValueSpecification","valueRequired":true,"valueName":"search_term_string"}}],"inLanguage":"de"},{"@type":"Person","@id":"https:\/\/www.funktionsmodellbau.ch\/content\/#\/schema\/person\/51e2b2a5a18752596eee2eadbbb2d6a7","name":"chef","image":{"@type":"ImageObject","inLanguage":"de","@id":"https:\/\/www.funktionsmodellbau.ch\/content\/#\/schema\/person\/image\/","url":"https:\/\/secure.gravatar.com\/avatar\/30a0ceeb5c6accda997741393cc0673d?s=96&r=g","contentUrl":"https:\/\/secure.gravatar.com\/avatar\/30a0ceeb5c6accda997741393cc0673d?s=96&r=g","caption":"chef"},"description":"Hallo, ich heisse Fabian und bin hier der Hausmeister. Mich interessiert zwar die ganze Bandbreite im Modellbau, mein Fokus ist aber der Funktionsmodellbau. Speziell RC-Modellnutzfahrzeuge. Ihr findet mich auch auf Twitter, Facebook und Google+","sameAs":["https:\/\/www.funktionsmodellbau.ch"],"url":"https:\/\/www.funktionsmodellbau.ch\/content\/author\/admin\/"}]}},"jetpack_sharing_enabled":true,"jetpack_featured_media_url":"","_links":{"self":[{"href":"https:\/\/www.funktionsmodellbau.ch\/content\/wp-json\/wp\/v2\/posts\/9411"}],"collection":[{"href":"https:\/\/www.funktionsmodellbau.ch\/content\/wp-json\/wp\/v2\/posts"}],"about":[{"href":"https:\/\/www.funktionsmodellbau.ch\/content\/wp-json\/wp\/v2\/types\/post"}],"author":[{"embeddable":true,"href":"https:\/\/www.funktionsmodellbau.ch\/content\/wp-json\/wp\/v2\/users\/1"}],"replies":[{"embeddable":true,"href":"https:\/\/www.funktionsmodellbau.ch\/content\/wp-json\/wp\/v2\/comments?post=9411"}],"version-history":[{"count":4,"href":"https:\/\/www.funktionsmodellbau.ch\/content\/wp-json\/wp\/v2\/posts\/9411\/revisions"}],"predecessor-version":[{"id":9477,"href":"https:\/\/www.funktionsmodellbau.ch\/content\/wp-json\/wp\/v2\/posts\/9411\/revisions\/9477"}],"wp:attachment":[{"href":"https:\/\/www.funktionsmodellbau.ch\/content\/wp-json\/wp\/v2\/media?parent=9411"}],"wp:term":[{"taxonomy":"category","embeddable":true,"href":"https:\/\/www.funktionsmodellbau.ch\/content\/wp-json\/wp\/v2\/categories?post=9411"},{"taxonomy":"post_tag","embeddable":true,"href":"https:\/\/www.funktionsmodellbau.ch\/content\/wp-json\/wp\/v2\/tags?post=9411"},{"taxonomy":"series","embeddable":true,"href":"https:\/\/www.funktionsmodellbau.ch\/content\/wp-json\/wp\/v2\/series?post=9411"}],"curies":[{"name":"wp","href":"https:\/\/api.w.org\/{rel}","templated":true}]}}