{"id":909,"date":"2010-03-21T08:54:39","date_gmt":"2010-03-21T07:54:39","guid":{"rendered":"https:\/\/www.funktionsmodellbau.ch\/content\/?p=909"},"modified":"2013-04-24T13:17:35","modified_gmt":"2013-04-24T12:17:35","slug":"baubericht-saurer-d-330-bn-6%c3%976-teil-21","status":"publish","type":"post","link":"https:\/\/www.funktionsmodellbau.ch\/content\/baubericht-saurer-d-330-bn-6%c3%976-teil-21\/","title":{"rendered":"Baubericht: Saurer D-330 BN 6\u00d76  (Teil 21)"},"content":{"rendered":"<div class=\"seriesmeta\"><strong>Das ist der 21. Artikel von 73 in dieser Serie <a href=\"https:\/\/www.funktionsmodellbau.ch\/content\/series\/saurer\/\" class=\"series-72\" title=\"Baubericht: Saurer D-330 BN 6x6\">Baubericht: Saurer D-330 BN 6x6<\/a><\/strong><\/div><p>An meinem Einstieg fehlte bis jetzt noch der typische B\u00fcgel. Anhand ein paar Fotos versuchte ich zwei solche B\u00fcgel f\u00fcr den Saurer zu bauen. Hier das Ergebnis (noch bisschen schief, weil noch nicht gerichtet und richtig befestigt).<br \/>\n<a href=\"https:\/\/i0.wp.com\/www.funktionsmodellbau.ch\/content\/wp-content\/gallery\/baubericht-saurer-d330\/p1090009.jpg?ssl=1\"><img data-recalc-dims=\"1\" decoding=\"async\" src=\"https:\/\/i0.wp.com\/www.funktionsmodellbau.ch\/content\/wp-content\/gallery\/baubericht-saurer-d330\/p1090009.jpg?w=640&#038;ssl=1\" alt=\"Einstieg\"  \/><\/a><!--more--><\/p>\n<p><a href=\"https:\/\/i0.wp.com\/www.funktionsmodellbau.ch\/content\/wp-content\/gallery\/baubericht-saurer-d330\/p1090010_0.jpg?ssl=1\"><img data-recalc-dims=\"1\" decoding=\"async\" src=\"https:\/\/i0.wp.com\/www.funktionsmodellbau.ch\/content\/wp-content\/gallery\/baubericht-saurer-d330\/p1090010_0.jpg?w=640&#038;ssl=1\" alt=\"Einstieg\"  \/><\/a><\/p>\n<p>Die 2. Version vom Tank wurde fertig:<\/p>\n<p><a href=\"https:\/\/i0.wp.com\/www.funktionsmodellbau.ch\/content\/wp-content\/gallery\/baubericht-saurer-d330\/p1090051.jpg?ssl=1\"><img data-recalc-dims=\"1\" loading=\"lazy\" decoding=\"async\" src=\"https:\/\/i0.wp.com\/www.funktionsmodellbau.ch\/content\/wp-content\/gallery\/baubericht-saurer-d330\/p1090051.jpg?resize=640%2C480&#038;ssl=1\" alt=\"Tank\" width=\"640\" height=\"480\" \/><\/a><\/p>\n<p>In diesem Tank lasse ich das Soundmodul verschwinden und neu gibts auch eine Verschlussklappe dazu:<\/p>\n<p><a href=\"https:\/\/i0.wp.com\/www.funktionsmodellbau.ch\/content\/wp-content\/gallery\/baubericht-saurer-d330\/p1090054.jpg?ssl=1\"><img data-recalc-dims=\"1\" loading=\"lazy\" decoding=\"async\" src=\"https:\/\/i0.wp.com\/www.funktionsmodellbau.ch\/content\/wp-content\/gallery\/baubericht-saurer-d330\/p1090054.jpg?resize=640%2C480&#038;ssl=1\" alt=\"Tank\" width=\"640\" height=\"480\" \/><\/a><\/p>\n<p><a href=\"https:\/\/i0.wp.com\/www.funktionsmodellbau.ch\/content\/wp-content\/gallery\/baubericht-saurer-d330\/p1090055.jpg?ssl=1\"><img data-recalc-dims=\"1\" loading=\"lazy\" decoding=\"async\" src=\"https:\/\/i0.wp.com\/www.funktionsmodellbau.ch\/content\/wp-content\/gallery\/baubericht-saurer-d330\/p1090055.jpg?resize=640%2C480&#038;ssl=1\" alt=\"Tank\" width=\"640\" height=\"480\" \/><\/a><\/p>\n<p>&#8230; und mal so zum Anprobieren, die Seitenwand vom Kipper.<\/p>\n<p><a href=\"https:\/\/i0.wp.com\/www.funktionsmodellbau.ch\/content\/wp-content\/gallery\/baubericht-saurer-d330\/p1090053.jpg?ssl=1\"><img data-recalc-dims=\"1\" loading=\"lazy\" decoding=\"async\" src=\"https:\/\/i0.wp.com\/www.funktionsmodellbau.ch\/content\/wp-content\/gallery\/baubericht-saurer-d330\/p1090053.jpg?resize=640%2C480&#038;ssl=1\" alt=\"\" width=\"640\" height=\"480\" \/><\/a><\/p>\n<p>&nbsp;<\/p>\n<p>&nbsp;<\/p>\n","protected":false},"excerpt":{"rendered":"<div class=\"seriesmeta\">Das ist der 21. der 73 Artikel in dieser Serie <a href=\"https:\/\/www.funktionsmodellbau.ch\/content\/series\/saurer\/\" class=\"series-72\" title=\"Baubericht: Saurer D-330 BN 6x6\">Baubericht: Saurer D-330 BN 6x6<\/a><\/div><p>An meinem Einstieg fehlte bis jetzt noch der typische B\u00fcgel. Anhand ein paar Fotos versuchte ich zwei solche B\u00fcgel f\u00fcr den Saurer zu bauen. Hier das Ergebnis (noch bisschen schief, <a class=\"more-link\" href=\"https:\/\/www.funktionsmodellbau.ch\/content\/baubericht-saurer-d-330-bn-6%c3%976-teil-21\/\">Weiter lesen \u2192<\/a><\/p>\n","protected":false},"author":1,"featured_media":0,"comment_status":"open","ping_status":"open","sticky":false,"template":"","format":"standard","meta":{"jetpack_post_was_ever_published":false,"_jetpack_newsletter_access":"","_jetpack_dont_email_post_to_subs":false,"_jetpack_newsletter_tier_id":0,"_jetpack_memberships_contains_paywalled_content":false,"_jetpack_memberships_contains_paid_content":false,"footnotes":""},"categories":[12,464,8],"tags":[81,19,23,80,18],"series":[72],"yoast_head":"<!-- This site is optimized with the Yoast SEO plugin v24.5 - https:\/\/yoast.com\/wordpress\/plugins\/seo\/ -->\n<title>Baubericht: Saurer D-330 BN 6\u00d76 (Teil 21) - funktionsmodellbau.ch<\/title>\n<meta name=\"robots\" content=\"index, follow, max-snippet:-1, max-image-preview:large, max-video-preview:-1\" \/>\n<link rel=\"canonical\" href=\"https:\/\/www.funktionsmodellbau.ch\/content\/baubericht-saurer-d-330-bn-6\u00d76-teil-21\/\" \/>\n<meta property=\"og:locale\" content=\"de_DE\" \/>\n<meta property=\"og:type\" content=\"article\" \/>\n<meta property=\"og:title\" content=\"Baubericht: Saurer D-330 BN 6\u00d76 (Teil 21) - funktionsmodellbau.ch\" \/>\n<meta property=\"og:description\" content=\"An meinem Einstieg fehlte bis jetzt noch der typische B\u00fcgel. Anhand ein paar Fotos versuchte ich zwei solche B\u00fcgel f\u00fcr den Saurer zu bauen. Hier das Ergebnis (noch bisschen schief, Weiter lesen \u2192\" \/>\n<meta property=\"og:url\" content=\"https:\/\/www.funktionsmodellbau.ch\/content\/baubericht-saurer-d-330-bn-6\u00d76-teil-21\/\" \/>\n<meta property=\"og:site_name\" content=\"funktionsmodellbau.ch\" \/>\n<meta property=\"article:publisher\" content=\"https:\/\/www.facebook.com\/funktionsmodellbau\/\" \/>\n<meta property=\"article:published_time\" content=\"2010-03-21T07:54:39+00:00\" \/>\n<meta property=\"article:modified_time\" content=\"2013-04-24T12:17:35+00:00\" \/>\n<meta property=\"og:image\" content=\"https:\/\/www.funktionsmodellbau.ch\/content\/wp-content\/gallery\/baubericht-saurer-d330\/p1090009.jpg\" \/>\n<meta name=\"author\" content=\"chef\" \/>\n<meta name=\"twitter:card\" content=\"summary_large_image\" \/>\n<meta name=\"twitter:creator\" content=\"@funktionsmodell\" \/>\n<meta name=\"twitter:site\" content=\"@funktionsmodell\" \/>\n<meta name=\"twitter:label1\" content=\"Verfasst von\" \/>\n\t<meta name=\"twitter:data1\" content=\"chef\" \/>\n<script type=\"application\/ld+json\" class=\"yoast-schema-graph\">{\"@context\":\"https:\/\/schema.org\",\"@graph\":[{\"@type\":\"WebPage\",\"@id\":\"https:\/\/www.funktionsmodellbau.ch\/content\/baubericht-saurer-d-330-bn-6%c3%976-teil-21\/\",\"url\":\"https:\/\/www.funktionsmodellbau.ch\/content\/baubericht-saurer-d-330-bn-6%c3%976-teil-21\/\",\"name\":\"Baubericht: Saurer D-330 BN 6\u00d76 (Teil 21) - funktionsmodellbau.ch\",\"isPartOf\":{\"@id\":\"https:\/\/www.funktionsmodellbau.ch\/content\/#website\"},\"primaryImageOfPage\":{\"@id\":\"https:\/\/www.funktionsmodellbau.ch\/content\/baubericht-saurer-d-330-bn-6%c3%976-teil-21\/#primaryimage\"},\"image\":{\"@id\":\"https:\/\/www.funktionsmodellbau.ch\/content\/baubericht-saurer-d-330-bn-6%c3%976-teil-21\/#primaryimage\"},\"thumbnailUrl\":\"https:\/\/www.funktionsmodellbau.ch\/content\/wp-content\/gallery\/baubericht-saurer-d330\/p1090009.jpg\",\"datePublished\":\"2010-03-21T07:54:39+00:00\",\"dateModified\":\"2013-04-24T12:17:35+00:00\",\"author\":{\"@id\":\"https:\/\/www.funktionsmodellbau.ch\/content\/#\/schema\/person\/51e2b2a5a18752596eee2eadbbb2d6a7\"},\"breadcrumb\":{\"@id\":\"https:\/\/www.funktionsmodellbau.ch\/content\/baubericht-saurer-d-330-bn-6%c3%976-teil-21\/#breadcrumb\"},\"inLanguage\":\"de\",\"potentialAction\":[{\"@type\":\"ReadAction\",\"target\":[\"https:\/\/www.funktionsmodellbau.ch\/content\/baubericht-saurer-d-330-bn-6%c3%976-teil-21\/\"]}]},{\"@type\":\"ImageObject\",\"inLanguage\":\"de\",\"@id\":\"https:\/\/www.funktionsmodellbau.ch\/content\/baubericht-saurer-d-330-bn-6%c3%976-teil-21\/#primaryimage\",\"url\":\"https:\/\/www.funktionsmodellbau.ch\/content\/wp-content\/gallery\/baubericht-saurer-d330\/p1090009.jpg\",\"contentUrl\":\"https:\/\/www.funktionsmodellbau.ch\/content\/wp-content\/gallery\/baubericht-saurer-d330\/p1090009.jpg\"},{\"@type\":\"BreadcrumbList\",\"@id\":\"https:\/\/www.funktionsmodellbau.ch\/content\/baubericht-saurer-d-330-bn-6%c3%976-teil-21\/#breadcrumb\",\"itemListElement\":[{\"@type\":\"ListItem\",\"position\":1,\"name\":\"Startseite\",\"item\":\"https:\/\/www.funktionsmodellbau.ch\/content\/\"},{\"@type\":\"ListItem\",\"position\":2,\"name\":\"Baubericht: Saurer D-330 BN 6\u00d76 (Teil 21)\"}]},{\"@type\":\"WebSite\",\"@id\":\"https:\/\/www.funktionsmodellbau.ch\/content\/#website\",\"url\":\"https:\/\/www.funktionsmodellbau.ch\/content\/\",\"name\":\"funktionsmodellbau.ch\",\"description\":\"RC MODELLNUTZFAHRZEUGE | RC TRUCK-MODELLBAU | RC SCALE CARS | RC BOOTE\",\"potentialAction\":[{\"@type\":\"SearchAction\",\"target\":{\"@type\":\"EntryPoint\",\"urlTemplate\":\"https:\/\/www.funktionsmodellbau.ch\/content\/?s={search_term_string}\"},\"query-input\":{\"@type\":\"PropertyValueSpecification\",\"valueRequired\":true,\"valueName\":\"search_term_string\"}}],\"inLanguage\":\"de\"},{\"@type\":\"Person\",\"@id\":\"https:\/\/www.funktionsmodellbau.ch\/content\/#\/schema\/person\/51e2b2a5a18752596eee2eadbbb2d6a7\",\"name\":\"chef\",\"image\":{\"@type\":\"ImageObject\",\"inLanguage\":\"de\",\"@id\":\"https:\/\/www.funktionsmodellbau.ch\/content\/#\/schema\/person\/image\/\",\"url\":\"https:\/\/secure.gravatar.com\/avatar\/30a0ceeb5c6accda997741393cc0673d?s=96&r=g\",\"contentUrl\":\"https:\/\/secure.gravatar.com\/avatar\/30a0ceeb5c6accda997741393cc0673d?s=96&r=g\",\"caption\":\"chef\"},\"description\":\"Hallo, ich heisse Fabian und bin hier der Hausmeister. Mich interessiert zwar die ganze Bandbreite im Modellbau, mein Fokus ist aber der Funktionsmodellbau. Speziell RC-Modellnutzfahrzeuge. Ihr findet mich auch auf Twitter, Facebook und Google+\",\"sameAs\":[\"https:\/\/www.funktionsmodellbau.ch\"],\"url\":\"https:\/\/www.funktionsmodellbau.ch\/content\/author\/admin\/\"}]}<\/script>\n<!-- \/ Yoast SEO plugin. -->","yoast_head_json":{"title":"Baubericht: Saurer D-330 BN 6\u00d76 (Teil 21) - funktionsmodellbau.ch","robots":{"index":"index","follow":"follow","max-snippet":"max-snippet:-1","max-image-preview":"max-image-preview:large","max-video-preview":"max-video-preview:-1"},"canonical":"https:\/\/www.funktionsmodellbau.ch\/content\/baubericht-saurer-d-330-bn-6\u00d76-teil-21\/","og_locale":"de_DE","og_type":"article","og_title":"Baubericht: Saurer D-330 BN 6\u00d76 (Teil 21) - funktionsmodellbau.ch","og_description":"An meinem Einstieg fehlte bis jetzt noch der typische B\u00fcgel. Anhand ein paar Fotos versuchte ich zwei solche B\u00fcgel f\u00fcr den Saurer zu bauen. Hier das Ergebnis (noch bisschen schief, Weiter lesen \u2192","og_url":"https:\/\/www.funktionsmodellbau.ch\/content\/baubericht-saurer-d-330-bn-6\u00d76-teil-21\/","og_site_name":"funktionsmodellbau.ch","article_publisher":"https:\/\/www.facebook.com\/funktionsmodellbau\/","article_published_time":"2010-03-21T07:54:39+00:00","article_modified_time":"2013-04-24T12:17:35+00:00","og_image":[{"url":"https:\/\/www.funktionsmodellbau.ch\/content\/wp-content\/gallery\/baubericht-saurer-d330\/p1090009.jpg","type":"","width":"","height":""}],"author":"chef","twitter_card":"summary_large_image","twitter_creator":"@funktionsmodell","twitter_site":"@funktionsmodell","twitter_misc":{"Verfasst von":"chef"},"schema":{"@context":"https:\/\/schema.org","@graph":[{"@type":"WebPage","@id":"https:\/\/www.funktionsmodellbau.ch\/content\/baubericht-saurer-d-330-bn-6%c3%976-teil-21\/","url":"https:\/\/www.funktionsmodellbau.ch\/content\/baubericht-saurer-d-330-bn-6%c3%976-teil-21\/","name":"Baubericht: Saurer D-330 BN 6\u00d76 (Teil 21) - funktionsmodellbau.ch","isPartOf":{"@id":"https:\/\/www.funktionsmodellbau.ch\/content\/#website"},"primaryImageOfPage":{"@id":"https:\/\/www.funktionsmodellbau.ch\/content\/baubericht-saurer-d-330-bn-6%c3%976-teil-21\/#primaryimage"},"image":{"@id":"https:\/\/www.funktionsmodellbau.ch\/content\/baubericht-saurer-d-330-bn-6%c3%976-teil-21\/#primaryimage"},"thumbnailUrl":"https:\/\/www.funktionsmodellbau.ch\/content\/wp-content\/gallery\/baubericht-saurer-d330\/p1090009.jpg","datePublished":"2010-03-21T07:54:39+00:00","dateModified":"2013-04-24T12:17:35+00:00","author":{"@id":"https:\/\/www.funktionsmodellbau.ch\/content\/#\/schema\/person\/51e2b2a5a18752596eee2eadbbb2d6a7"},"breadcrumb":{"@id":"https:\/\/www.funktionsmodellbau.ch\/content\/baubericht-saurer-d-330-bn-6%c3%976-teil-21\/#breadcrumb"},"inLanguage":"de","potentialAction":[{"@type":"ReadAction","target":["https:\/\/www.funktionsmodellbau.ch\/content\/baubericht-saurer-d-330-bn-6%c3%976-teil-21\/"]}]},{"@type":"ImageObject","inLanguage":"de","@id":"https:\/\/www.funktionsmodellbau.ch\/content\/baubericht-saurer-d-330-bn-6%c3%976-teil-21\/#primaryimage","url":"https:\/\/www.funktionsmodellbau.ch\/content\/wp-content\/gallery\/baubericht-saurer-d330\/p1090009.jpg","contentUrl":"https:\/\/www.funktionsmodellbau.ch\/content\/wp-content\/gallery\/baubericht-saurer-d330\/p1090009.jpg"},{"@type":"BreadcrumbList","@id":"https:\/\/www.funktionsmodellbau.ch\/content\/baubericht-saurer-d-330-bn-6%c3%976-teil-21\/#breadcrumb","itemListElement":[{"@type":"ListItem","position":1,"name":"Startseite","item":"https:\/\/www.funktionsmodellbau.ch\/content\/"},{"@type":"ListItem","position":2,"name":"Baubericht: Saurer D-330 BN 6\u00d76 (Teil 21)"}]},{"@type":"WebSite","@id":"https:\/\/www.funktionsmodellbau.ch\/content\/#website","url":"https:\/\/www.funktionsmodellbau.ch\/content\/","name":"funktionsmodellbau.ch","description":"RC MODELLNUTZFAHRZEUGE | RC TRUCK-MODELLBAU | RC SCALE CARS | RC BOOTE","potentialAction":[{"@type":"SearchAction","target":{"@type":"EntryPoint","urlTemplate":"https:\/\/www.funktionsmodellbau.ch\/content\/?s={search_term_string}"},"query-input":{"@type":"PropertyValueSpecification","valueRequired":true,"valueName":"search_term_string"}}],"inLanguage":"de"},{"@type":"Person","@id":"https:\/\/www.funktionsmodellbau.ch\/content\/#\/schema\/person\/51e2b2a5a18752596eee2eadbbb2d6a7","name":"chef","image":{"@type":"ImageObject","inLanguage":"de","@id":"https:\/\/www.funktionsmodellbau.ch\/content\/#\/schema\/person\/image\/","url":"https:\/\/secure.gravatar.com\/avatar\/30a0ceeb5c6accda997741393cc0673d?s=96&r=g","contentUrl":"https:\/\/secure.gravatar.com\/avatar\/30a0ceeb5c6accda997741393cc0673d?s=96&r=g","caption":"chef"},"description":"Hallo, ich heisse Fabian und bin hier der Hausmeister. Mich interessiert zwar die ganze Bandbreite im Modellbau, mein Fokus ist aber der Funktionsmodellbau. Speziell RC-Modellnutzfahrzeuge. Ihr findet mich auch auf Twitter, Facebook und Google+","sameAs":["https:\/\/www.funktionsmodellbau.ch"],"url":"https:\/\/www.funktionsmodellbau.ch\/content\/author\/admin\/"}]}},"jetpack_sharing_enabled":true,"jetpack_featured_media_url":"","_links":{"self":[{"href":"https:\/\/www.funktionsmodellbau.ch\/content\/wp-json\/wp\/v2\/posts\/909"}],"collection":[{"href":"https:\/\/www.funktionsmodellbau.ch\/content\/wp-json\/wp\/v2\/posts"}],"about":[{"href":"https:\/\/www.funktionsmodellbau.ch\/content\/wp-json\/wp\/v2\/types\/post"}],"author":[{"embeddable":true,"href":"https:\/\/www.funktionsmodellbau.ch\/content\/wp-json\/wp\/v2\/users\/1"}],"replies":[{"embeddable":true,"href":"https:\/\/www.funktionsmodellbau.ch\/content\/wp-json\/wp\/v2\/comments?post=909"}],"version-history":[{"count":1,"href":"https:\/\/www.funktionsmodellbau.ch\/content\/wp-json\/wp\/v2\/posts\/909\/revisions"}],"predecessor-version":[{"id":4024,"href":"https:\/\/www.funktionsmodellbau.ch\/content\/wp-json\/wp\/v2\/posts\/909\/revisions\/4024"}],"wp:attachment":[{"href":"https:\/\/www.funktionsmodellbau.ch\/content\/wp-json\/wp\/v2\/media?parent=909"}],"wp:term":[{"taxonomy":"category","embeddable":true,"href":"https:\/\/www.funktionsmodellbau.ch\/content\/wp-json\/wp\/v2\/categories?post=909"},{"taxonomy":"post_tag","embeddable":true,"href":"https:\/\/www.funktionsmodellbau.ch\/content\/wp-json\/wp\/v2\/tags?post=909"},{"taxonomy":"series","embeddable":true,"href":"https:\/\/www.funktionsmodellbau.ch\/content\/wp-json\/wp\/v2\/series?post=909"}],"curies":[{"name":"wp","href":"https:\/\/api.w.org\/{rel}","templated":true}]}}