{"id":9055,"date":"2018-08-06T11:59:16","date_gmt":"2018-08-06T10:59:16","guid":{"rendered":"https:\/\/www.funktionsmodellbau.ch\/content\/?p=9055"},"modified":"2020-06-25T17:54:35","modified_gmt":"2020-06-25T16:54:35","slug":"13-aaresaler-rc-scale-car-adeventure-tour-2018","status":"publish","type":"post","link":"https:\/\/www.funktionsmodellbau.ch\/content\/13-aaresaler-rc-scale-car-adeventure-tour-2018\/","title":{"rendered":"13. #AARESALER RC SCALE CAR ADEVENTURE TOUR 2018"},"content":{"rendered":"<p>&nbsp;<\/p>\n<p><a href=\"https:\/\/i0.wp.com\/www.funktionsmodellbau.ch\/content\/wp-content\/uploads\/2018\/08\/teaser_aarescaler_13_2018-1.jpg?ssl=1\"><img data-recalc-dims=\"1\" loading=\"lazy\" decoding=\"async\" data-attachment-id=\"9147\" data-permalink=\"https:\/\/www.funktionsmodellbau.ch\/content\/13-aaresaler-rc-scale-car-adeventure-tour-2018\/teaser_aarescaler_13_2018-2\/\" data-orig-file=\"https:\/\/i0.wp.com\/www.funktionsmodellbau.ch\/content\/wp-content\/uploads\/2018\/08\/teaser_aarescaler_13_2018-1.jpg?fit=3200%2C1802&amp;ssl=1\" data-orig-size=\"3200,1802\" data-comments-opened=\"1\" data-image-meta=\"{&quot;aperture&quot;:&quot;0&quot;,&quot;credit&quot;:&quot;&quot;,&quot;camera&quot;:&quot;&quot;,&quot;caption&quot;:&quot;&quot;,&quot;created_timestamp&quot;:&quot;0&quot;,&quot;copyright&quot;:&quot;&quot;,&quot;focal_length&quot;:&quot;0&quot;,&quot;iso&quot;:&quot;0&quot;,&quot;shutter_speed&quot;:&quot;0&quot;,&quot;title&quot;:&quot;&quot;,&quot;orientation&quot;:&quot;0&quot;}\" data-image-title=\"teaser_aarescaler_13_2018\" data-image-description=\"\" data-image-caption=\"\" data-medium-file=\"https:\/\/i0.wp.com\/www.funktionsmodellbau.ch\/content\/wp-content\/uploads\/2018\/08\/teaser_aarescaler_13_2018-1.jpg?fit=300%2C169&amp;ssl=1\" data-large-file=\"https:\/\/i0.wp.com\/www.funktionsmodellbau.ch\/content\/wp-content\/uploads\/2018\/08\/teaser_aarescaler_13_2018-1.jpg?fit=678%2C382&amp;ssl=1\" class=\"alignnone wp-image-9147\" src=\"https:\/\/i0.wp.com\/www.funktionsmodellbau.ch\/content\/wp-content\/uploads\/2018\/08\/teaser_aarescaler_13_2018-1.jpg?resize=678%2C381&#038;ssl=1\" alt=\"Teaser\" width=\"678\" height=\"381\" srcset=\"https:\/\/i0.wp.com\/www.funktionsmodellbau.ch\/content\/wp-content\/uploads\/2018\/08\/teaser_aarescaler_13_2018-1.jpg?w=3200&amp;ssl=1 3200w, https:\/\/i0.wp.com\/www.funktionsmodellbau.ch\/content\/wp-content\/uploads\/2018\/08\/teaser_aarescaler_13_2018-1.jpg?resize=300%2C169&amp;ssl=1 300w, https:\/\/i0.wp.com\/www.funktionsmodellbau.ch\/content\/wp-content\/uploads\/2018\/08\/teaser_aarescaler_13_2018-1.jpg?resize=768%2C432&amp;ssl=1 768w, https:\/\/i0.wp.com\/www.funktionsmodellbau.ch\/content\/wp-content\/uploads\/2018\/08\/teaser_aarescaler_13_2018-1.jpg?resize=1024%2C577&amp;ssl=1 1024w, https:\/\/i0.wp.com\/www.funktionsmodellbau.ch\/content\/wp-content\/uploads\/2018\/08\/teaser_aarescaler_13_2018-1.jpg?resize=640%2C360&amp;ssl=1 640w, https:\/\/i0.wp.com\/www.funktionsmodellbau.ch\/content\/wp-content\/uploads\/2018\/08\/teaser_aarescaler_13_2018-1.jpg?w=1356&amp;ssl=1 1356w, https:\/\/i0.wp.com\/www.funktionsmodellbau.ch\/content\/wp-content\/uploads\/2018\/08\/teaser_aarescaler_13_2018-1.jpg?w=2034&amp;ssl=1 2034w\" sizes=\"(max-width: 678px) 100vw, 678px\" \/><\/a><\/p>\n<p>Bei m\u00f6rderischer Hitze weit \u00fcber 30 C nahmen ein paar ganz hart gesottene #AARESCALER die 13. RC SCALE ADVENTURE TOUR unter die R\u00e4der.<\/p>\n<p>Unterwegs k\u00fchlten sich einige Scaler in der Aare ab, w\u00e4hrend andere versuchten ihre Gimbals wieder funktionsf\u00e4hig zu machen. Es war einfach zu heiss, deshalb gibt es diesmal auch etwas weniger Bilder.<\/p>\n<p><a href=\"https:\/\/i0.wp.com\/www.funktionsmodellbau.ch\/content\/wp-content\/uploads\/2018\/08\/PHOTO-2018-08-05-18-27-18.jpg?ssl=1\"><img data-recalc-dims=\"1\" loading=\"lazy\" decoding=\"async\" data-attachment-id=\"9057\" data-permalink=\"https:\/\/www.funktionsmodellbau.ch\/content\/13-aaresaler-rc-scale-car-adeventure-tour-2018\/photo-2018-08-05-18-27-18\/\" data-orig-file=\"https:\/\/i0.wp.com\/www.funktionsmodellbau.ch\/content\/wp-content\/uploads\/2018\/08\/PHOTO-2018-08-05-18-27-18.jpg?fit=1600%2C1200&amp;ssl=1\" data-orig-size=\"1600,1200\" data-comments-opened=\"1\" data-image-meta=\"{&quot;aperture&quot;:&quot;0&quot;,&quot;credit&quot;:&quot;&quot;,&quot;camera&quot;:&quot;&quot;,&quot;caption&quot;:&quot;&quot;,&quot;created_timestamp&quot;:&quot;0&quot;,&quot;copyright&quot;:&quot;&quot;,&quot;focal_length&quot;:&quot;0&quot;,&quot;iso&quot;:&quot;0&quot;,&quot;shutter_speed&quot;:&quot;0&quot;,&quot;title&quot;:&quot;&quot;,&quot;orientation&quot;:&quot;0&quot;}\" data-image-title=\"PHOTO-2018-08-05-18-27-18\" data-image-description=\"\" data-image-caption=\"\" data-medium-file=\"https:\/\/i0.wp.com\/www.funktionsmodellbau.ch\/content\/wp-content\/uploads\/2018\/08\/PHOTO-2018-08-05-18-27-18.jpg?fit=300%2C225&amp;ssl=1\" data-large-file=\"https:\/\/i0.wp.com\/www.funktionsmodellbau.ch\/content\/wp-content\/uploads\/2018\/08\/PHOTO-2018-08-05-18-27-18.jpg?fit=678%2C509&amp;ssl=1\" class=\"alignnone size-full wp-image-9057\" src=\"https:\/\/i0.wp.com\/www.funktionsmodellbau.ch\/content\/wp-content\/uploads\/2018\/08\/PHOTO-2018-08-05-18-27-18.jpg?resize=678%2C509&#038;ssl=1\" alt=\"#aarescaler\" width=\"678\" height=\"509\" srcset=\"https:\/\/i0.wp.com\/www.funktionsmodellbau.ch\/content\/wp-content\/uploads\/2018\/08\/PHOTO-2018-08-05-18-27-18.jpg?w=1600&amp;ssl=1 1600w, https:\/\/i0.wp.com\/www.funktionsmodellbau.ch\/content\/wp-content\/uploads\/2018\/08\/PHOTO-2018-08-05-18-27-18.jpg?resize=300%2C225&amp;ssl=1 300w, https:\/\/i0.wp.com\/www.funktionsmodellbau.ch\/content\/wp-content\/uploads\/2018\/08\/PHOTO-2018-08-05-18-27-18.jpg?resize=768%2C576&amp;ssl=1 768w, https:\/\/i0.wp.com\/www.funktionsmodellbau.ch\/content\/wp-content\/uploads\/2018\/08\/PHOTO-2018-08-05-18-27-18.jpg?resize=1024%2C768&amp;ssl=1 1024w, https:\/\/i0.wp.com\/www.funktionsmodellbau.ch\/content\/wp-content\/uploads\/2018\/08\/PHOTO-2018-08-05-18-27-18.jpg?resize=640%2C480&amp;ssl=1 640w, https:\/\/i0.wp.com\/www.funktionsmodellbau.ch\/content\/wp-content\/uploads\/2018\/08\/PHOTO-2018-08-05-18-27-18.jpg?w=1356&amp;ssl=1 1356w\" sizes=\"(max-width: 678px) 100vw, 678px\" \/><\/a><\/p>\n<p>Viel Spass mit dem Video von der 13. #aarescaler RC Scale Car Adventure Tour 2018<\/p>\n<p><iframe loading=\"lazy\" title=\"RC Scale Car Aventure Tour - 13th aarescaler RC Tour\" width=\"678\" height=\"381\" src=\"https:\/\/www.youtube.com\/embed\/UxVHVL5-EWk?feature=oembed\" frameborder=\"0\" allow=\"accelerometer; autoplay; clipboard-write; encrypted-media; gyroscope; picture-in-picture\" allowfullscreen><\/iframe><\/p>\n<p><!--more--><\/p>\n<div class=\"tiled-gallery type-rectangular tiled-gallery-unresized\" data-original-width=\"678\" data-carousel-extra='{&quot;blog_id&quot;:1,&quot;permalink&quot;:&quot;https:\\\/\\\/www.funktionsmodellbau.ch\\\/content\\\/13-aaresaler-rc-scale-car-adeventure-tour-2018\\\/&quot;,&quot;likes_blog_id&quot;:29068213}' itemscope itemtype=\"http:\/\/schema.org\/ImageGallery\" > <div class=\"gallery-row\" style=\"width: 678px; height: 340px;\" data-original-width=\"678\" data-original-height=\"340\" > <div class=\"gallery-group images-1\" style=\"width: 453px; height: 340px;\" data-original-width=\"453\" data-original-height=\"340\" > <div class=\"tiled-gallery-item tiled-gallery-item-large\" itemprop=\"associatedMedia\" itemscope itemtype=\"http:\/\/schema.org\/ImageObject\"> <a href=\"https:\/\/www.funktionsmodellbau.ch\/content\/13-aaresaler-rc-scale-car-adeventure-tour-2018\/p1270360\/\" border=\"0\" itemprop=\"url\"> <meta itemprop=\"width\" content=\"449\"> <meta itemprop=\"height\" content=\"336\"> <img decoding=\"async\" class=\"\" data-attachment-id=\"9060\" data-orig-file=\"https:\/\/www.funktionsmodellbau.ch\/content\/wp-content\/uploads\/2018\/08\/P1270360.jpg\" data-orig-size=\"3200,2399\" data-comments-opened=\"1\" data-image-meta=\"{&quot;aperture&quot;:&quot;6.3&quot;,&quot;credit&quot;:&quot;&quot;,&quot;camera&quot;:&quot;DMC-GX8&quot;,&quot;caption&quot;:&quot;&quot;,&quot;created_timestamp&quot;:&quot;1533479287&quot;,&quot;copyright&quot;:&quot;&quot;,&quot;focal_length&quot;:&quot;69&quot;,&quot;iso&quot;:&quot;200&quot;,&quot;shutter_speed&quot;:&quot;0.003125&quot;,&quot;title&quot;:&quot;&quot;,&quot;orientation&quot;:&quot;0&quot;}\" data-image-title=\"P1270360\" data-image-description=\"\" data-medium-file=\"https:\/\/i0.wp.com\/www.funktionsmodellbau.ch\/content\/wp-content\/uploads\/2018\/08\/P1270360.jpg?fit=300%2C225&#038;ssl=1\" data-large-file=\"https:\/\/i0.wp.com\/www.funktionsmodellbau.ch\/content\/wp-content\/uploads\/2018\/08\/P1270360.jpg?fit=678%2C509&#038;ssl=1\" src=\"https:\/\/i0.wp.com\/www.funktionsmodellbau.ch\/content\/wp-content\/uploads\/2018\/08\/P1270360.jpg?w=449&#038;h=336&#038;ssl=1\" srcset=\"https:\/\/i0.wp.com\/www.funktionsmodellbau.ch\/content\/wp-content\/uploads\/2018\/08\/P1270360.jpg?w=3200&amp;ssl=1 3200w, https:\/\/i0.wp.com\/www.funktionsmodellbau.ch\/content\/wp-content\/uploads\/2018\/08\/P1270360.jpg?resize=300%2C225&amp;ssl=1 300w, https:\/\/i0.wp.com\/www.funktionsmodellbau.ch\/content\/wp-content\/uploads\/2018\/08\/P1270360.jpg?resize=768%2C576&amp;ssl=1 768w, https:\/\/i0.wp.com\/www.funktionsmodellbau.ch\/content\/wp-content\/uploads\/2018\/08\/P1270360.jpg?resize=1024%2C768&amp;ssl=1 1024w, https:\/\/i0.wp.com\/www.funktionsmodellbau.ch\/content\/wp-content\/uploads\/2018\/08\/P1270360.jpg?resize=640%2C480&amp;ssl=1 640w, https:\/\/i0.wp.com\/www.funktionsmodellbau.ch\/content\/wp-content\/uploads\/2018\/08\/P1270360.jpg?w=1356&amp;ssl=1 1356w, https:\/\/i0.wp.com\/www.funktionsmodellbau.ch\/content\/wp-content\/uploads\/2018\/08\/P1270360.jpg?w=2034&amp;ssl=1 2034w\" width=\"449\" height=\"336\" loading=\"lazy\" data-original-width=\"449\" data-original-height=\"336\" itemprop=\"http:\/\/schema.org\/image\" title=\"P1270360\" alt=\"#aarescaler\" style=\"width: 449px; height: 336px;\" \/> <\/a> <\/div> <\/div> <!-- close group --> <div class=\"gallery-group images-2\" style=\"width: 225px; height: 340px;\" data-original-width=\"225\" data-original-height=\"340\" > <div class=\"tiled-gallery-item tiled-gallery-item-small\" itemprop=\"associatedMedia\" itemscope itemtype=\"http:\/\/schema.org\/ImageObject\"> <a href=\"https:\/\/www.funktionsmodellbau.ch\/content\/13-aaresaler-rc-scale-car-adeventure-tour-2018\/p1270401\/\" border=\"0\" itemprop=\"url\"> <meta itemprop=\"width\" content=\"221\"> <meta itemprop=\"height\" content=\"166\"> <img decoding=\"async\" class=\"\" data-attachment-id=\"9086\" data-orig-file=\"https:\/\/www.funktionsmodellbau.ch\/content\/wp-content\/uploads\/2018\/08\/P1270401.jpg\" data-orig-size=\"3200,2400\" data-comments-opened=\"1\" data-image-meta=\"{&quot;aperture&quot;:&quot;5.4&quot;,&quot;credit&quot;:&quot;&quot;,&quot;camera&quot;:&quot;DMC-GX8&quot;,&quot;caption&quot;:&quot;&quot;,&quot;created_timestamp&quot;:&quot;1533489429&quot;,&quot;copyright&quot;:&quot;&quot;,&quot;focal_length&quot;:&quot;92&quot;,&quot;iso&quot;:&quot;100&quot;,&quot;shutter_speed&quot;:&quot;0.004&quot;,&quot;title&quot;:&quot;&quot;,&quot;orientation&quot;:&quot;0&quot;}\" data-image-title=\"P1270401\" data-image-description=\"\" data-medium-file=\"https:\/\/i0.wp.com\/www.funktionsmodellbau.ch\/content\/wp-content\/uploads\/2018\/08\/P1270401.jpg?fit=300%2C225&#038;ssl=1\" data-large-file=\"https:\/\/i0.wp.com\/www.funktionsmodellbau.ch\/content\/wp-content\/uploads\/2018\/08\/P1270401.jpg?fit=678%2C509&#038;ssl=1\" src=\"https:\/\/i0.wp.com\/www.funktionsmodellbau.ch\/content\/wp-content\/uploads\/2018\/08\/P1270401.jpg?w=221&#038;h=166&#038;ssl=1\" srcset=\"https:\/\/i0.wp.com\/www.funktionsmodellbau.ch\/content\/wp-content\/uploads\/2018\/08\/P1270401.jpg?w=3200&amp;ssl=1 3200w, https:\/\/i0.wp.com\/www.funktionsmodellbau.ch\/content\/wp-content\/uploads\/2018\/08\/P1270401.jpg?resize=300%2C225&amp;ssl=1 300w, https:\/\/i0.wp.com\/www.funktionsmodellbau.ch\/content\/wp-content\/uploads\/2018\/08\/P1270401.jpg?resize=768%2C576&amp;ssl=1 768w, https:\/\/i0.wp.com\/www.funktionsmodellbau.ch\/content\/wp-content\/uploads\/2018\/08\/P1270401.jpg?resize=1024%2C768&amp;ssl=1 1024w, https:\/\/i0.wp.com\/www.funktionsmodellbau.ch\/content\/wp-content\/uploads\/2018\/08\/P1270401.jpg?resize=640%2C480&amp;ssl=1 640w, https:\/\/i0.wp.com\/www.funktionsmodellbau.ch\/content\/wp-content\/uploads\/2018\/08\/P1270401.jpg?w=1356&amp;ssl=1 1356w, https:\/\/i0.wp.com\/www.funktionsmodellbau.ch\/content\/wp-content\/uploads\/2018\/08\/P1270401.jpg?w=2034&amp;ssl=1 2034w\" width=\"221\" height=\"166\" loading=\"lazy\" data-original-width=\"221\" data-original-height=\"166\" itemprop=\"http:\/\/schema.org\/image\" title=\"P1270401\" alt=\"#aarescaler\" style=\"width: 221px; height: 166px;\" \/> <\/a> <\/div> <div class=\"tiled-gallery-item tiled-gallery-item-small\" itemprop=\"associatedMedia\" itemscope itemtype=\"http:\/\/schema.org\/ImageObject\"> <a href=\"https:\/\/www.funktionsmodellbau.ch\/content\/13-aaresaler-rc-scale-car-adeventure-tour-2018\/p1270403\/\" border=\"0\" itemprop=\"url\"> <meta itemprop=\"width\" content=\"221\"> <meta itemprop=\"height\" content=\"166\"> <img decoding=\"async\" class=\"\" data-attachment-id=\"9087\" data-orig-file=\"https:\/\/www.funktionsmodellbau.ch\/content\/wp-content\/uploads\/2018\/08\/P1270403.jpg\" data-orig-size=\"3200,2400\" data-comments-opened=\"1\" data-image-meta=\"{&quot;aperture&quot;:&quot;5.2&quot;,&quot;credit&quot;:&quot;&quot;,&quot;camera&quot;:&quot;DMC-GX8&quot;,&quot;caption&quot;:&quot;&quot;,&quot;created_timestamp&quot;:&quot;1533489441&quot;,&quot;copyright&quot;:&quot;&quot;,&quot;focal_length&quot;:&quot;61&quot;,&quot;iso&quot;:&quot;100&quot;,&quot;shutter_speed&quot;:&quot;0.004&quot;,&quot;title&quot;:&quot;&quot;,&quot;orientation&quot;:&quot;0&quot;}\" data-image-title=\"P1270403\" data-image-description=\"\" data-medium-file=\"https:\/\/i0.wp.com\/www.funktionsmodellbau.ch\/content\/wp-content\/uploads\/2018\/08\/P1270403.jpg?fit=300%2C225&#038;ssl=1\" data-large-file=\"https:\/\/i0.wp.com\/www.funktionsmodellbau.ch\/content\/wp-content\/uploads\/2018\/08\/P1270403.jpg?fit=678%2C509&#038;ssl=1\" src=\"https:\/\/i0.wp.com\/www.funktionsmodellbau.ch\/content\/wp-content\/uploads\/2018\/08\/P1270403.jpg?w=221&#038;h=166&#038;ssl=1\" srcset=\"https:\/\/i0.wp.com\/www.funktionsmodellbau.ch\/content\/wp-content\/uploads\/2018\/08\/P1270403.jpg?w=3200&amp;ssl=1 3200w, https:\/\/i0.wp.com\/www.funktionsmodellbau.ch\/content\/wp-content\/uploads\/2018\/08\/P1270403.jpg?resize=300%2C225&amp;ssl=1 300w, https:\/\/i0.wp.com\/www.funktionsmodellbau.ch\/content\/wp-content\/uploads\/2018\/08\/P1270403.jpg?resize=768%2C576&amp;ssl=1 768w, https:\/\/i0.wp.com\/www.funktionsmodellbau.ch\/content\/wp-content\/uploads\/2018\/08\/P1270403.jpg?resize=1024%2C768&amp;ssl=1 1024w, https:\/\/i0.wp.com\/www.funktionsmodellbau.ch\/content\/wp-content\/uploads\/2018\/08\/P1270403.jpg?resize=640%2C480&amp;ssl=1 640w, https:\/\/i0.wp.com\/www.funktionsmodellbau.ch\/content\/wp-content\/uploads\/2018\/08\/P1270403.jpg?w=1356&amp;ssl=1 1356w, https:\/\/i0.wp.com\/www.funktionsmodellbau.ch\/content\/wp-content\/uploads\/2018\/08\/P1270403.jpg?w=2034&amp;ssl=1 2034w\" width=\"221\" height=\"166\" loading=\"lazy\" data-original-width=\"221\" data-original-height=\"166\" itemprop=\"http:\/\/schema.org\/image\" title=\"P1270403\" alt=\"#aarescaler\" style=\"width: 221px; height: 166px;\" \/> <\/a> <\/div> <\/div> <!-- close group --> <\/div> <!-- close row --> <div class=\"gallery-row\" style=\"width: 678px; height: 170px;\" data-original-width=\"678\" data-original-height=\"170\" > <div class=\"gallery-group images-1\" style=\"width: 226px; height: 170px;\" data-original-width=\"226\" data-original-height=\"170\" > <div class=\"tiled-gallery-item tiled-gallery-item-small\" itemprop=\"associatedMedia\" itemscope itemtype=\"http:\/\/schema.org\/ImageObject\"> <a href=\"https:\/\/www.funktionsmodellbau.ch\/content\/13-aaresaler-rc-scale-car-adeventure-tour-2018\/p1270405\/\" border=\"0\" itemprop=\"url\"> <meta itemprop=\"width\" content=\"222\"> <meta itemprop=\"height\" content=\"166\"> <img decoding=\"async\" class=\"\" data-attachment-id=\"9088\" data-orig-file=\"https:\/\/www.funktionsmodellbau.ch\/content\/wp-content\/uploads\/2018\/08\/P1270405.jpg\" data-orig-size=\"3200,2400\" data-comments-opened=\"1\" data-image-meta=\"{&quot;aperture&quot;:&quot;5.6&quot;,&quot;credit&quot;:&quot;&quot;,&quot;camera&quot;:&quot;DMC-GX8&quot;,&quot;caption&quot;:&quot;&quot;,&quot;created_timestamp&quot;:&quot;1533489453&quot;,&quot;copyright&quot;:&quot;&quot;,&quot;focal_length&quot;:&quot;130&quot;,&quot;iso&quot;:&quot;100&quot;,&quot;shutter_speed&quot;:&quot;0.00625&quot;,&quot;title&quot;:&quot;&quot;,&quot;orientation&quot;:&quot;0&quot;}\" data-image-title=\"P1270405\" data-image-description=\"\" data-medium-file=\"https:\/\/i0.wp.com\/www.funktionsmodellbau.ch\/content\/wp-content\/uploads\/2018\/08\/P1270405.jpg?fit=300%2C225&#038;ssl=1\" data-large-file=\"https:\/\/i0.wp.com\/www.funktionsmodellbau.ch\/content\/wp-content\/uploads\/2018\/08\/P1270405.jpg?fit=678%2C509&#038;ssl=1\" src=\"https:\/\/i0.wp.com\/www.funktionsmodellbau.ch\/content\/wp-content\/uploads\/2018\/08\/P1270405.jpg?w=222&#038;h=166&#038;ssl=1\" srcset=\"https:\/\/i0.wp.com\/www.funktionsmodellbau.ch\/content\/wp-content\/uploads\/2018\/08\/P1270405.jpg?w=3200&amp;ssl=1 3200w, https:\/\/i0.wp.com\/www.funktionsmodellbau.ch\/content\/wp-content\/uploads\/2018\/08\/P1270405.jpg?resize=300%2C225&amp;ssl=1 300w, https:\/\/i0.wp.com\/www.funktionsmodellbau.ch\/content\/wp-content\/uploads\/2018\/08\/P1270405.jpg?resize=768%2C576&amp;ssl=1 768w, https:\/\/i0.wp.com\/www.funktionsmodellbau.ch\/content\/wp-content\/uploads\/2018\/08\/P1270405.jpg?resize=1024%2C768&amp;ssl=1 1024w, https:\/\/i0.wp.com\/www.funktionsmodellbau.ch\/content\/wp-content\/uploads\/2018\/08\/P1270405.jpg?resize=640%2C480&amp;ssl=1 640w, https:\/\/i0.wp.com\/www.funktionsmodellbau.ch\/content\/wp-content\/uploads\/2018\/08\/P1270405.jpg?w=1356&amp;ssl=1 1356w, https:\/\/i0.wp.com\/www.funktionsmodellbau.ch\/content\/wp-content\/uploads\/2018\/08\/P1270405.jpg?w=2034&amp;ssl=1 2034w\" width=\"222\" height=\"166\" loading=\"lazy\" data-original-width=\"222\" data-original-height=\"166\" itemprop=\"http:\/\/schema.org\/image\" title=\"P1270405\" alt=\"#aarescaler\" style=\"width: 222px; height: 166px;\" \/> <\/a> <\/div> <\/div> <!-- close group --> <div class=\"gallery-group images-1\" style=\"width: 226px; height: 170px;\" data-original-width=\"226\" data-original-height=\"170\" > <div class=\"tiled-gallery-item tiled-gallery-item-small\" itemprop=\"associatedMedia\" itemscope itemtype=\"http:\/\/schema.org\/ImageObject\"> <a href=\"https:\/\/www.funktionsmodellbau.ch\/content\/13-aaresaler-rc-scale-car-adeventure-tour-2018\/p1270406\/\" border=\"0\" itemprop=\"url\"> <meta itemprop=\"width\" content=\"222\"> <meta itemprop=\"height\" content=\"166\"> <img decoding=\"async\" class=\"\" data-attachment-id=\"9089\" data-orig-file=\"https:\/\/www.funktionsmodellbau.ch\/content\/wp-content\/uploads\/2018\/08\/P1270406.jpg\" data-orig-size=\"3200,2399\" data-comments-opened=\"1\" data-image-meta=\"{&quot;aperture&quot;:&quot;5.4&quot;,&quot;credit&quot;:&quot;&quot;,&quot;camera&quot;:&quot;DMC-GX8&quot;,&quot;caption&quot;:&quot;&quot;,&quot;created_timestamp&quot;:&quot;1533489457&quot;,&quot;copyright&quot;:&quot;&quot;,&quot;focal_length&quot;:&quot;77&quot;,&quot;iso&quot;:&quot;100&quot;,&quot;shutter_speed&quot;:&quot;0.005&quot;,&quot;title&quot;:&quot;&quot;,&quot;orientation&quot;:&quot;0&quot;}\" data-image-title=\"P1270406\" data-image-description=\"\" data-medium-file=\"https:\/\/i0.wp.com\/www.funktionsmodellbau.ch\/content\/wp-content\/uploads\/2018\/08\/P1270406.jpg?fit=300%2C225&#038;ssl=1\" data-large-file=\"https:\/\/i0.wp.com\/www.funktionsmodellbau.ch\/content\/wp-content\/uploads\/2018\/08\/P1270406.jpg?fit=678%2C509&#038;ssl=1\" src=\"https:\/\/i0.wp.com\/www.funktionsmodellbau.ch\/content\/wp-content\/uploads\/2018\/08\/P1270406.jpg?w=222&#038;h=166&#038;ssl=1\" srcset=\"https:\/\/i0.wp.com\/www.funktionsmodellbau.ch\/content\/wp-content\/uploads\/2018\/08\/P1270406.jpg?w=3200&amp;ssl=1 3200w, https:\/\/i0.wp.com\/www.funktionsmodellbau.ch\/content\/wp-content\/uploads\/2018\/08\/P1270406.jpg?resize=300%2C225&amp;ssl=1 300w, https:\/\/i0.wp.com\/www.funktionsmodellbau.ch\/content\/wp-content\/uploads\/2018\/08\/P1270406.jpg?resize=768%2C576&amp;ssl=1 768w, https:\/\/i0.wp.com\/www.funktionsmodellbau.ch\/content\/wp-content\/uploads\/2018\/08\/P1270406.jpg?resize=1024%2C768&amp;ssl=1 1024w, https:\/\/i0.wp.com\/www.funktionsmodellbau.ch\/content\/wp-content\/uploads\/2018\/08\/P1270406.jpg?resize=640%2C480&amp;ssl=1 640w, https:\/\/i0.wp.com\/www.funktionsmodellbau.ch\/content\/wp-content\/uploads\/2018\/08\/P1270406.jpg?w=1356&amp;ssl=1 1356w, https:\/\/i0.wp.com\/www.funktionsmodellbau.ch\/content\/wp-content\/uploads\/2018\/08\/P1270406.jpg?w=2034&amp;ssl=1 2034w\" width=\"222\" height=\"166\" loading=\"lazy\" data-original-width=\"222\" data-original-height=\"166\" itemprop=\"http:\/\/schema.org\/image\" title=\"P1270406\" alt=\"#aarescaler\" style=\"width: 222px; height: 166px;\" \/> <\/a> <\/div> <\/div> <!-- close group --> <div class=\"gallery-group images-1\" style=\"width: 226px; height: 170px;\" data-original-width=\"226\" data-original-height=\"170\" > <div class=\"tiled-gallery-item tiled-gallery-item-small\" itemprop=\"associatedMedia\" itemscope itemtype=\"http:\/\/schema.org\/ImageObject\"> <a href=\"https:\/\/www.funktionsmodellbau.ch\/content\/13-aaresaler-rc-scale-car-adeventure-tour-2018\/p1270408\/\" border=\"0\" itemprop=\"url\"> <meta itemprop=\"width\" content=\"222\"> <meta itemprop=\"height\" content=\"166\"> <img decoding=\"async\" class=\"\" data-attachment-id=\"9090\" data-orig-file=\"https:\/\/www.funktionsmodellbau.ch\/content\/wp-content\/uploads\/2018\/08\/P1270408.jpg\" data-orig-size=\"3200,2400\" data-comments-opened=\"1\" data-image-meta=\"{&quot;aperture&quot;:&quot;5.1&quot;,&quot;credit&quot;:&quot;&quot;,&quot;camera&quot;:&quot;DMC-GX8&quot;,&quot;caption&quot;:&quot;&quot;,&quot;created_timestamp&quot;:&quot;1533489461&quot;,&quot;copyright&quot;:&quot;&quot;,&quot;focal_length&quot;:&quot;55&quot;,&quot;iso&quot;:&quot;100&quot;,&quot;shutter_speed&quot;:&quot;0.005&quot;,&quot;title&quot;:&quot;&quot;,&quot;orientation&quot;:&quot;0&quot;}\" data-image-title=\"P1270408\" data-image-description=\"\" data-medium-file=\"https:\/\/i0.wp.com\/www.funktionsmodellbau.ch\/content\/wp-content\/uploads\/2018\/08\/P1270408.jpg?fit=300%2C225&#038;ssl=1\" data-large-file=\"https:\/\/i0.wp.com\/www.funktionsmodellbau.ch\/content\/wp-content\/uploads\/2018\/08\/P1270408.jpg?fit=678%2C509&#038;ssl=1\" src=\"https:\/\/i0.wp.com\/www.funktionsmodellbau.ch\/content\/wp-content\/uploads\/2018\/08\/P1270408.jpg?w=222&#038;h=166&#038;ssl=1\" srcset=\"https:\/\/i0.wp.com\/www.funktionsmodellbau.ch\/content\/wp-content\/uploads\/2018\/08\/P1270408.jpg?w=3200&amp;ssl=1 3200w, https:\/\/i0.wp.com\/www.funktionsmodellbau.ch\/content\/wp-content\/uploads\/2018\/08\/P1270408.jpg?resize=300%2C225&amp;ssl=1 300w, https:\/\/i0.wp.com\/www.funktionsmodellbau.ch\/content\/wp-content\/uploads\/2018\/08\/P1270408.jpg?resize=768%2C576&amp;ssl=1 768w, https:\/\/i0.wp.com\/www.funktionsmodellbau.ch\/content\/wp-content\/uploads\/2018\/08\/P1270408.jpg?resize=1024%2C768&amp;ssl=1 1024w, https:\/\/i0.wp.com\/www.funktionsmodellbau.ch\/content\/wp-content\/uploads\/2018\/08\/P1270408.jpg?resize=640%2C480&amp;ssl=1 640w, https:\/\/i0.wp.com\/www.funktionsmodellbau.ch\/content\/wp-content\/uploads\/2018\/08\/P1270408.jpg?w=1356&amp;ssl=1 1356w, https:\/\/i0.wp.com\/www.funktionsmodellbau.ch\/content\/wp-content\/uploads\/2018\/08\/P1270408.jpg?w=2034&amp;ssl=1 2034w\" width=\"222\" height=\"166\" loading=\"lazy\" data-original-width=\"222\" data-original-height=\"166\" itemprop=\"http:\/\/schema.org\/image\" title=\"P1270408\" alt=\"P1270408\" style=\"width: 222px; height: 166px;\" \/> <\/a> <\/div> <\/div> <!-- close group --> <\/div> <!-- close row --> <div class=\"gallery-row\" style=\"width: 678px; height: 340px;\" data-original-width=\"678\" data-original-height=\"340\" > <div class=\"gallery-group images-2\" style=\"width: 226px; height: 340px;\" data-original-width=\"226\" data-original-height=\"340\" > <div class=\"tiled-gallery-item tiled-gallery-item-small\" itemprop=\"associatedMedia\" itemscope itemtype=\"http:\/\/schema.org\/ImageObject\"> <a href=\"https:\/\/www.funktionsmodellbau.ch\/content\/13-aaresaler-rc-scale-car-adeventure-tour-2018\/p1270410\/\" border=\"0\" itemprop=\"url\"> <meta itemprop=\"width\" content=\"222\"> <meta itemprop=\"height\" content=\"166\"> <img decoding=\"async\" class=\"\" data-attachment-id=\"9091\" data-orig-file=\"https:\/\/www.funktionsmodellbau.ch\/content\/wp-content\/uploads\/2018\/08\/P1270410.jpg\" data-orig-size=\"3200,2400\" data-comments-opened=\"1\" data-image-meta=\"{&quot;aperture&quot;:&quot;6.3&quot;,&quot;credit&quot;:&quot;&quot;,&quot;camera&quot;:&quot;DMC-GX8&quot;,&quot;caption&quot;:&quot;&quot;,&quot;created_timestamp&quot;:&quot;1533489489&quot;,&quot;copyright&quot;:&quot;&quot;,&quot;focal_length&quot;:&quot;61&quot;,&quot;iso&quot;:&quot;100&quot;,&quot;shutter_speed&quot;:&quot;0.003125&quot;,&quot;title&quot;:&quot;&quot;,&quot;orientation&quot;:&quot;0&quot;}\" data-image-title=\"P1270410\" data-image-description=\"\" data-medium-file=\"https:\/\/i0.wp.com\/www.funktionsmodellbau.ch\/content\/wp-content\/uploads\/2018\/08\/P1270410.jpg?fit=300%2C225&#038;ssl=1\" data-large-file=\"https:\/\/i0.wp.com\/www.funktionsmodellbau.ch\/content\/wp-content\/uploads\/2018\/08\/P1270410.jpg?fit=678%2C509&#038;ssl=1\" src=\"https:\/\/i0.wp.com\/www.funktionsmodellbau.ch\/content\/wp-content\/uploads\/2018\/08\/P1270410.jpg?w=222&#038;h=166&#038;ssl=1\" srcset=\"https:\/\/i0.wp.com\/www.funktionsmodellbau.ch\/content\/wp-content\/uploads\/2018\/08\/P1270410.jpg?w=3200&amp;ssl=1 3200w, https:\/\/i0.wp.com\/www.funktionsmodellbau.ch\/content\/wp-content\/uploads\/2018\/08\/P1270410.jpg?resize=300%2C225&amp;ssl=1 300w, https:\/\/i0.wp.com\/www.funktionsmodellbau.ch\/content\/wp-content\/uploads\/2018\/08\/P1270410.jpg?resize=768%2C576&amp;ssl=1 768w, https:\/\/i0.wp.com\/www.funktionsmodellbau.ch\/content\/wp-content\/uploads\/2018\/08\/P1270410.jpg?resize=1024%2C768&amp;ssl=1 1024w, https:\/\/i0.wp.com\/www.funktionsmodellbau.ch\/content\/wp-content\/uploads\/2018\/08\/P1270410.jpg?resize=640%2C480&amp;ssl=1 640w, https:\/\/i0.wp.com\/www.funktionsmodellbau.ch\/content\/wp-content\/uploads\/2018\/08\/P1270410.jpg?w=1356&amp;ssl=1 1356w, https:\/\/i0.wp.com\/www.funktionsmodellbau.ch\/content\/wp-content\/uploads\/2018\/08\/P1270410.jpg?w=2034&amp;ssl=1 2034w\" width=\"222\" height=\"166\" loading=\"lazy\" data-original-width=\"222\" data-original-height=\"166\" itemprop=\"http:\/\/schema.org\/image\" title=\"P1270410\" alt=\"#aarescaler\" style=\"width: 222px; height: 166px;\" \/> <\/a> <\/div> <div class=\"tiled-gallery-item tiled-gallery-item-small\" itemprop=\"associatedMedia\" itemscope itemtype=\"http:\/\/schema.org\/ImageObject\"> <a href=\"https:\/\/www.funktionsmodellbau.ch\/content\/13-aaresaler-rc-scale-car-adeventure-tour-2018\/p1270412\/\" border=\"0\" itemprop=\"url\"> <meta itemprop=\"width\" content=\"222\"> <meta itemprop=\"height\" content=\"166\"> <img decoding=\"async\" class=\"\" data-attachment-id=\"9093\" data-orig-file=\"https:\/\/www.funktionsmodellbau.ch\/content\/wp-content\/uploads\/2018\/08\/P1270412.jpg\" data-orig-size=\"3200,2400\" data-comments-opened=\"1\" data-image-meta=\"{&quot;aperture&quot;:&quot;7.1&quot;,&quot;credit&quot;:&quot;&quot;,&quot;camera&quot;:&quot;DMC-GX8&quot;,&quot;caption&quot;:&quot;&quot;,&quot;created_timestamp&quot;:&quot;1533489496&quot;,&quot;copyright&quot;:&quot;&quot;,&quot;focal_length&quot;:&quot;55&quot;,&quot;iso&quot;:&quot;100&quot;,&quot;shutter_speed&quot;:&quot;0.003125&quot;,&quot;title&quot;:&quot;&quot;,&quot;orientation&quot;:&quot;0&quot;}\" data-image-title=\"P1270412\" data-image-description=\"\" data-medium-file=\"https:\/\/i0.wp.com\/www.funktionsmodellbau.ch\/content\/wp-content\/uploads\/2018\/08\/P1270412.jpg?fit=300%2C225&#038;ssl=1\" data-large-file=\"https:\/\/i0.wp.com\/www.funktionsmodellbau.ch\/content\/wp-content\/uploads\/2018\/08\/P1270412.jpg?fit=678%2C509&#038;ssl=1\" src=\"https:\/\/i0.wp.com\/www.funktionsmodellbau.ch\/content\/wp-content\/uploads\/2018\/08\/P1270412.jpg?w=222&#038;h=166&#038;ssl=1\" srcset=\"https:\/\/i0.wp.com\/www.funktionsmodellbau.ch\/content\/wp-content\/uploads\/2018\/08\/P1270412.jpg?w=3200&amp;ssl=1 3200w, https:\/\/i0.wp.com\/www.funktionsmodellbau.ch\/content\/wp-content\/uploads\/2018\/08\/P1270412.jpg?resize=300%2C225&amp;ssl=1 300w, https:\/\/i0.wp.com\/www.funktionsmodellbau.ch\/content\/wp-content\/uploads\/2018\/08\/P1270412.jpg?resize=768%2C576&amp;ssl=1 768w, https:\/\/i0.wp.com\/www.funktionsmodellbau.ch\/content\/wp-content\/uploads\/2018\/08\/P1270412.jpg?resize=1024%2C768&amp;ssl=1 1024w, https:\/\/i0.wp.com\/www.funktionsmodellbau.ch\/content\/wp-content\/uploads\/2018\/08\/P1270412.jpg?resize=640%2C480&amp;ssl=1 640w, https:\/\/i0.wp.com\/www.funktionsmodellbau.ch\/content\/wp-content\/uploads\/2018\/08\/P1270412.jpg?w=1356&amp;ssl=1 1356w, https:\/\/i0.wp.com\/www.funktionsmodellbau.ch\/content\/wp-content\/uploads\/2018\/08\/P1270412.jpg?w=2034&amp;ssl=1 2034w\" width=\"222\" height=\"166\" loading=\"lazy\" data-original-width=\"222\" data-original-height=\"166\" itemprop=\"http:\/\/schema.org\/image\" title=\"P1270412\" alt=\"#aarescaler\" style=\"width: 222px; height: 166px;\" \/> <\/a> <\/div> <\/div> <!-- close group --> <div class=\"gallery-group images-1\" style=\"width: 452px; height: 340px;\" data-original-width=\"452\" data-original-height=\"340\" > <div class=\"tiled-gallery-item tiled-gallery-item-large\" itemprop=\"associatedMedia\" itemscope itemtype=\"http:\/\/schema.org\/ImageObject\"> <a href=\"https:\/\/www.funktionsmodellbau.ch\/content\/13-aaresaler-rc-scale-car-adeventure-tour-2018\/p1270415\/\" border=\"0\" itemprop=\"url\"> <meta itemprop=\"width\" content=\"448\"> <meta itemprop=\"height\" content=\"336\"> <img decoding=\"async\" class=\"\" data-attachment-id=\"9096\" data-orig-file=\"https:\/\/www.funktionsmodellbau.ch\/content\/wp-content\/uploads\/2018\/08\/P1270415.jpg\" data-orig-size=\"3200,2400\" data-comments-opened=\"1\" data-image-meta=\"{&quot;aperture&quot;:&quot;7.1&quot;,&quot;credit&quot;:&quot;&quot;,&quot;camera&quot;:&quot;DMC-GX8&quot;,&quot;caption&quot;:&quot;&quot;,&quot;created_timestamp&quot;:&quot;1533489513&quot;,&quot;copyright&quot;:&quot;&quot;,&quot;focal_length&quot;:&quot;55&quot;,&quot;iso&quot;:&quot;100&quot;,&quot;shutter_speed&quot;:&quot;0.003125&quot;,&quot;title&quot;:&quot;&quot;,&quot;orientation&quot;:&quot;0&quot;}\" data-image-title=\"P1270415\" data-image-description=\"\" data-medium-file=\"https:\/\/i0.wp.com\/www.funktionsmodellbau.ch\/content\/wp-content\/uploads\/2018\/08\/P1270415.jpg?fit=300%2C225&#038;ssl=1\" data-large-file=\"https:\/\/i0.wp.com\/www.funktionsmodellbau.ch\/content\/wp-content\/uploads\/2018\/08\/P1270415.jpg?fit=678%2C509&#038;ssl=1\" src=\"https:\/\/i0.wp.com\/www.funktionsmodellbau.ch\/content\/wp-content\/uploads\/2018\/08\/P1270415.jpg?w=448&#038;h=336&#038;ssl=1\" srcset=\"https:\/\/i0.wp.com\/www.funktionsmodellbau.ch\/content\/wp-content\/uploads\/2018\/08\/P1270415.jpg?w=3200&amp;ssl=1 3200w, https:\/\/i0.wp.com\/www.funktionsmodellbau.ch\/content\/wp-content\/uploads\/2018\/08\/P1270415.jpg?resize=300%2C225&amp;ssl=1 300w, https:\/\/i0.wp.com\/www.funktionsmodellbau.ch\/content\/wp-content\/uploads\/2018\/08\/P1270415.jpg?resize=768%2C576&amp;ssl=1 768w, https:\/\/i0.wp.com\/www.funktionsmodellbau.ch\/content\/wp-content\/uploads\/2018\/08\/P1270415.jpg?resize=1024%2C768&amp;ssl=1 1024w, https:\/\/i0.wp.com\/www.funktionsmodellbau.ch\/content\/wp-content\/uploads\/2018\/08\/P1270415.jpg?resize=640%2C480&amp;ssl=1 640w, https:\/\/i0.wp.com\/www.funktionsmodellbau.ch\/content\/wp-content\/uploads\/2018\/08\/P1270415.jpg?w=1356&amp;ssl=1 1356w, https:\/\/i0.wp.com\/www.funktionsmodellbau.ch\/content\/wp-content\/uploads\/2018\/08\/P1270415.jpg?w=2034&amp;ssl=1 2034w\" width=\"448\" height=\"336\" loading=\"lazy\" data-original-width=\"448\" data-original-height=\"336\" itemprop=\"http:\/\/schema.org\/image\" title=\"P1270415\" alt=\"#aarescaler\" style=\"width: 448px; height: 336px;\" \/> <\/a> <\/div> <\/div> <!-- close group --> <\/div> <!-- close row --> <div class=\"gallery-row\" style=\"width: 678px; height: 255px;\" data-original-width=\"678\" data-original-height=\"255\" > <div class=\"gallery-group images-1\" style=\"width: 339px; height: 255px;\" data-original-width=\"339\" data-original-height=\"255\" > <div class=\"tiled-gallery-item tiled-gallery-item-large\" itemprop=\"associatedMedia\" itemscope itemtype=\"http:\/\/schema.org\/ImageObject\"> <a href=\"https:\/\/www.funktionsmodellbau.ch\/content\/13-aaresaler-rc-scale-car-adeventure-tour-2018\/p1270376\/\" border=\"0\" itemprop=\"url\"> <meta itemprop=\"width\" content=\"335\"> <meta itemprop=\"height\" content=\"251\"> <img decoding=\"async\" class=\"\" data-attachment-id=\"9072\" data-orig-file=\"https:\/\/www.funktionsmodellbau.ch\/content\/wp-content\/uploads\/2018\/08\/P1270376.jpg\" data-orig-size=\"3200,2400\" data-comments-opened=\"1\" data-image-meta=\"{&quot;aperture&quot;:&quot;5.6&quot;,&quot;credit&quot;:&quot;&quot;,&quot;camera&quot;:&quot;DMC-GX8&quot;,&quot;caption&quot;:&quot;&quot;,&quot;created_timestamp&quot;:&quot;1533480739&quot;,&quot;copyright&quot;:&quot;&quot;,&quot;focal_length&quot;:&quot;21&quot;,&quot;iso&quot;:&quot;200&quot;,&quot;shutter_speed&quot;:&quot;0.004&quot;,&quot;title&quot;:&quot;&quot;,&quot;orientation&quot;:&quot;0&quot;}\" data-image-title=\"P1270376\" data-image-description=\"\" data-medium-file=\"https:\/\/i0.wp.com\/www.funktionsmodellbau.ch\/content\/wp-content\/uploads\/2018\/08\/P1270376.jpg?fit=300%2C225&#038;ssl=1\" data-large-file=\"https:\/\/i0.wp.com\/www.funktionsmodellbau.ch\/content\/wp-content\/uploads\/2018\/08\/P1270376.jpg?fit=678%2C509&#038;ssl=1\" src=\"https:\/\/i0.wp.com\/www.funktionsmodellbau.ch\/content\/wp-content\/uploads\/2018\/08\/P1270376.jpg?w=335&#038;h=251&#038;ssl=1\" srcset=\"https:\/\/i0.wp.com\/www.funktionsmodellbau.ch\/content\/wp-content\/uploads\/2018\/08\/P1270376.jpg?w=3200&amp;ssl=1 3200w, https:\/\/i0.wp.com\/www.funktionsmodellbau.ch\/content\/wp-content\/uploads\/2018\/08\/P1270376.jpg?resize=300%2C225&amp;ssl=1 300w, https:\/\/i0.wp.com\/www.funktionsmodellbau.ch\/content\/wp-content\/uploads\/2018\/08\/P1270376.jpg?resize=768%2C576&amp;ssl=1 768w, https:\/\/i0.wp.com\/www.funktionsmodellbau.ch\/content\/wp-content\/uploads\/2018\/08\/P1270376.jpg?resize=1024%2C768&amp;ssl=1 1024w, https:\/\/i0.wp.com\/www.funktionsmodellbau.ch\/content\/wp-content\/uploads\/2018\/08\/P1270376.jpg?resize=640%2C480&amp;ssl=1 640w, https:\/\/i0.wp.com\/www.funktionsmodellbau.ch\/content\/wp-content\/uploads\/2018\/08\/P1270376.jpg?w=1356&amp;ssl=1 1356w, https:\/\/i0.wp.com\/www.funktionsmodellbau.ch\/content\/wp-content\/uploads\/2018\/08\/P1270376.jpg?w=2034&amp;ssl=1 2034w\" width=\"335\" height=\"251\" loading=\"lazy\" data-original-width=\"335\" data-original-height=\"251\" itemprop=\"http:\/\/schema.org\/image\" title=\"P1270376\" alt=\"#aarescaler\" style=\"width: 335px; height: 251px;\" \/> <\/a> <\/div> <\/div> <!-- close group --> <div class=\"gallery-group images-1\" style=\"width: 339px; height: 255px;\" data-original-width=\"339\" data-original-height=\"255\" > <div class=\"tiled-gallery-item tiled-gallery-item-large\" itemprop=\"associatedMedia\" itemscope itemtype=\"http:\/\/schema.org\/ImageObject\"> <a href=\"https:\/\/www.funktionsmodellbau.ch\/content\/13-aaresaler-rc-scale-car-adeventure-tour-2018\/p1270375-2\/\" border=\"0\" itemprop=\"url\"> <meta itemprop=\"width\" content=\"335\"> <meta itemprop=\"height\" content=\"251\"> <img decoding=\"async\" class=\"\" data-attachment-id=\"9149\" data-orig-file=\"https:\/\/www.funktionsmodellbau.ch\/content\/wp-content\/uploads\/2018\/08\/P1270375-1.jpg\" data-orig-size=\"3200,2400\" data-comments-opened=\"1\" data-image-meta=\"{&quot;aperture&quot;:&quot;0&quot;,&quot;credit&quot;:&quot;&quot;,&quot;camera&quot;:&quot;&quot;,&quot;caption&quot;:&quot;&quot;,&quot;created_timestamp&quot;:&quot;0&quot;,&quot;copyright&quot;:&quot;&quot;,&quot;focal_length&quot;:&quot;0&quot;,&quot;iso&quot;:&quot;0&quot;,&quot;shutter_speed&quot;:&quot;0&quot;,&quot;title&quot;:&quot;&quot;,&quot;orientation&quot;:&quot;0&quot;}\" data-image-title=\"P1270375\" data-image-description=\"\" data-medium-file=\"https:\/\/i0.wp.com\/www.funktionsmodellbau.ch\/content\/wp-content\/uploads\/2018\/08\/P1270375-1.jpg?fit=300%2C225&#038;ssl=1\" data-large-file=\"https:\/\/i0.wp.com\/www.funktionsmodellbau.ch\/content\/wp-content\/uploads\/2018\/08\/P1270375-1.jpg?fit=678%2C509&#038;ssl=1\" src=\"https:\/\/i0.wp.com\/www.funktionsmodellbau.ch\/content\/wp-content\/uploads\/2018\/08\/P1270375-1.jpg?w=335&#038;h=251&#038;ssl=1\" srcset=\"https:\/\/i0.wp.com\/www.funktionsmodellbau.ch\/content\/wp-content\/uploads\/2018\/08\/P1270375-1.jpg?w=3200&amp;ssl=1 3200w, https:\/\/i0.wp.com\/www.funktionsmodellbau.ch\/content\/wp-content\/uploads\/2018\/08\/P1270375-1.jpg?resize=300%2C225&amp;ssl=1 300w, https:\/\/i0.wp.com\/www.funktionsmodellbau.ch\/content\/wp-content\/uploads\/2018\/08\/P1270375-1.jpg?resize=768%2C576&amp;ssl=1 768w, https:\/\/i0.wp.com\/www.funktionsmodellbau.ch\/content\/wp-content\/uploads\/2018\/08\/P1270375-1.jpg?resize=1024%2C768&amp;ssl=1 1024w, https:\/\/i0.wp.com\/www.funktionsmodellbau.ch\/content\/wp-content\/uploads\/2018\/08\/P1270375-1.jpg?resize=640%2C480&amp;ssl=1 640w, https:\/\/i0.wp.com\/www.funktionsmodellbau.ch\/content\/wp-content\/uploads\/2018\/08\/P1270375-1.jpg?w=1356&amp;ssl=1 1356w, https:\/\/i0.wp.com\/www.funktionsmodellbau.ch\/content\/wp-content\/uploads\/2018\/08\/P1270375-1.jpg?w=2034&amp;ssl=1 2034w\" width=\"335\" height=\"251\" loading=\"lazy\" data-original-width=\"335\" data-original-height=\"251\" itemprop=\"http:\/\/schema.org\/image\" title=\"P1270375\" alt=\"Aarescaler\" style=\"width: 335px; height: 251px;\" \/> <\/a> <\/div> <\/div> <!-- close group --> <\/div> <!-- close row --> <\/div>\n<div class=\"tiled-gallery type-rectangular tiled-gallery-unresized\" data-original-width=\"678\" data-carousel-extra='{&quot;blog_id&quot;:1,&quot;permalink&quot;:&quot;https:\\\/\\\/www.funktionsmodellbau.ch\\\/content\\\/13-aaresaler-rc-scale-car-adeventure-tour-2018\\\/&quot;,&quot;likes_blog_id&quot;:29068213}' itemscope itemtype=\"http:\/\/schema.org\/ImageGallery\" > <div class=\"gallery-row\" style=\"width: 678px; height: 340px;\" data-original-width=\"678\" data-original-height=\"340\" > <div class=\"gallery-group images-1\" style=\"width: 452px; height: 340px;\" data-original-width=\"452\" data-original-height=\"340\" > <div class=\"tiled-gallery-item tiled-gallery-item-large\" itemprop=\"associatedMedia\" itemscope itemtype=\"http:\/\/schema.org\/ImageObject\"> <a href=\"https:\/\/www.funktionsmodellbau.ch\/content\/13-aaresaler-rc-scale-car-adeventure-tour-2018\/p1270362\/\" border=\"0\" itemprop=\"url\"> <meta itemprop=\"width\" content=\"448\"> <meta itemprop=\"height\" content=\"336\"> <img decoding=\"async\" class=\"\" data-attachment-id=\"9061\" data-orig-file=\"https:\/\/www.funktionsmodellbau.ch\/content\/wp-content\/uploads\/2018\/08\/P1270362.jpg\" data-orig-size=\"3200,2400\" data-comments-opened=\"1\" data-image-meta=\"{&quot;aperture&quot;:&quot;8&quot;,&quot;credit&quot;:&quot;&quot;,&quot;camera&quot;:&quot;DMC-GX8&quot;,&quot;caption&quot;:&quot;&quot;,&quot;created_timestamp&quot;:&quot;1533479315&quot;,&quot;copyright&quot;:&quot;&quot;,&quot;focal_length&quot;:&quot;46&quot;,&quot;iso&quot;:&quot;200&quot;,&quot;shutter_speed&quot;:&quot;0.002&quot;,&quot;title&quot;:&quot;&quot;,&quot;orientation&quot;:&quot;0&quot;}\" data-image-title=\"P1270362\" data-image-description=\"\" data-medium-file=\"https:\/\/i0.wp.com\/www.funktionsmodellbau.ch\/content\/wp-content\/uploads\/2018\/08\/P1270362.jpg?fit=300%2C225&#038;ssl=1\" data-large-file=\"https:\/\/i0.wp.com\/www.funktionsmodellbau.ch\/content\/wp-content\/uploads\/2018\/08\/P1270362.jpg?fit=678%2C509&#038;ssl=1\" src=\"https:\/\/i0.wp.com\/www.funktionsmodellbau.ch\/content\/wp-content\/uploads\/2018\/08\/P1270362.jpg?w=448&#038;h=336&#038;ssl=1\" srcset=\"https:\/\/i0.wp.com\/www.funktionsmodellbau.ch\/content\/wp-content\/uploads\/2018\/08\/P1270362.jpg?w=3200&amp;ssl=1 3200w, https:\/\/i0.wp.com\/www.funktionsmodellbau.ch\/content\/wp-content\/uploads\/2018\/08\/P1270362.jpg?resize=300%2C225&amp;ssl=1 300w, https:\/\/i0.wp.com\/www.funktionsmodellbau.ch\/content\/wp-content\/uploads\/2018\/08\/P1270362.jpg?resize=768%2C576&amp;ssl=1 768w, https:\/\/i0.wp.com\/www.funktionsmodellbau.ch\/content\/wp-content\/uploads\/2018\/08\/P1270362.jpg?resize=1024%2C768&amp;ssl=1 1024w, https:\/\/i0.wp.com\/www.funktionsmodellbau.ch\/content\/wp-content\/uploads\/2018\/08\/P1270362.jpg?resize=640%2C480&amp;ssl=1 640w, https:\/\/i0.wp.com\/www.funktionsmodellbau.ch\/content\/wp-content\/uploads\/2018\/08\/P1270362.jpg?w=1356&amp;ssl=1 1356w, https:\/\/i0.wp.com\/www.funktionsmodellbau.ch\/content\/wp-content\/uploads\/2018\/08\/P1270362.jpg?w=2034&amp;ssl=1 2034w\" width=\"448\" height=\"336\" loading=\"lazy\" data-original-width=\"448\" data-original-height=\"336\" itemprop=\"http:\/\/schema.org\/image\" title=\"P1270362\" alt=\"#aarescaler\" style=\"width: 448px; height: 336px;\" \/> <\/a> <\/div> <\/div> <!-- close group --> <div class=\"gallery-group images-2\" style=\"width: 226px; height: 340px;\" data-original-width=\"226\" data-original-height=\"340\" > <div class=\"tiled-gallery-item tiled-gallery-item-small\" itemprop=\"associatedMedia\" itemscope itemtype=\"http:\/\/schema.org\/ImageObject\"> <a href=\"https:\/\/www.funktionsmodellbau.ch\/content\/13-aaresaler-rc-scale-car-adeventure-tour-2018\/p1270363\/\" border=\"0\" itemprop=\"url\"> <meta itemprop=\"width\" content=\"222\"> <meta itemprop=\"height\" content=\"166\"> <img decoding=\"async\" class=\"\" data-attachment-id=\"9062\" data-orig-file=\"https:\/\/www.funktionsmodellbau.ch\/content\/wp-content\/uploads\/2018\/08\/P1270363.jpg\" data-orig-size=\"3200,2400\" data-comments-opened=\"1\" data-image-meta=\"{&quot;aperture&quot;:&quot;8&quot;,&quot;credit&quot;:&quot;&quot;,&quot;camera&quot;:&quot;DMC-GX8&quot;,&quot;caption&quot;:&quot;&quot;,&quot;created_timestamp&quot;:&quot;1533479320&quot;,&quot;copyright&quot;:&quot;&quot;,&quot;focal_length&quot;:&quot;61&quot;,&quot;iso&quot;:&quot;200&quot;,&quot;shutter_speed&quot;:&quot;0.002&quot;,&quot;title&quot;:&quot;&quot;,&quot;orientation&quot;:&quot;0&quot;}\" data-image-title=\"P1270363\" data-image-description=\"\" data-medium-file=\"https:\/\/i0.wp.com\/www.funktionsmodellbau.ch\/content\/wp-content\/uploads\/2018\/08\/P1270363.jpg?fit=300%2C225&#038;ssl=1\" data-large-file=\"https:\/\/i0.wp.com\/www.funktionsmodellbau.ch\/content\/wp-content\/uploads\/2018\/08\/P1270363.jpg?fit=678%2C509&#038;ssl=1\" src=\"https:\/\/i0.wp.com\/www.funktionsmodellbau.ch\/content\/wp-content\/uploads\/2018\/08\/P1270363.jpg?w=222&#038;h=166&#038;ssl=1\" srcset=\"https:\/\/i0.wp.com\/www.funktionsmodellbau.ch\/content\/wp-content\/uploads\/2018\/08\/P1270363.jpg?w=3200&amp;ssl=1 3200w, https:\/\/i0.wp.com\/www.funktionsmodellbau.ch\/content\/wp-content\/uploads\/2018\/08\/P1270363.jpg?resize=300%2C225&amp;ssl=1 300w, https:\/\/i0.wp.com\/www.funktionsmodellbau.ch\/content\/wp-content\/uploads\/2018\/08\/P1270363.jpg?resize=768%2C576&amp;ssl=1 768w, https:\/\/i0.wp.com\/www.funktionsmodellbau.ch\/content\/wp-content\/uploads\/2018\/08\/P1270363.jpg?resize=1024%2C768&amp;ssl=1 1024w, https:\/\/i0.wp.com\/www.funktionsmodellbau.ch\/content\/wp-content\/uploads\/2018\/08\/P1270363.jpg?resize=640%2C480&amp;ssl=1 640w, https:\/\/i0.wp.com\/www.funktionsmodellbau.ch\/content\/wp-content\/uploads\/2018\/08\/P1270363.jpg?w=1356&amp;ssl=1 1356w, https:\/\/i0.wp.com\/www.funktionsmodellbau.ch\/content\/wp-content\/uploads\/2018\/08\/P1270363.jpg?w=2034&amp;ssl=1 2034w\" width=\"222\" height=\"166\" loading=\"lazy\" data-original-width=\"222\" data-original-height=\"166\" itemprop=\"http:\/\/schema.org\/image\" title=\"P1270363\" alt=\"#aarescaler\" style=\"width: 222px; height: 166px;\" \/> <\/a> <\/div> <div class=\"tiled-gallery-item tiled-gallery-item-small\" itemprop=\"associatedMedia\" itemscope itemtype=\"http:\/\/schema.org\/ImageObject\"> <a href=\"https:\/\/www.funktionsmodellbau.ch\/content\/13-aaresaler-rc-scale-car-adeventure-tour-2018\/p1270389\/\" border=\"0\" itemprop=\"url\"> <meta itemprop=\"width\" content=\"222\"> <meta itemprop=\"height\" content=\"166\"> <img decoding=\"async\" class=\"\" data-attachment-id=\"9079\" data-orig-file=\"https:\/\/www.funktionsmodellbau.ch\/content\/wp-content\/uploads\/2018\/08\/P1270389.jpg\" data-orig-size=\"3200,2400\" data-comments-opened=\"1\" data-image-meta=\"{&quot;aperture&quot;:&quot;7.1&quot;,&quot;credit&quot;:&quot;&quot;,&quot;camera&quot;:&quot;DMC-GX8&quot;,&quot;caption&quot;:&quot;&quot;,&quot;created_timestamp&quot;:&quot;1533489068&quot;,&quot;copyright&quot;:&quot;&quot;,&quot;focal_length&quot;:&quot;46&quot;,&quot;iso&quot;:&quot;100&quot;,&quot;shutter_speed&quot;:&quot;0.003125&quot;,&quot;title&quot;:&quot;&quot;,&quot;orientation&quot;:&quot;0&quot;}\" data-image-title=\"P1270389\" data-image-description=\"\" data-medium-file=\"https:\/\/i0.wp.com\/www.funktionsmodellbau.ch\/content\/wp-content\/uploads\/2018\/08\/P1270389.jpg?fit=300%2C225&#038;ssl=1\" data-large-file=\"https:\/\/i0.wp.com\/www.funktionsmodellbau.ch\/content\/wp-content\/uploads\/2018\/08\/P1270389.jpg?fit=678%2C509&#038;ssl=1\" src=\"https:\/\/i0.wp.com\/www.funktionsmodellbau.ch\/content\/wp-content\/uploads\/2018\/08\/P1270389.jpg?w=222&#038;h=166&#038;ssl=1\" srcset=\"https:\/\/i0.wp.com\/www.funktionsmodellbau.ch\/content\/wp-content\/uploads\/2018\/08\/P1270389.jpg?w=3200&amp;ssl=1 3200w, https:\/\/i0.wp.com\/www.funktionsmodellbau.ch\/content\/wp-content\/uploads\/2018\/08\/P1270389.jpg?resize=300%2C225&amp;ssl=1 300w, https:\/\/i0.wp.com\/www.funktionsmodellbau.ch\/content\/wp-content\/uploads\/2018\/08\/P1270389.jpg?resize=768%2C576&amp;ssl=1 768w, https:\/\/i0.wp.com\/www.funktionsmodellbau.ch\/content\/wp-content\/uploads\/2018\/08\/P1270389.jpg?resize=1024%2C768&amp;ssl=1 1024w, https:\/\/i0.wp.com\/www.funktionsmodellbau.ch\/content\/wp-content\/uploads\/2018\/08\/P1270389.jpg?resize=640%2C480&amp;ssl=1 640w, https:\/\/i0.wp.com\/www.funktionsmodellbau.ch\/content\/wp-content\/uploads\/2018\/08\/P1270389.jpg?w=1356&amp;ssl=1 1356w, https:\/\/i0.wp.com\/www.funktionsmodellbau.ch\/content\/wp-content\/uploads\/2018\/08\/P1270389.jpg?w=2034&amp;ssl=1 2034w\" width=\"222\" height=\"166\" loading=\"lazy\" data-original-width=\"222\" data-original-height=\"166\" itemprop=\"http:\/\/schema.org\/image\" title=\"P1270389\" alt=\"#aarescaler\" style=\"width: 222px; height: 166px;\" \/> <\/a> <\/div> <\/div> <!-- close group --> <\/div> <!-- close row --> <div class=\"gallery-row\" style=\"width: 678px; height: 128px;\" data-original-width=\"678\" data-original-height=\"128\" > <div class=\"gallery-group images-1\" style=\"width: 170px; height: 128px;\" data-original-width=\"170\" data-original-height=\"128\" > <div class=\"tiled-gallery-item tiled-gallery-item-small\" itemprop=\"associatedMedia\" itemscope itemtype=\"http:\/\/schema.org\/ImageObject\"> <a href=\"https:\/\/www.funktionsmodellbau.ch\/content\/13-aaresaler-rc-scale-car-adeventure-tour-2018\/p1270391\/\" border=\"0\" itemprop=\"url\"> <meta itemprop=\"width\" content=\"166\"> <meta itemprop=\"height\" content=\"124\"> <img decoding=\"async\" class=\"\" data-attachment-id=\"9080\" data-orig-file=\"https:\/\/www.funktionsmodellbau.ch\/content\/wp-content\/uploads\/2018\/08\/P1270391.jpg\" data-orig-size=\"3200,2400\" data-comments-opened=\"1\" data-image-meta=\"{&quot;aperture&quot;:&quot;7.1&quot;,&quot;credit&quot;:&quot;&quot;,&quot;camera&quot;:&quot;DMC-GX8&quot;,&quot;caption&quot;:&quot;&quot;,&quot;created_timestamp&quot;:&quot;1533489078&quot;,&quot;copyright&quot;:&quot;&quot;,&quot;focal_length&quot;:&quot;55&quot;,&quot;iso&quot;:&quot;100&quot;,&quot;shutter_speed&quot;:&quot;0.003125&quot;,&quot;title&quot;:&quot;&quot;,&quot;orientation&quot;:&quot;0&quot;}\" data-image-title=\"P1270391\" data-image-description=\"\" data-medium-file=\"https:\/\/i0.wp.com\/www.funktionsmodellbau.ch\/content\/wp-content\/uploads\/2018\/08\/P1270391.jpg?fit=300%2C225&#038;ssl=1\" data-large-file=\"https:\/\/i0.wp.com\/www.funktionsmodellbau.ch\/content\/wp-content\/uploads\/2018\/08\/P1270391.jpg?fit=678%2C509&#038;ssl=1\" src=\"https:\/\/i0.wp.com\/www.funktionsmodellbau.ch\/content\/wp-content\/uploads\/2018\/08\/P1270391.jpg?w=166&#038;h=124&#038;ssl=1\" srcset=\"https:\/\/i0.wp.com\/www.funktionsmodellbau.ch\/content\/wp-content\/uploads\/2018\/08\/P1270391.jpg?w=3200&amp;ssl=1 3200w, https:\/\/i0.wp.com\/www.funktionsmodellbau.ch\/content\/wp-content\/uploads\/2018\/08\/P1270391.jpg?resize=300%2C225&amp;ssl=1 300w, https:\/\/i0.wp.com\/www.funktionsmodellbau.ch\/content\/wp-content\/uploads\/2018\/08\/P1270391.jpg?resize=768%2C576&amp;ssl=1 768w, https:\/\/i0.wp.com\/www.funktionsmodellbau.ch\/content\/wp-content\/uploads\/2018\/08\/P1270391.jpg?resize=1024%2C768&amp;ssl=1 1024w, https:\/\/i0.wp.com\/www.funktionsmodellbau.ch\/content\/wp-content\/uploads\/2018\/08\/P1270391.jpg?resize=640%2C480&amp;ssl=1 640w, https:\/\/i0.wp.com\/www.funktionsmodellbau.ch\/content\/wp-content\/uploads\/2018\/08\/P1270391.jpg?w=1356&amp;ssl=1 1356w, https:\/\/i0.wp.com\/www.funktionsmodellbau.ch\/content\/wp-content\/uploads\/2018\/08\/P1270391.jpg?w=2034&amp;ssl=1 2034w\" width=\"166\" height=\"124\" loading=\"lazy\" data-original-width=\"166\" data-original-height=\"124\" itemprop=\"http:\/\/schema.org\/image\" title=\"P1270391\" alt=\"#aarescaler\" style=\"width: 166px; height: 124px;\" \/> <\/a> <\/div> <\/div> <!-- close group --> <div class=\"gallery-group images-1\" style=\"width: 170px; height: 128px;\" data-original-width=\"170\" data-original-height=\"128\" > <div class=\"tiled-gallery-item tiled-gallery-item-small\" itemprop=\"associatedMedia\" itemscope itemtype=\"http:\/\/schema.org\/ImageObject\"> <a href=\"https:\/\/www.funktionsmodellbau.ch\/content\/13-aaresaler-rc-scale-car-adeventure-tour-2018\/p1270392\/\" border=\"0\" itemprop=\"url\"> <meta itemprop=\"width\" content=\"166\"> <meta itemprop=\"height\" content=\"124\"> <img decoding=\"async\" class=\"\" data-attachment-id=\"9081\" data-orig-file=\"https:\/\/www.funktionsmodellbau.ch\/content\/wp-content\/uploads\/2018\/08\/P1270392.jpg\" data-orig-size=\"3200,2400\" data-comments-opened=\"1\" data-image-meta=\"{&quot;aperture&quot;:&quot;7.1&quot;,&quot;credit&quot;:&quot;&quot;,&quot;camera&quot;:&quot;DMC-GX8&quot;,&quot;caption&quot;:&quot;&quot;,&quot;created_timestamp&quot;:&quot;1533489080&quot;,&quot;copyright&quot;:&quot;&quot;,&quot;focal_length&quot;:&quot;55&quot;,&quot;iso&quot;:&quot;100&quot;,&quot;shutter_speed&quot;:&quot;0.0025&quot;,&quot;title&quot;:&quot;&quot;,&quot;orientation&quot;:&quot;0&quot;}\" data-image-title=\"P1270392\" data-image-description=\"\" data-medium-file=\"https:\/\/i0.wp.com\/www.funktionsmodellbau.ch\/content\/wp-content\/uploads\/2018\/08\/P1270392.jpg?fit=300%2C225&#038;ssl=1\" data-large-file=\"https:\/\/i0.wp.com\/www.funktionsmodellbau.ch\/content\/wp-content\/uploads\/2018\/08\/P1270392.jpg?fit=678%2C509&#038;ssl=1\" src=\"https:\/\/i0.wp.com\/www.funktionsmodellbau.ch\/content\/wp-content\/uploads\/2018\/08\/P1270392.jpg?w=166&#038;h=124&#038;ssl=1\" srcset=\"https:\/\/i0.wp.com\/www.funktionsmodellbau.ch\/content\/wp-content\/uploads\/2018\/08\/P1270392.jpg?w=3200&amp;ssl=1 3200w, https:\/\/i0.wp.com\/www.funktionsmodellbau.ch\/content\/wp-content\/uploads\/2018\/08\/P1270392.jpg?resize=300%2C225&amp;ssl=1 300w, https:\/\/i0.wp.com\/www.funktionsmodellbau.ch\/content\/wp-content\/uploads\/2018\/08\/P1270392.jpg?resize=768%2C576&amp;ssl=1 768w, https:\/\/i0.wp.com\/www.funktionsmodellbau.ch\/content\/wp-content\/uploads\/2018\/08\/P1270392.jpg?resize=1024%2C768&amp;ssl=1 1024w, https:\/\/i0.wp.com\/www.funktionsmodellbau.ch\/content\/wp-content\/uploads\/2018\/08\/P1270392.jpg?resize=640%2C480&amp;ssl=1 640w, https:\/\/i0.wp.com\/www.funktionsmodellbau.ch\/content\/wp-content\/uploads\/2018\/08\/P1270392.jpg?w=1356&amp;ssl=1 1356w, https:\/\/i0.wp.com\/www.funktionsmodellbau.ch\/content\/wp-content\/uploads\/2018\/08\/P1270392.jpg?w=2034&amp;ssl=1 2034w\" width=\"166\" height=\"124\" loading=\"lazy\" data-original-width=\"166\" data-original-height=\"124\" itemprop=\"http:\/\/schema.org\/image\" title=\"P1270392\" alt=\"#aarescaler\" style=\"width: 166px; height: 124px;\" \/> <\/a> <\/div> <\/div> <!-- close group --> <div class=\"gallery-group images-1\" style=\"width: 169px; height: 128px;\" data-original-width=\"169\" data-original-height=\"128\" > <div class=\"tiled-gallery-item tiled-gallery-item-small\" itemprop=\"associatedMedia\" itemscope itemtype=\"http:\/\/schema.org\/ImageObject\"> <a href=\"https:\/\/www.funktionsmodellbau.ch\/content\/13-aaresaler-rc-scale-car-adeventure-tour-2018\/p1270395\/\" border=\"0\" itemprop=\"url\"> <meta itemprop=\"width\" content=\"165\"> <meta itemprop=\"height\" content=\"124\"> <img decoding=\"async\" class=\"\" data-attachment-id=\"9082\" data-orig-file=\"https:\/\/www.funktionsmodellbau.ch\/content\/wp-content\/uploads\/2018\/08\/P1270395.jpg\" data-orig-size=\"3200,2400\" data-comments-opened=\"1\" data-image-meta=\"{&quot;aperture&quot;:&quot;5.6&quot;,&quot;credit&quot;:&quot;&quot;,&quot;camera&quot;:&quot;DMC-GX8&quot;,&quot;caption&quot;:&quot;&quot;,&quot;created_timestamp&quot;:&quot;1533489083&quot;,&quot;copyright&quot;:&quot;&quot;,&quot;focal_length&quot;:&quot;40&quot;,&quot;iso&quot;:&quot;100&quot;,&quot;shutter_speed&quot;:&quot;0.004&quot;,&quot;title&quot;:&quot;&quot;,&quot;orientation&quot;:&quot;0&quot;}\" data-image-title=\"P1270395\" data-image-description=\"\" data-medium-file=\"https:\/\/i0.wp.com\/www.funktionsmodellbau.ch\/content\/wp-content\/uploads\/2018\/08\/P1270395.jpg?fit=300%2C225&#038;ssl=1\" data-large-file=\"https:\/\/i0.wp.com\/www.funktionsmodellbau.ch\/content\/wp-content\/uploads\/2018\/08\/P1270395.jpg?fit=678%2C509&#038;ssl=1\" src=\"https:\/\/i0.wp.com\/www.funktionsmodellbau.ch\/content\/wp-content\/uploads\/2018\/08\/P1270395.jpg?w=165&#038;h=124&#038;ssl=1\" srcset=\"https:\/\/i0.wp.com\/www.funktionsmodellbau.ch\/content\/wp-content\/uploads\/2018\/08\/P1270395.jpg?w=3200&amp;ssl=1 3200w, https:\/\/i0.wp.com\/www.funktionsmodellbau.ch\/content\/wp-content\/uploads\/2018\/08\/P1270395.jpg?resize=300%2C225&amp;ssl=1 300w, https:\/\/i0.wp.com\/www.funktionsmodellbau.ch\/content\/wp-content\/uploads\/2018\/08\/P1270395.jpg?resize=768%2C576&amp;ssl=1 768w, https:\/\/i0.wp.com\/www.funktionsmodellbau.ch\/content\/wp-content\/uploads\/2018\/08\/P1270395.jpg?resize=1024%2C768&amp;ssl=1 1024w, https:\/\/i0.wp.com\/www.funktionsmodellbau.ch\/content\/wp-content\/uploads\/2018\/08\/P1270395.jpg?resize=640%2C480&amp;ssl=1 640w, https:\/\/i0.wp.com\/www.funktionsmodellbau.ch\/content\/wp-content\/uploads\/2018\/08\/P1270395.jpg?w=1356&amp;ssl=1 1356w, https:\/\/i0.wp.com\/www.funktionsmodellbau.ch\/content\/wp-content\/uploads\/2018\/08\/P1270395.jpg?w=2034&amp;ssl=1 2034w\" width=\"165\" height=\"124\" loading=\"lazy\" data-original-width=\"165\" data-original-height=\"124\" itemprop=\"http:\/\/schema.org\/image\" title=\"P1270395\" alt=\"#aarescaler\" style=\"width: 165px; height: 124px;\" \/> <\/a> <\/div> <\/div> <!-- close group --> <div class=\"gallery-group images-1\" style=\"width: 169px; height: 128px;\" data-original-width=\"169\" data-original-height=\"128\" > <div class=\"tiled-gallery-item tiled-gallery-item-small\" itemprop=\"associatedMedia\" itemscope itemtype=\"http:\/\/schema.org\/ImageObject\"> <a href=\"https:\/\/www.funktionsmodellbau.ch\/content\/13-aaresaler-rc-scale-car-adeventure-tour-2018\/p1270396\/\" border=\"0\" itemprop=\"url\"> <meta itemprop=\"width\" content=\"165\"> <meta itemprop=\"height\" content=\"124\"> <img decoding=\"async\" class=\"\" data-attachment-id=\"9083\" data-orig-file=\"https:\/\/www.funktionsmodellbau.ch\/content\/wp-content\/uploads\/2018\/08\/P1270396.jpg\" data-orig-size=\"3200,2400\" data-comments-opened=\"1\" data-image-meta=\"{&quot;aperture&quot;:&quot;4.7&quot;,&quot;credit&quot;:&quot;&quot;,&quot;camera&quot;:&quot;DMC-GX8&quot;,&quot;caption&quot;:&quot;&quot;,&quot;created_timestamp&quot;:&quot;1533489084&quot;,&quot;copyright&quot;:&quot;&quot;,&quot;focal_length&quot;:&quot;40&quot;,&quot;iso&quot;:&quot;100&quot;,&quot;shutter_speed&quot;:&quot;0.00625&quot;,&quot;title&quot;:&quot;&quot;,&quot;orientation&quot;:&quot;0&quot;}\" data-image-title=\"P1270396\" data-image-description=\"\" data-medium-file=\"https:\/\/i0.wp.com\/www.funktionsmodellbau.ch\/content\/wp-content\/uploads\/2018\/08\/P1270396.jpg?fit=300%2C225&#038;ssl=1\" data-large-file=\"https:\/\/i0.wp.com\/www.funktionsmodellbau.ch\/content\/wp-content\/uploads\/2018\/08\/P1270396.jpg?fit=678%2C509&#038;ssl=1\" src=\"https:\/\/i0.wp.com\/www.funktionsmodellbau.ch\/content\/wp-content\/uploads\/2018\/08\/P1270396.jpg?w=165&#038;h=124&#038;ssl=1\" srcset=\"https:\/\/i0.wp.com\/www.funktionsmodellbau.ch\/content\/wp-content\/uploads\/2018\/08\/P1270396.jpg?w=3200&amp;ssl=1 3200w, https:\/\/i0.wp.com\/www.funktionsmodellbau.ch\/content\/wp-content\/uploads\/2018\/08\/P1270396.jpg?resize=300%2C225&amp;ssl=1 300w, https:\/\/i0.wp.com\/www.funktionsmodellbau.ch\/content\/wp-content\/uploads\/2018\/08\/P1270396.jpg?resize=768%2C576&amp;ssl=1 768w, https:\/\/i0.wp.com\/www.funktionsmodellbau.ch\/content\/wp-content\/uploads\/2018\/08\/P1270396.jpg?resize=1024%2C768&amp;ssl=1 1024w, https:\/\/i0.wp.com\/www.funktionsmodellbau.ch\/content\/wp-content\/uploads\/2018\/08\/P1270396.jpg?resize=640%2C480&amp;ssl=1 640w, https:\/\/i0.wp.com\/www.funktionsmodellbau.ch\/content\/wp-content\/uploads\/2018\/08\/P1270396.jpg?w=1356&amp;ssl=1 1356w, https:\/\/i0.wp.com\/www.funktionsmodellbau.ch\/content\/wp-content\/uploads\/2018\/08\/P1270396.jpg?w=2034&amp;ssl=1 2034w\" width=\"165\" height=\"124\" loading=\"lazy\" data-original-width=\"165\" data-original-height=\"124\" itemprop=\"http:\/\/schema.org\/image\" title=\"P1270396\" alt=\"#aarescaler\" style=\"width: 165px; height: 124px;\" \/> <\/a> <\/div> <\/div> <!-- close group --> <\/div> <!-- close row --> <\/div>\n<p>&nbsp;<\/p>\n<div class=\"tiled-gallery type-rectangular tiled-gallery-unresized\" data-original-width=\"678\" data-carousel-extra='{&quot;blog_id&quot;:1,&quot;permalink&quot;:&quot;https:\\\/\\\/www.funktionsmodellbau.ch\\\/content\\\/13-aaresaler-rc-scale-car-adeventure-tour-2018\\\/&quot;,&quot;likes_blog_id&quot;:29068213}' itemscope itemtype=\"http:\/\/schema.org\/ImageGallery\" > <div class=\"gallery-row\" style=\"width: 678px; height: 340px;\" data-original-width=\"678\" data-original-height=\"340\" > <div class=\"gallery-group images-1\" style=\"width: 452px; height: 340px;\" data-original-width=\"452\" data-original-height=\"340\" > <div class=\"tiled-gallery-item tiled-gallery-item-large\" itemprop=\"associatedMedia\" itemscope itemtype=\"http:\/\/schema.org\/ImageObject\"> <a href=\"https:\/\/www.funktionsmodellbau.ch\/content\/13-aaresaler-rc-scale-car-adeventure-tour-2018\/p1270358\/\" border=\"0\" itemprop=\"url\"> <meta itemprop=\"width\" content=\"448\"> <meta itemprop=\"height\" content=\"336\"> <img decoding=\"async\" class=\"\" data-attachment-id=\"9059\" data-orig-file=\"https:\/\/www.funktionsmodellbau.ch\/content\/wp-content\/uploads\/2018\/08\/P1270358.jpg\" data-orig-size=\"3200,2400\" data-comments-opened=\"1\" data-image-meta=\"{&quot;aperture&quot;:&quot;7.1&quot;,&quot;credit&quot;:&quot;&quot;,&quot;camera&quot;:&quot;DMC-GX8&quot;,&quot;caption&quot;:&quot;&quot;,&quot;created_timestamp&quot;:&quot;1533479273&quot;,&quot;copyright&quot;:&quot;&quot;,&quot;focal_length&quot;:&quot;46&quot;,&quot;iso&quot;:&quot;200&quot;,&quot;shutter_speed&quot;:&quot;0.003125&quot;,&quot;title&quot;:&quot;&quot;,&quot;orientation&quot;:&quot;0&quot;}\" data-image-title=\"P1270358\" data-image-description=\"\" data-medium-file=\"https:\/\/i0.wp.com\/www.funktionsmodellbau.ch\/content\/wp-content\/uploads\/2018\/08\/P1270358.jpg?fit=300%2C225&#038;ssl=1\" data-large-file=\"https:\/\/i0.wp.com\/www.funktionsmodellbau.ch\/content\/wp-content\/uploads\/2018\/08\/P1270358.jpg?fit=678%2C509&#038;ssl=1\" src=\"https:\/\/i0.wp.com\/www.funktionsmodellbau.ch\/content\/wp-content\/uploads\/2018\/08\/P1270358.jpg?w=448&#038;h=336&#038;ssl=1\" srcset=\"https:\/\/i0.wp.com\/www.funktionsmodellbau.ch\/content\/wp-content\/uploads\/2018\/08\/P1270358.jpg?w=3200&amp;ssl=1 3200w, https:\/\/i0.wp.com\/www.funktionsmodellbau.ch\/content\/wp-content\/uploads\/2018\/08\/P1270358.jpg?resize=300%2C225&amp;ssl=1 300w, https:\/\/i0.wp.com\/www.funktionsmodellbau.ch\/content\/wp-content\/uploads\/2018\/08\/P1270358.jpg?resize=768%2C576&amp;ssl=1 768w, https:\/\/i0.wp.com\/www.funktionsmodellbau.ch\/content\/wp-content\/uploads\/2018\/08\/P1270358.jpg?resize=1024%2C768&amp;ssl=1 1024w, https:\/\/i0.wp.com\/www.funktionsmodellbau.ch\/content\/wp-content\/uploads\/2018\/08\/P1270358.jpg?resize=640%2C480&amp;ssl=1 640w, https:\/\/i0.wp.com\/www.funktionsmodellbau.ch\/content\/wp-content\/uploads\/2018\/08\/P1270358.jpg?w=1356&amp;ssl=1 1356w, https:\/\/i0.wp.com\/www.funktionsmodellbau.ch\/content\/wp-content\/uploads\/2018\/08\/P1270358.jpg?w=2034&amp;ssl=1 2034w\" width=\"448\" height=\"336\" loading=\"lazy\" data-original-width=\"448\" data-original-height=\"336\" itemprop=\"http:\/\/schema.org\/image\" title=\"P1270358\" alt=\"#aarescaler\" style=\"width: 448px; height: 336px;\" \/> <\/a> <\/div> <\/div> <!-- close group --> <div class=\"gallery-group images-2\" style=\"width: 226px; height: 340px;\" data-original-width=\"226\" data-original-height=\"340\" > <div class=\"tiled-gallery-item tiled-gallery-item-small\" itemprop=\"associatedMedia\" itemscope itemtype=\"http:\/\/schema.org\/ImageObject\"> <a href=\"https:\/\/www.funktionsmodellbau.ch\/content\/13-aaresaler-rc-scale-car-adeventure-tour-2018\/p1270367\/\" border=\"0\" itemprop=\"url\"> <meta itemprop=\"width\" content=\"222\"> <meta itemprop=\"height\" content=\"166\"> <img decoding=\"async\" class=\"\" data-attachment-id=\"9064\" data-orig-file=\"https:\/\/www.funktionsmodellbau.ch\/content\/wp-content\/uploads\/2018\/08\/P1270367.jpg\" data-orig-size=\"3200,2400\" data-comments-opened=\"1\" data-image-meta=\"{&quot;aperture&quot;:&quot;5.2&quot;,&quot;credit&quot;:&quot;&quot;,&quot;camera&quot;:&quot;DMC-GX8&quot;,&quot;caption&quot;:&quot;&quot;,&quot;created_timestamp&quot;:&quot;1533480573&quot;,&quot;copyright&quot;:&quot;&quot;,&quot;focal_length&quot;:&quot;61&quot;,&quot;iso&quot;:&quot;200&quot;,&quot;shutter_speed&quot;:&quot;0.005&quot;,&quot;title&quot;:&quot;&quot;,&quot;orientation&quot;:&quot;0&quot;}\" data-image-title=\"P1270367\" data-image-description=\"\" data-medium-file=\"https:\/\/i0.wp.com\/www.funktionsmodellbau.ch\/content\/wp-content\/uploads\/2018\/08\/P1270367.jpg?fit=300%2C225&#038;ssl=1\" data-large-file=\"https:\/\/i0.wp.com\/www.funktionsmodellbau.ch\/content\/wp-content\/uploads\/2018\/08\/P1270367.jpg?fit=678%2C509&#038;ssl=1\" src=\"https:\/\/i0.wp.com\/www.funktionsmodellbau.ch\/content\/wp-content\/uploads\/2018\/08\/P1270367.jpg?w=222&#038;h=166&#038;ssl=1\" srcset=\"https:\/\/i0.wp.com\/www.funktionsmodellbau.ch\/content\/wp-content\/uploads\/2018\/08\/P1270367.jpg?w=3200&amp;ssl=1 3200w, https:\/\/i0.wp.com\/www.funktionsmodellbau.ch\/content\/wp-content\/uploads\/2018\/08\/P1270367.jpg?resize=300%2C225&amp;ssl=1 300w, https:\/\/i0.wp.com\/www.funktionsmodellbau.ch\/content\/wp-content\/uploads\/2018\/08\/P1270367.jpg?resize=768%2C576&amp;ssl=1 768w, https:\/\/i0.wp.com\/www.funktionsmodellbau.ch\/content\/wp-content\/uploads\/2018\/08\/P1270367.jpg?resize=1024%2C768&amp;ssl=1 1024w, https:\/\/i0.wp.com\/www.funktionsmodellbau.ch\/content\/wp-content\/uploads\/2018\/08\/P1270367.jpg?resize=640%2C480&amp;ssl=1 640w, https:\/\/i0.wp.com\/www.funktionsmodellbau.ch\/content\/wp-content\/uploads\/2018\/08\/P1270367.jpg?w=1356&amp;ssl=1 1356w, https:\/\/i0.wp.com\/www.funktionsmodellbau.ch\/content\/wp-content\/uploads\/2018\/08\/P1270367.jpg?w=2034&amp;ssl=1 2034w\" width=\"222\" height=\"166\" loading=\"lazy\" data-original-width=\"222\" data-original-height=\"166\" itemprop=\"http:\/\/schema.org\/image\" title=\"P1270367\" alt=\"#aarescaler\" style=\"width: 222px; height: 166px;\" \/> <\/a> <\/div> <div class=\"tiled-gallery-item tiled-gallery-item-small\" itemprop=\"associatedMedia\" itemscope itemtype=\"http:\/\/schema.org\/ImageObject\"> <a href=\"https:\/\/www.funktionsmodellbau.ch\/content\/13-aaresaler-rc-scale-car-adeventure-tour-2018\/p1270370\/\" border=\"0\" itemprop=\"url\"> <meta itemprop=\"width\" content=\"222\"> <meta itemprop=\"height\" content=\"166\"> <img decoding=\"async\" class=\"\" data-attachment-id=\"9067\" data-orig-file=\"https:\/\/www.funktionsmodellbau.ch\/content\/wp-content\/uploads\/2018\/08\/P1270370.jpg\" data-orig-size=\"3200,2400\" data-comments-opened=\"1\" data-image-meta=\"{&quot;aperture&quot;:&quot;5.6&quot;,&quot;credit&quot;:&quot;&quot;,&quot;camera&quot;:&quot;DMC-GX8&quot;,&quot;caption&quot;:&quot;&quot;,&quot;created_timestamp&quot;:&quot;1533480662&quot;,&quot;copyright&quot;:&quot;&quot;,&quot;focal_length&quot;:&quot;32&quot;,&quot;iso&quot;:&quot;200&quot;,&quot;shutter_speed&quot;:&quot;0.005&quot;,&quot;title&quot;:&quot;&quot;,&quot;orientation&quot;:&quot;0&quot;}\" data-image-title=\"P1270370\" data-image-description=\"\" data-medium-file=\"https:\/\/i0.wp.com\/www.funktionsmodellbau.ch\/content\/wp-content\/uploads\/2018\/08\/P1270370.jpg?fit=300%2C225&#038;ssl=1\" data-large-file=\"https:\/\/i0.wp.com\/www.funktionsmodellbau.ch\/content\/wp-content\/uploads\/2018\/08\/P1270370.jpg?fit=678%2C509&#038;ssl=1\" src=\"https:\/\/i0.wp.com\/www.funktionsmodellbau.ch\/content\/wp-content\/uploads\/2018\/08\/P1270370.jpg?w=222&#038;h=166&#038;ssl=1\" srcset=\"https:\/\/i0.wp.com\/www.funktionsmodellbau.ch\/content\/wp-content\/uploads\/2018\/08\/P1270370.jpg?w=3200&amp;ssl=1 3200w, https:\/\/i0.wp.com\/www.funktionsmodellbau.ch\/content\/wp-content\/uploads\/2018\/08\/P1270370.jpg?resize=300%2C225&amp;ssl=1 300w, https:\/\/i0.wp.com\/www.funktionsmodellbau.ch\/content\/wp-content\/uploads\/2018\/08\/P1270370.jpg?resize=768%2C576&amp;ssl=1 768w, https:\/\/i0.wp.com\/www.funktionsmodellbau.ch\/content\/wp-content\/uploads\/2018\/08\/P1270370.jpg?resize=1024%2C768&amp;ssl=1 1024w, https:\/\/i0.wp.com\/www.funktionsmodellbau.ch\/content\/wp-content\/uploads\/2018\/08\/P1270370.jpg?resize=640%2C480&amp;ssl=1 640w, https:\/\/i0.wp.com\/www.funktionsmodellbau.ch\/content\/wp-content\/uploads\/2018\/08\/P1270370.jpg?w=1356&amp;ssl=1 1356w, https:\/\/i0.wp.com\/www.funktionsmodellbau.ch\/content\/wp-content\/uploads\/2018\/08\/P1270370.jpg?w=2034&amp;ssl=1 2034w\" width=\"222\" height=\"166\" loading=\"lazy\" data-original-width=\"222\" data-original-height=\"166\" itemprop=\"http:\/\/schema.org\/image\" title=\"P1270370\" alt=\"#aarescaler\" style=\"width: 222px; height: 166px;\" \/> <\/a> <\/div> <\/div> <!-- close group --> <\/div> <!-- close row --> <\/div>\n<div class=\"tiled-gallery type-rectangular tiled-gallery-unresized\" data-original-width=\"678\" data-carousel-extra='{&quot;blog_id&quot;:1,&quot;permalink&quot;:&quot;https:\\\/\\\/www.funktionsmodellbau.ch\\\/content\\\/13-aaresaler-rc-scale-car-adeventure-tour-2018\\\/&quot;,&quot;likes_blog_id&quot;:29068213}' itemscope itemtype=\"http:\/\/schema.org\/ImageGallery\" > <div class=\"gallery-row\" style=\"width: 678px; height: 340px;\" data-original-width=\"678\" data-original-height=\"340\" > <div class=\"gallery-group images-1\" style=\"width: 452px; height: 340px;\" data-original-width=\"452\" data-original-height=\"340\" > <div class=\"tiled-gallery-item tiled-gallery-item-large\" itemprop=\"associatedMedia\" itemscope itemtype=\"http:\/\/schema.org\/ImageObject\"> <a href=\"https:\/\/www.funktionsmodellbau.ch\/content\/13-aaresaler-rc-scale-car-adeventure-tour-2018\/p1270372-2\/\" border=\"0\" itemprop=\"url\"> <meta itemprop=\"width\" content=\"448\"> <meta itemprop=\"height\" content=\"336\"> <img decoding=\"async\" class=\"\" data-attachment-id=\"9165\" data-orig-file=\"https:\/\/www.funktionsmodellbau.ch\/content\/wp-content\/uploads\/2018\/08\/P1270372-1.jpg\" data-orig-size=\"3200,2400\" data-comments-opened=\"1\" data-image-meta=\"{&quot;aperture&quot;:&quot;0&quot;,&quot;credit&quot;:&quot;&quot;,&quot;camera&quot;:&quot;&quot;,&quot;caption&quot;:&quot;&quot;,&quot;created_timestamp&quot;:&quot;0&quot;,&quot;copyright&quot;:&quot;&quot;,&quot;focal_length&quot;:&quot;0&quot;,&quot;iso&quot;:&quot;0&quot;,&quot;shutter_speed&quot;:&quot;0&quot;,&quot;title&quot;:&quot;&quot;,&quot;orientation&quot;:&quot;0&quot;}\" data-image-title=\"P1270372\" data-image-description=\"\" data-medium-file=\"https:\/\/i0.wp.com\/www.funktionsmodellbau.ch\/content\/wp-content\/uploads\/2018\/08\/P1270372-1.jpg?fit=300%2C225&#038;ssl=1\" data-large-file=\"https:\/\/i0.wp.com\/www.funktionsmodellbau.ch\/content\/wp-content\/uploads\/2018\/08\/P1270372-1.jpg?fit=678%2C509&#038;ssl=1\" src=\"https:\/\/i0.wp.com\/www.funktionsmodellbau.ch\/content\/wp-content\/uploads\/2018\/08\/P1270372-1.jpg?w=448&#038;h=336&#038;ssl=1\" srcset=\"https:\/\/i0.wp.com\/www.funktionsmodellbau.ch\/content\/wp-content\/uploads\/2018\/08\/P1270372-1.jpg?w=3200&amp;ssl=1 3200w, https:\/\/i0.wp.com\/www.funktionsmodellbau.ch\/content\/wp-content\/uploads\/2018\/08\/P1270372-1.jpg?resize=300%2C225&amp;ssl=1 300w, https:\/\/i0.wp.com\/www.funktionsmodellbau.ch\/content\/wp-content\/uploads\/2018\/08\/P1270372-1.jpg?resize=768%2C576&amp;ssl=1 768w, https:\/\/i0.wp.com\/www.funktionsmodellbau.ch\/content\/wp-content\/uploads\/2018\/08\/P1270372-1.jpg?resize=1024%2C768&amp;ssl=1 1024w, https:\/\/i0.wp.com\/www.funktionsmodellbau.ch\/content\/wp-content\/uploads\/2018\/08\/P1270372-1.jpg?resize=640%2C480&amp;ssl=1 640w, https:\/\/i0.wp.com\/www.funktionsmodellbau.ch\/content\/wp-content\/uploads\/2018\/08\/P1270372-1.jpg?w=1356&amp;ssl=1 1356w, https:\/\/i0.wp.com\/www.funktionsmodellbau.ch\/content\/wp-content\/uploads\/2018\/08\/P1270372-1.jpg?w=2034&amp;ssl=1 2034w\" width=\"448\" height=\"336\" loading=\"lazy\" data-original-width=\"448\" data-original-height=\"336\" itemprop=\"http:\/\/schema.org\/image\" title=\"P1270372\" alt=\"P1270372\" style=\"width: 448px; height: 336px;\" \/> <\/a> <\/div> <\/div> <!-- close group --> <div class=\"gallery-group images-2\" style=\"width: 226px; height: 340px;\" data-original-width=\"226\" data-original-height=\"340\" > <div class=\"tiled-gallery-item tiled-gallery-item-small\" itemprop=\"associatedMedia\" itemscope itemtype=\"http:\/\/schema.org\/ImageObject\"> <a href=\"https:\/\/www.funktionsmodellbau.ch\/content\/13-aaresaler-rc-scale-car-adeventure-tour-2018\/p1270374\/\" border=\"0\" itemprop=\"url\"> <meta itemprop=\"width\" content=\"222\"> <meta itemprop=\"height\" content=\"166\"> <img decoding=\"async\" class=\"\" data-attachment-id=\"9162\" data-orig-file=\"https:\/\/www.funktionsmodellbau.ch\/content\/wp-content\/uploads\/2018\/08\/P1270374.jpg\" data-orig-size=\"3200,2400\" data-comments-opened=\"1\" data-image-meta=\"{&quot;aperture&quot;:&quot;0&quot;,&quot;credit&quot;:&quot;&quot;,&quot;camera&quot;:&quot;&quot;,&quot;caption&quot;:&quot;&quot;,&quot;created_timestamp&quot;:&quot;0&quot;,&quot;copyright&quot;:&quot;&quot;,&quot;focal_length&quot;:&quot;0&quot;,&quot;iso&quot;:&quot;0&quot;,&quot;shutter_speed&quot;:&quot;0&quot;,&quot;title&quot;:&quot;&quot;,&quot;orientation&quot;:&quot;0&quot;}\" data-image-title=\"P1270374\" data-image-description=\"\" data-medium-file=\"https:\/\/i0.wp.com\/www.funktionsmodellbau.ch\/content\/wp-content\/uploads\/2018\/08\/P1270374.jpg?fit=300%2C225&#038;ssl=1\" data-large-file=\"https:\/\/i0.wp.com\/www.funktionsmodellbau.ch\/content\/wp-content\/uploads\/2018\/08\/P1270374.jpg?fit=678%2C509&#038;ssl=1\" src=\"https:\/\/i0.wp.com\/www.funktionsmodellbau.ch\/content\/wp-content\/uploads\/2018\/08\/P1270374.jpg?w=222&#038;h=166&#038;ssl=1\" srcset=\"https:\/\/i0.wp.com\/www.funktionsmodellbau.ch\/content\/wp-content\/uploads\/2018\/08\/P1270374.jpg?w=3200&amp;ssl=1 3200w, https:\/\/i0.wp.com\/www.funktionsmodellbau.ch\/content\/wp-content\/uploads\/2018\/08\/P1270374.jpg?resize=300%2C225&amp;ssl=1 300w, https:\/\/i0.wp.com\/www.funktionsmodellbau.ch\/content\/wp-content\/uploads\/2018\/08\/P1270374.jpg?resize=768%2C576&amp;ssl=1 768w, https:\/\/i0.wp.com\/www.funktionsmodellbau.ch\/content\/wp-content\/uploads\/2018\/08\/P1270374.jpg?resize=1024%2C768&amp;ssl=1 1024w, https:\/\/i0.wp.com\/www.funktionsmodellbau.ch\/content\/wp-content\/uploads\/2018\/08\/P1270374.jpg?resize=640%2C480&amp;ssl=1 640w, https:\/\/i0.wp.com\/www.funktionsmodellbau.ch\/content\/wp-content\/uploads\/2018\/08\/P1270374.jpg?w=1356&amp;ssl=1 1356w, https:\/\/i0.wp.com\/www.funktionsmodellbau.ch\/content\/wp-content\/uploads\/2018\/08\/P1270374.jpg?w=2034&amp;ssl=1 2034w\" width=\"222\" height=\"166\" loading=\"lazy\" data-original-width=\"222\" data-original-height=\"166\" itemprop=\"http:\/\/schema.org\/image\" title=\"P1270374\" alt=\"#aarescaler\" style=\"width: 222px; height: 166px;\" \/> <\/a> <\/div> <div class=\"tiled-gallery-item tiled-gallery-item-small\" itemprop=\"associatedMedia\" itemscope itemtype=\"http:\/\/schema.org\/ImageObject\"> <a href=\"https:\/\/www.funktionsmodellbau.ch\/content\/13-aaresaler-rc-scale-car-adeventure-tour-2018\/p1270373-2\/\" border=\"0\" itemprop=\"url\"> <meta itemprop=\"width\" content=\"222\"> <meta itemprop=\"height\" content=\"166\"> <img decoding=\"async\" class=\"\" data-attachment-id=\"9163\" data-orig-file=\"https:\/\/www.funktionsmodellbau.ch\/content\/wp-content\/uploads\/2018\/08\/P1270373-1.jpg\" data-orig-size=\"3200,2400\" data-comments-opened=\"1\" data-image-meta=\"{&quot;aperture&quot;:&quot;0&quot;,&quot;credit&quot;:&quot;&quot;,&quot;camera&quot;:&quot;&quot;,&quot;caption&quot;:&quot;&quot;,&quot;created_timestamp&quot;:&quot;0&quot;,&quot;copyright&quot;:&quot;&quot;,&quot;focal_length&quot;:&quot;0&quot;,&quot;iso&quot;:&quot;0&quot;,&quot;shutter_speed&quot;:&quot;0&quot;,&quot;title&quot;:&quot;&quot;,&quot;orientation&quot;:&quot;0&quot;}\" data-image-title=\"P1270373\" data-image-description=\"\" data-medium-file=\"https:\/\/i0.wp.com\/www.funktionsmodellbau.ch\/content\/wp-content\/uploads\/2018\/08\/P1270373-1.jpg?fit=300%2C225&#038;ssl=1\" data-large-file=\"https:\/\/i0.wp.com\/www.funktionsmodellbau.ch\/content\/wp-content\/uploads\/2018\/08\/P1270373-1.jpg?fit=678%2C509&#038;ssl=1\" src=\"https:\/\/i0.wp.com\/www.funktionsmodellbau.ch\/content\/wp-content\/uploads\/2018\/08\/P1270373-1.jpg?w=222&#038;h=166&#038;ssl=1\" srcset=\"https:\/\/i0.wp.com\/www.funktionsmodellbau.ch\/content\/wp-content\/uploads\/2018\/08\/P1270373-1.jpg?w=3200&amp;ssl=1 3200w, https:\/\/i0.wp.com\/www.funktionsmodellbau.ch\/content\/wp-content\/uploads\/2018\/08\/P1270373-1.jpg?resize=300%2C225&amp;ssl=1 300w, https:\/\/i0.wp.com\/www.funktionsmodellbau.ch\/content\/wp-content\/uploads\/2018\/08\/P1270373-1.jpg?resize=768%2C576&amp;ssl=1 768w, https:\/\/i0.wp.com\/www.funktionsmodellbau.ch\/content\/wp-content\/uploads\/2018\/08\/P1270373-1.jpg?resize=1024%2C768&amp;ssl=1 1024w, https:\/\/i0.wp.com\/www.funktionsmodellbau.ch\/content\/wp-content\/uploads\/2018\/08\/P1270373-1.jpg?resize=640%2C480&amp;ssl=1 640w, https:\/\/i0.wp.com\/www.funktionsmodellbau.ch\/content\/wp-content\/uploads\/2018\/08\/P1270373-1.jpg?w=1356&amp;ssl=1 1356w, https:\/\/i0.wp.com\/www.funktionsmodellbau.ch\/content\/wp-content\/uploads\/2018\/08\/P1270373-1.jpg?w=2034&amp;ssl=1 2034w\" width=\"222\" height=\"166\" loading=\"lazy\" data-original-width=\"222\" data-original-height=\"166\" itemprop=\"http:\/\/schema.org\/image\" title=\"P1270373\" alt=\"#aarescaler\" style=\"width: 222px; height: 166px;\" \/> <\/a> <\/div> <\/div> <!-- close group --> <\/div> <!-- close row --> <\/div>\n<div class=\"tiled-gallery type-rectangular tiled-gallery-unresized\" data-original-width=\"678\" data-carousel-extra='{&quot;blog_id&quot;:1,&quot;permalink&quot;:&quot;https:\\\/\\\/www.funktionsmodellbau.ch\\\/content\\\/13-aaresaler-rc-scale-car-adeventure-tour-2018\\\/&quot;,&quot;likes_blog_id&quot;:29068213}' itemscope itemtype=\"http:\/\/schema.org\/ImageGallery\" > <div class=\"gallery-row\" style=\"width: 678px; height: 340px;\" data-original-width=\"678\" data-original-height=\"340\" > <div class=\"gallery-group images-1\" style=\"width: 452px; height: 340px;\" data-original-width=\"452\" data-original-height=\"340\" > <div class=\"tiled-gallery-item tiled-gallery-item-large\" itemprop=\"associatedMedia\" itemscope itemtype=\"http:\/\/schema.org\/ImageObject\"> <a href=\"https:\/\/www.funktionsmodellbau.ch\/content\/13-aaresaler-rc-scale-car-adeventure-tour-2018\/p1270383-2\/\" border=\"0\" itemprop=\"url\"> <meta itemprop=\"width\" content=\"448\"> <meta itemprop=\"height\" content=\"336\"> <img decoding=\"async\" class=\"\" data-attachment-id=\"9160\" data-orig-file=\"https:\/\/www.funktionsmodellbau.ch\/content\/wp-content\/uploads\/2018\/08\/P1270383-1.jpg\" data-orig-size=\"3200,2400\" data-comments-opened=\"1\" data-image-meta=\"{&quot;aperture&quot;:&quot;0&quot;,&quot;credit&quot;:&quot;&quot;,&quot;camera&quot;:&quot;&quot;,&quot;caption&quot;:&quot;&quot;,&quot;created_timestamp&quot;:&quot;0&quot;,&quot;copyright&quot;:&quot;&quot;,&quot;focal_length&quot;:&quot;0&quot;,&quot;iso&quot;:&quot;0&quot;,&quot;shutter_speed&quot;:&quot;0&quot;,&quot;title&quot;:&quot;&quot;,&quot;orientation&quot;:&quot;0&quot;}\" data-image-title=\"P1270383\" data-image-description=\"\" data-medium-file=\"https:\/\/i0.wp.com\/www.funktionsmodellbau.ch\/content\/wp-content\/uploads\/2018\/08\/P1270383-1.jpg?fit=300%2C225&#038;ssl=1\" data-large-file=\"https:\/\/i0.wp.com\/www.funktionsmodellbau.ch\/content\/wp-content\/uploads\/2018\/08\/P1270383-1.jpg?fit=678%2C509&#038;ssl=1\" src=\"https:\/\/i0.wp.com\/www.funktionsmodellbau.ch\/content\/wp-content\/uploads\/2018\/08\/P1270383-1.jpg?w=448&#038;h=336&#038;ssl=1\" srcset=\"https:\/\/i0.wp.com\/www.funktionsmodellbau.ch\/content\/wp-content\/uploads\/2018\/08\/P1270383-1.jpg?w=3200&amp;ssl=1 3200w, https:\/\/i0.wp.com\/www.funktionsmodellbau.ch\/content\/wp-content\/uploads\/2018\/08\/P1270383-1.jpg?resize=300%2C225&amp;ssl=1 300w, https:\/\/i0.wp.com\/www.funktionsmodellbau.ch\/content\/wp-content\/uploads\/2018\/08\/P1270383-1.jpg?resize=768%2C576&amp;ssl=1 768w, https:\/\/i0.wp.com\/www.funktionsmodellbau.ch\/content\/wp-content\/uploads\/2018\/08\/P1270383-1.jpg?resize=1024%2C768&amp;ssl=1 1024w, https:\/\/i0.wp.com\/www.funktionsmodellbau.ch\/content\/wp-content\/uploads\/2018\/08\/P1270383-1.jpg?resize=640%2C480&amp;ssl=1 640w, https:\/\/i0.wp.com\/www.funktionsmodellbau.ch\/content\/wp-content\/uploads\/2018\/08\/P1270383-1.jpg?w=1356&amp;ssl=1 1356w, https:\/\/i0.wp.com\/www.funktionsmodellbau.ch\/content\/wp-content\/uploads\/2018\/08\/P1270383-1.jpg?w=2034&amp;ssl=1 2034w\" width=\"448\" height=\"336\" loading=\"lazy\" data-original-width=\"448\" data-original-height=\"336\" itemprop=\"http:\/\/schema.org\/image\" title=\"P1270383\" alt=\"#aarescaler\" style=\"width: 448px; height: 336px;\" \/> <\/a> <\/div> <\/div> <!-- close group --> <div class=\"gallery-group images-2\" style=\"width: 226px; height: 340px;\" data-original-width=\"226\" data-original-height=\"340\" > <div class=\"tiled-gallery-item tiled-gallery-item-small\" itemprop=\"associatedMedia\" itemscope itemtype=\"http:\/\/schema.org\/ImageObject\"> <a href=\"https:\/\/www.funktionsmodellbau.ch\/content\/13-aaresaler-rc-scale-car-adeventure-tour-2018\/p1270384-2\/\" border=\"0\" itemprop=\"url\"> <meta itemprop=\"width\" content=\"222\"> <meta itemprop=\"height\" content=\"166\"> <img decoding=\"async\" class=\"\" data-attachment-id=\"9159\" data-orig-file=\"https:\/\/www.funktionsmodellbau.ch\/content\/wp-content\/uploads\/2018\/08\/P1270384-1.jpg\" data-orig-size=\"3200,2400\" data-comments-opened=\"1\" data-image-meta=\"{&quot;aperture&quot;:&quot;0&quot;,&quot;credit&quot;:&quot;&quot;,&quot;camera&quot;:&quot;&quot;,&quot;caption&quot;:&quot;&quot;,&quot;created_timestamp&quot;:&quot;0&quot;,&quot;copyright&quot;:&quot;&quot;,&quot;focal_length&quot;:&quot;0&quot;,&quot;iso&quot;:&quot;0&quot;,&quot;shutter_speed&quot;:&quot;0&quot;,&quot;title&quot;:&quot;&quot;,&quot;orientation&quot;:&quot;0&quot;}\" data-image-title=\"P1270384\" data-image-description=\"\" data-medium-file=\"https:\/\/i0.wp.com\/www.funktionsmodellbau.ch\/content\/wp-content\/uploads\/2018\/08\/P1270384-1.jpg?fit=300%2C225&#038;ssl=1\" data-large-file=\"https:\/\/i0.wp.com\/www.funktionsmodellbau.ch\/content\/wp-content\/uploads\/2018\/08\/P1270384-1.jpg?fit=678%2C509&#038;ssl=1\" src=\"https:\/\/i0.wp.com\/www.funktionsmodellbau.ch\/content\/wp-content\/uploads\/2018\/08\/P1270384-1.jpg?w=222&#038;h=166&#038;ssl=1\" srcset=\"https:\/\/i0.wp.com\/www.funktionsmodellbau.ch\/content\/wp-content\/uploads\/2018\/08\/P1270384-1.jpg?w=3200&amp;ssl=1 3200w, https:\/\/i0.wp.com\/www.funktionsmodellbau.ch\/content\/wp-content\/uploads\/2018\/08\/P1270384-1.jpg?resize=300%2C225&amp;ssl=1 300w, https:\/\/i0.wp.com\/www.funktionsmodellbau.ch\/content\/wp-content\/uploads\/2018\/08\/P1270384-1.jpg?resize=768%2C576&amp;ssl=1 768w, https:\/\/i0.wp.com\/www.funktionsmodellbau.ch\/content\/wp-content\/uploads\/2018\/08\/P1270384-1.jpg?resize=1024%2C768&amp;ssl=1 1024w, https:\/\/i0.wp.com\/www.funktionsmodellbau.ch\/content\/wp-content\/uploads\/2018\/08\/P1270384-1.jpg?resize=640%2C480&amp;ssl=1 640w, https:\/\/i0.wp.com\/www.funktionsmodellbau.ch\/content\/wp-content\/uploads\/2018\/08\/P1270384-1.jpg?w=1356&amp;ssl=1 1356w, https:\/\/i0.wp.com\/www.funktionsmodellbau.ch\/content\/wp-content\/uploads\/2018\/08\/P1270384-1.jpg?w=2034&amp;ssl=1 2034w\" width=\"222\" height=\"166\" loading=\"lazy\" data-original-width=\"222\" data-original-height=\"166\" itemprop=\"http:\/\/schema.org\/image\" title=\"P1270384\" alt=\"#aarescaler\" style=\"width: 222px; height: 166px;\" \/> <\/a> <\/div> <div class=\"tiled-gallery-item tiled-gallery-item-small\" itemprop=\"associatedMedia\" itemscope itemtype=\"http:\/\/schema.org\/ImageObject\"> <a href=\"https:\/\/www.funktionsmodellbau.ch\/content\/13-aaresaler-rc-scale-car-adeventure-tour-2018\/p1270381-2\/\" border=\"0\" itemprop=\"url\"> <meta itemprop=\"width\" content=\"222\"> <meta itemprop=\"height\" content=\"166\"> <img decoding=\"async\" class=\"\" data-attachment-id=\"9158\" data-orig-file=\"https:\/\/www.funktionsmodellbau.ch\/content\/wp-content\/uploads\/2018\/08\/P1270381-1.jpg\" data-orig-size=\"3200,2400\" data-comments-opened=\"1\" data-image-meta=\"{&quot;aperture&quot;:&quot;0&quot;,&quot;credit&quot;:&quot;&quot;,&quot;camera&quot;:&quot;&quot;,&quot;caption&quot;:&quot;&quot;,&quot;created_timestamp&quot;:&quot;0&quot;,&quot;copyright&quot;:&quot;&quot;,&quot;focal_length&quot;:&quot;0&quot;,&quot;iso&quot;:&quot;0&quot;,&quot;shutter_speed&quot;:&quot;0&quot;,&quot;title&quot;:&quot;&quot;,&quot;orientation&quot;:&quot;0&quot;}\" data-image-title=\"P1270381\" data-image-description=\"\" data-medium-file=\"https:\/\/i0.wp.com\/www.funktionsmodellbau.ch\/content\/wp-content\/uploads\/2018\/08\/P1270381-1.jpg?fit=300%2C225&#038;ssl=1\" data-large-file=\"https:\/\/i0.wp.com\/www.funktionsmodellbau.ch\/content\/wp-content\/uploads\/2018\/08\/P1270381-1.jpg?fit=678%2C509&#038;ssl=1\" src=\"https:\/\/i0.wp.com\/www.funktionsmodellbau.ch\/content\/wp-content\/uploads\/2018\/08\/P1270381-1.jpg?w=222&#038;h=166&#038;ssl=1\" srcset=\"https:\/\/i0.wp.com\/www.funktionsmodellbau.ch\/content\/wp-content\/uploads\/2018\/08\/P1270381-1.jpg?w=3200&amp;ssl=1 3200w, https:\/\/i0.wp.com\/www.funktionsmodellbau.ch\/content\/wp-content\/uploads\/2018\/08\/P1270381-1.jpg?resize=300%2C225&amp;ssl=1 300w, https:\/\/i0.wp.com\/www.funktionsmodellbau.ch\/content\/wp-content\/uploads\/2018\/08\/P1270381-1.jpg?resize=768%2C576&amp;ssl=1 768w, https:\/\/i0.wp.com\/www.funktionsmodellbau.ch\/content\/wp-content\/uploads\/2018\/08\/P1270381-1.jpg?resize=1024%2C768&amp;ssl=1 1024w, https:\/\/i0.wp.com\/www.funktionsmodellbau.ch\/content\/wp-content\/uploads\/2018\/08\/P1270381-1.jpg?resize=640%2C480&amp;ssl=1 640w, https:\/\/i0.wp.com\/www.funktionsmodellbau.ch\/content\/wp-content\/uploads\/2018\/08\/P1270381-1.jpg?w=1356&amp;ssl=1 1356w, https:\/\/i0.wp.com\/www.funktionsmodellbau.ch\/content\/wp-content\/uploads\/2018\/08\/P1270381-1.jpg?w=2034&amp;ssl=1 2034w\" width=\"222\" height=\"166\" loading=\"lazy\" data-original-width=\"222\" data-original-height=\"166\" itemprop=\"http:\/\/schema.org\/image\" title=\"P1270381\" alt=\"#aarescaler\" style=\"width: 222px; height: 166px;\" \/> <\/a> <\/div> <\/div> <!-- close group --> <\/div> <!-- close row --> <div class=\"gallery-row\" style=\"width: 678px; height: 340px;\" data-original-width=\"678\" data-original-height=\"340\" > <div class=\"gallery-group images-2\" style=\"width: 226px; height: 340px;\" data-original-width=\"226\" data-original-height=\"340\" > <div class=\"tiled-gallery-item tiled-gallery-item-small\" itemprop=\"associatedMedia\" itemscope itemtype=\"http:\/\/schema.org\/ImageObject\"> <a href=\"https:\/\/www.funktionsmodellbau.ch\/content\/13-aaresaler-rc-scale-car-adeventure-tour-2018\/p1270380-2\/\" border=\"0\" itemprop=\"url\"> <meta itemprop=\"width\" content=\"222\"> <meta itemprop=\"height\" content=\"166\"> <img decoding=\"async\" class=\"\" data-attachment-id=\"9157\" data-orig-file=\"https:\/\/www.funktionsmodellbau.ch\/content\/wp-content\/uploads\/2018\/08\/P1270380-1.jpg\" data-orig-size=\"3200,2400\" data-comments-opened=\"1\" data-image-meta=\"{&quot;aperture&quot;:&quot;0&quot;,&quot;credit&quot;:&quot;&quot;,&quot;camera&quot;:&quot;&quot;,&quot;caption&quot;:&quot;&quot;,&quot;created_timestamp&quot;:&quot;0&quot;,&quot;copyright&quot;:&quot;&quot;,&quot;focal_length&quot;:&quot;0&quot;,&quot;iso&quot;:&quot;0&quot;,&quot;shutter_speed&quot;:&quot;0&quot;,&quot;title&quot;:&quot;&quot;,&quot;orientation&quot;:&quot;0&quot;}\" data-image-title=\"P1270380\" data-image-description=\"\" data-medium-file=\"https:\/\/i0.wp.com\/www.funktionsmodellbau.ch\/content\/wp-content\/uploads\/2018\/08\/P1270380-1.jpg?fit=300%2C225&#038;ssl=1\" data-large-file=\"https:\/\/i0.wp.com\/www.funktionsmodellbau.ch\/content\/wp-content\/uploads\/2018\/08\/P1270380-1.jpg?fit=678%2C509&#038;ssl=1\" src=\"https:\/\/i0.wp.com\/www.funktionsmodellbau.ch\/content\/wp-content\/uploads\/2018\/08\/P1270380-1.jpg?w=222&#038;h=166&#038;ssl=1\" srcset=\"https:\/\/i0.wp.com\/www.funktionsmodellbau.ch\/content\/wp-content\/uploads\/2018\/08\/P1270380-1.jpg?w=3200&amp;ssl=1 3200w, https:\/\/i0.wp.com\/www.funktionsmodellbau.ch\/content\/wp-content\/uploads\/2018\/08\/P1270380-1.jpg?resize=300%2C225&amp;ssl=1 300w, https:\/\/i0.wp.com\/www.funktionsmodellbau.ch\/content\/wp-content\/uploads\/2018\/08\/P1270380-1.jpg?resize=768%2C576&amp;ssl=1 768w, https:\/\/i0.wp.com\/www.funktionsmodellbau.ch\/content\/wp-content\/uploads\/2018\/08\/P1270380-1.jpg?resize=1024%2C768&amp;ssl=1 1024w, https:\/\/i0.wp.com\/www.funktionsmodellbau.ch\/content\/wp-content\/uploads\/2018\/08\/P1270380-1.jpg?resize=640%2C480&amp;ssl=1 640w, https:\/\/i0.wp.com\/www.funktionsmodellbau.ch\/content\/wp-content\/uploads\/2018\/08\/P1270380-1.jpg?w=1356&amp;ssl=1 1356w, https:\/\/i0.wp.com\/www.funktionsmodellbau.ch\/content\/wp-content\/uploads\/2018\/08\/P1270380-1.jpg?w=2034&amp;ssl=1 2034w\" width=\"222\" height=\"166\" loading=\"lazy\" data-original-width=\"222\" data-original-height=\"166\" itemprop=\"http:\/\/schema.org\/image\" title=\"P1270380\" alt=\"#aarescaler\" style=\"width: 222px; height: 166px;\" \/> <\/a> <\/div> <div class=\"tiled-gallery-item tiled-gallery-item-small\" itemprop=\"associatedMedia\" itemscope itemtype=\"http:\/\/schema.org\/ImageObject\"> <a href=\"https:\/\/www.funktionsmodellbau.ch\/content\/13-aaresaler-rc-scale-car-adeventure-tour-2018\/p1270377-2\/\" border=\"0\" itemprop=\"url\"> <meta itemprop=\"width\" content=\"222\"> <meta itemprop=\"height\" content=\"166\"> <img decoding=\"async\" class=\"\" data-attachment-id=\"9156\" data-orig-file=\"https:\/\/www.funktionsmodellbau.ch\/content\/wp-content\/uploads\/2018\/08\/P1270377-1.jpg\" data-orig-size=\"3200,2400\" data-comments-opened=\"1\" data-image-meta=\"{&quot;aperture&quot;:&quot;0&quot;,&quot;credit&quot;:&quot;&quot;,&quot;camera&quot;:&quot;&quot;,&quot;caption&quot;:&quot;&quot;,&quot;created_timestamp&quot;:&quot;0&quot;,&quot;copyright&quot;:&quot;&quot;,&quot;focal_length&quot;:&quot;0&quot;,&quot;iso&quot;:&quot;0&quot;,&quot;shutter_speed&quot;:&quot;0&quot;,&quot;title&quot;:&quot;&quot;,&quot;orientation&quot;:&quot;0&quot;}\" data-image-title=\"P1270377\" data-image-description=\"\" data-medium-file=\"https:\/\/i0.wp.com\/www.funktionsmodellbau.ch\/content\/wp-content\/uploads\/2018\/08\/P1270377-1.jpg?fit=300%2C225&#038;ssl=1\" data-large-file=\"https:\/\/i0.wp.com\/www.funktionsmodellbau.ch\/content\/wp-content\/uploads\/2018\/08\/P1270377-1.jpg?fit=678%2C509&#038;ssl=1\" src=\"https:\/\/i0.wp.com\/www.funktionsmodellbau.ch\/content\/wp-content\/uploads\/2018\/08\/P1270377-1.jpg?w=222&#038;h=166&#038;ssl=1\" srcset=\"https:\/\/i0.wp.com\/www.funktionsmodellbau.ch\/content\/wp-content\/uploads\/2018\/08\/P1270377-1.jpg?w=3200&amp;ssl=1 3200w, https:\/\/i0.wp.com\/www.funktionsmodellbau.ch\/content\/wp-content\/uploads\/2018\/08\/P1270377-1.jpg?resize=300%2C225&amp;ssl=1 300w, https:\/\/i0.wp.com\/www.funktionsmodellbau.ch\/content\/wp-content\/uploads\/2018\/08\/P1270377-1.jpg?resize=768%2C576&amp;ssl=1 768w, https:\/\/i0.wp.com\/www.funktionsmodellbau.ch\/content\/wp-content\/uploads\/2018\/08\/P1270377-1.jpg?resize=1024%2C768&amp;ssl=1 1024w, https:\/\/i0.wp.com\/www.funktionsmodellbau.ch\/content\/wp-content\/uploads\/2018\/08\/P1270377-1.jpg?resize=640%2C480&amp;ssl=1 640w, https:\/\/i0.wp.com\/www.funktionsmodellbau.ch\/content\/wp-content\/uploads\/2018\/08\/P1270377-1.jpg?w=1356&amp;ssl=1 1356w, https:\/\/i0.wp.com\/www.funktionsmodellbau.ch\/content\/wp-content\/uploads\/2018\/08\/P1270377-1.jpg?w=2034&amp;ssl=1 2034w\" width=\"222\" height=\"166\" loading=\"lazy\" data-original-width=\"222\" data-original-height=\"166\" itemprop=\"http:\/\/schema.org\/image\" title=\"P1270377\" alt=\"#aarescaler\" style=\"width: 222px; height: 166px;\" \/> <\/a> <\/div> <\/div> <!-- close group --> <div class=\"gallery-group images-1\" style=\"width: 452px; height: 340px;\" data-original-width=\"452\" data-original-height=\"340\" > <div class=\"tiled-gallery-item tiled-gallery-item-large\" itemprop=\"associatedMedia\" itemscope itemtype=\"http:\/\/schema.org\/ImageObject\"> <a href=\"https:\/\/www.funktionsmodellbau.ch\/content\/13-aaresaler-rc-scale-car-adeventure-tour-2018\/p1270378-2\/\" border=\"0\" itemprop=\"url\"> <meta itemprop=\"width\" content=\"448\"> <meta itemprop=\"height\" content=\"336\"> <img decoding=\"async\" class=\"\" data-attachment-id=\"9155\" data-orig-file=\"https:\/\/www.funktionsmodellbau.ch\/content\/wp-content\/uploads\/2018\/08\/P1270378-1.jpg\" data-orig-size=\"3200,2400\" data-comments-opened=\"1\" data-image-meta=\"{&quot;aperture&quot;:&quot;0&quot;,&quot;credit&quot;:&quot;&quot;,&quot;camera&quot;:&quot;&quot;,&quot;caption&quot;:&quot;&quot;,&quot;created_timestamp&quot;:&quot;0&quot;,&quot;copyright&quot;:&quot;&quot;,&quot;focal_length&quot;:&quot;0&quot;,&quot;iso&quot;:&quot;0&quot;,&quot;shutter_speed&quot;:&quot;0&quot;,&quot;title&quot;:&quot;&quot;,&quot;orientation&quot;:&quot;0&quot;}\" data-image-title=\"P1270378\" data-image-description=\"\" data-medium-file=\"https:\/\/i0.wp.com\/www.funktionsmodellbau.ch\/content\/wp-content\/uploads\/2018\/08\/P1270378-1.jpg?fit=300%2C225&#038;ssl=1\" data-large-file=\"https:\/\/i0.wp.com\/www.funktionsmodellbau.ch\/content\/wp-content\/uploads\/2018\/08\/P1270378-1.jpg?fit=678%2C509&#038;ssl=1\" src=\"https:\/\/i0.wp.com\/www.funktionsmodellbau.ch\/content\/wp-content\/uploads\/2018\/08\/P1270378-1.jpg?w=448&#038;h=336&#038;ssl=1\" srcset=\"https:\/\/i0.wp.com\/www.funktionsmodellbau.ch\/content\/wp-content\/uploads\/2018\/08\/P1270378-1.jpg?w=3200&amp;ssl=1 3200w, https:\/\/i0.wp.com\/www.funktionsmodellbau.ch\/content\/wp-content\/uploads\/2018\/08\/P1270378-1.jpg?resize=300%2C225&amp;ssl=1 300w, https:\/\/i0.wp.com\/www.funktionsmodellbau.ch\/content\/wp-content\/uploads\/2018\/08\/P1270378-1.jpg?resize=768%2C576&amp;ssl=1 768w, https:\/\/i0.wp.com\/www.funktionsmodellbau.ch\/content\/wp-content\/uploads\/2018\/08\/P1270378-1.jpg?resize=1024%2C768&amp;ssl=1 1024w, https:\/\/i0.wp.com\/www.funktionsmodellbau.ch\/content\/wp-content\/uploads\/2018\/08\/P1270378-1.jpg?resize=640%2C480&amp;ssl=1 640w, https:\/\/i0.wp.com\/www.funktionsmodellbau.ch\/content\/wp-content\/uploads\/2018\/08\/P1270378-1.jpg?w=1356&amp;ssl=1 1356w, https:\/\/i0.wp.com\/www.funktionsmodellbau.ch\/content\/wp-content\/uploads\/2018\/08\/P1270378-1.jpg?w=2034&amp;ssl=1 2034w\" width=\"448\" height=\"336\" loading=\"lazy\" data-original-width=\"448\" data-original-height=\"336\" itemprop=\"http:\/\/schema.org\/image\" title=\"P1270378\" alt=\"#aarescaler\" style=\"width: 448px; height: 336px;\" \/> <\/a> <\/div> <\/div> <!-- close group --> <\/div> <!-- close row --> <div class=\"gallery-row\" style=\"width: 678px; height: 171px;\" data-original-width=\"678\" data-original-height=\"171\" > <div class=\"gallery-group images-1\" style=\"width: 226px; height: 171px;\" data-original-width=\"226\" data-original-height=\"171\" > <div class=\"tiled-gallery-item tiled-gallery-item-small\" itemprop=\"associatedMedia\" itemscope itemtype=\"http:\/\/schema.org\/ImageObject\"> <a href=\"https:\/\/www.funktionsmodellbau.ch\/content\/13-aaresaler-rc-scale-car-adeventure-tour-2018\/p1270356-2\/\" border=\"0\" itemprop=\"url\"> <meta itemprop=\"width\" content=\"222\"> <meta itemprop=\"height\" content=\"167\"> <img decoding=\"async\" class=\"\" data-attachment-id=\"9154\" data-orig-file=\"https:\/\/www.funktionsmodellbau.ch\/content\/wp-content\/uploads\/2018\/08\/P1270356-1.jpg\" data-orig-size=\"3200,2400\" data-comments-opened=\"1\" data-image-meta=\"{&quot;aperture&quot;:&quot;0&quot;,&quot;credit&quot;:&quot;&quot;,&quot;camera&quot;:&quot;&quot;,&quot;caption&quot;:&quot;&quot;,&quot;created_timestamp&quot;:&quot;0&quot;,&quot;copyright&quot;:&quot;&quot;,&quot;focal_length&quot;:&quot;0&quot;,&quot;iso&quot;:&quot;0&quot;,&quot;shutter_speed&quot;:&quot;0&quot;,&quot;title&quot;:&quot;&quot;,&quot;orientation&quot;:&quot;0&quot;}\" data-image-title=\"P1270356\" data-image-description=\"\" data-medium-file=\"https:\/\/i0.wp.com\/www.funktionsmodellbau.ch\/content\/wp-content\/uploads\/2018\/08\/P1270356-1.jpg?fit=300%2C225&#038;ssl=1\" data-large-file=\"https:\/\/i0.wp.com\/www.funktionsmodellbau.ch\/content\/wp-content\/uploads\/2018\/08\/P1270356-1.jpg?fit=678%2C509&#038;ssl=1\" src=\"https:\/\/i0.wp.com\/www.funktionsmodellbau.ch\/content\/wp-content\/uploads\/2018\/08\/P1270356-1.jpg?w=222&#038;h=167&#038;ssl=1\" srcset=\"https:\/\/i0.wp.com\/www.funktionsmodellbau.ch\/content\/wp-content\/uploads\/2018\/08\/P1270356-1.jpg?w=3200&amp;ssl=1 3200w, https:\/\/i0.wp.com\/www.funktionsmodellbau.ch\/content\/wp-content\/uploads\/2018\/08\/P1270356-1.jpg?resize=300%2C225&amp;ssl=1 300w, https:\/\/i0.wp.com\/www.funktionsmodellbau.ch\/content\/wp-content\/uploads\/2018\/08\/P1270356-1.jpg?resize=768%2C576&amp;ssl=1 768w, https:\/\/i0.wp.com\/www.funktionsmodellbau.ch\/content\/wp-content\/uploads\/2018\/08\/P1270356-1.jpg?resize=1024%2C768&amp;ssl=1 1024w, https:\/\/i0.wp.com\/www.funktionsmodellbau.ch\/content\/wp-content\/uploads\/2018\/08\/P1270356-1.jpg?resize=640%2C480&amp;ssl=1 640w, https:\/\/i0.wp.com\/www.funktionsmodellbau.ch\/content\/wp-content\/uploads\/2018\/08\/P1270356-1.jpg?w=1356&amp;ssl=1 1356w, https:\/\/i0.wp.com\/www.funktionsmodellbau.ch\/content\/wp-content\/uploads\/2018\/08\/P1270356-1.jpg?w=2034&amp;ssl=1 2034w\" width=\"222\" height=\"167\" loading=\"lazy\" data-original-width=\"222\" data-original-height=\"167\" itemprop=\"http:\/\/schema.org\/image\" title=\"P1270356\" alt=\"#aarescaler\" style=\"width: 222px; height: 167px;\" \/> <\/a> <\/div> <\/div> <!-- close group --> <div class=\"gallery-group images-1\" style=\"width: 226px; height: 171px;\" data-original-width=\"226\" data-original-height=\"171\" > <div class=\"tiled-gallery-item tiled-gallery-item-small\" itemprop=\"associatedMedia\" itemscope itemtype=\"http:\/\/schema.org\/ImageObject\"> <a href=\"https:\/\/www.funktionsmodellbau.ch\/content\/13-aaresaler-rc-scale-car-adeventure-tour-2018\/p1270400-2\/\" border=\"0\" itemprop=\"url\"> <meta itemprop=\"width\" content=\"222\"> <meta itemprop=\"height\" content=\"167\"> <img decoding=\"async\" class=\"\" data-attachment-id=\"9152\" data-orig-file=\"https:\/\/www.funktionsmodellbau.ch\/content\/wp-content\/uploads\/2018\/08\/P1270400-1.jpg\" data-orig-size=\"3200,2400\" data-comments-opened=\"1\" data-image-meta=\"{&quot;aperture&quot;:&quot;0&quot;,&quot;credit&quot;:&quot;&quot;,&quot;camera&quot;:&quot;&quot;,&quot;caption&quot;:&quot;&quot;,&quot;created_timestamp&quot;:&quot;0&quot;,&quot;copyright&quot;:&quot;&quot;,&quot;focal_length&quot;:&quot;0&quot;,&quot;iso&quot;:&quot;0&quot;,&quot;shutter_speed&quot;:&quot;0&quot;,&quot;title&quot;:&quot;&quot;,&quot;orientation&quot;:&quot;0&quot;}\" data-image-title=\"P1270400\" data-image-description=\"\" data-medium-file=\"https:\/\/i0.wp.com\/www.funktionsmodellbau.ch\/content\/wp-content\/uploads\/2018\/08\/P1270400-1.jpg?fit=300%2C225&#038;ssl=1\" data-large-file=\"https:\/\/i0.wp.com\/www.funktionsmodellbau.ch\/content\/wp-content\/uploads\/2018\/08\/P1270400-1.jpg?fit=678%2C509&#038;ssl=1\" src=\"https:\/\/i0.wp.com\/www.funktionsmodellbau.ch\/content\/wp-content\/uploads\/2018\/08\/P1270400-1.jpg?w=222&#038;h=167&#038;ssl=1\" srcset=\"https:\/\/i0.wp.com\/www.funktionsmodellbau.ch\/content\/wp-content\/uploads\/2018\/08\/P1270400-1.jpg?w=3200&amp;ssl=1 3200w, https:\/\/i0.wp.com\/www.funktionsmodellbau.ch\/content\/wp-content\/uploads\/2018\/08\/P1270400-1.jpg?resize=300%2C225&amp;ssl=1 300w, https:\/\/i0.wp.com\/www.funktionsmodellbau.ch\/content\/wp-content\/uploads\/2018\/08\/P1270400-1.jpg?resize=768%2C576&amp;ssl=1 768w, https:\/\/i0.wp.com\/www.funktionsmodellbau.ch\/content\/wp-content\/uploads\/2018\/08\/P1270400-1.jpg?resize=1024%2C768&amp;ssl=1 1024w, https:\/\/i0.wp.com\/www.funktionsmodellbau.ch\/content\/wp-content\/uploads\/2018\/08\/P1270400-1.jpg?resize=640%2C480&amp;ssl=1 640w, https:\/\/i0.wp.com\/www.funktionsmodellbau.ch\/content\/wp-content\/uploads\/2018\/08\/P1270400-1.jpg?w=1356&amp;ssl=1 1356w, https:\/\/i0.wp.com\/www.funktionsmodellbau.ch\/content\/wp-content\/uploads\/2018\/08\/P1270400-1.jpg?w=2034&amp;ssl=1 2034w\" width=\"222\" height=\"167\" loading=\"lazy\" data-original-width=\"222\" data-original-height=\"167\" itemprop=\"http:\/\/schema.org\/image\" title=\"P1270400\" alt=\"#aarescaler\" style=\"width: 222px; height: 167px;\" \/> <\/a> <\/div> <\/div> <!-- close group --> <div class=\"gallery-group images-1\" style=\"width: 226px; height: 171px;\" data-original-width=\"226\" data-original-height=\"171\" > <div class=\"tiled-gallery-item tiled-gallery-item-small\" itemprop=\"associatedMedia\" itemscope itemtype=\"http:\/\/schema.org\/ImageObject\"> <a href=\"https:\/\/www.funktionsmodellbau.ch\/content\/13-aaresaler-rc-scale-car-adeventure-tour-2018\/p1270397-2\/\" border=\"0\" itemprop=\"url\"> <meta itemprop=\"width\" content=\"222\"> <meta itemprop=\"height\" content=\"167\"> <img decoding=\"async\" class=\"\" data-attachment-id=\"9150\" data-orig-file=\"https:\/\/www.funktionsmodellbau.ch\/content\/wp-content\/uploads\/2018\/08\/P1270397-1.jpg\" data-orig-size=\"3200,2400\" data-comments-opened=\"1\" data-image-meta=\"{&quot;aperture&quot;:&quot;0&quot;,&quot;credit&quot;:&quot;&quot;,&quot;camera&quot;:&quot;&quot;,&quot;caption&quot;:&quot;&quot;,&quot;created_timestamp&quot;:&quot;0&quot;,&quot;copyright&quot;:&quot;&quot;,&quot;focal_length&quot;:&quot;0&quot;,&quot;iso&quot;:&quot;0&quot;,&quot;shutter_speed&quot;:&quot;0&quot;,&quot;title&quot;:&quot;&quot;,&quot;orientation&quot;:&quot;0&quot;}\" data-image-title=\"P1270397\" data-image-description=\"\" data-medium-file=\"https:\/\/i0.wp.com\/www.funktionsmodellbau.ch\/content\/wp-content\/uploads\/2018\/08\/P1270397-1.jpg?fit=300%2C225&#038;ssl=1\" data-large-file=\"https:\/\/i0.wp.com\/www.funktionsmodellbau.ch\/content\/wp-content\/uploads\/2018\/08\/P1270397-1.jpg?fit=678%2C509&#038;ssl=1\" src=\"https:\/\/i0.wp.com\/www.funktionsmodellbau.ch\/content\/wp-content\/uploads\/2018\/08\/P1270397-1.jpg?w=222&#038;h=167&#038;ssl=1\" srcset=\"https:\/\/i0.wp.com\/www.funktionsmodellbau.ch\/content\/wp-content\/uploads\/2018\/08\/P1270397-1.jpg?w=3200&amp;ssl=1 3200w, https:\/\/i0.wp.com\/www.funktionsmodellbau.ch\/content\/wp-content\/uploads\/2018\/08\/P1270397-1.jpg?resize=300%2C225&amp;ssl=1 300w, https:\/\/i0.wp.com\/www.funktionsmodellbau.ch\/content\/wp-content\/uploads\/2018\/08\/P1270397-1.jpg?resize=768%2C576&amp;ssl=1 768w, https:\/\/i0.wp.com\/www.funktionsmodellbau.ch\/content\/wp-content\/uploads\/2018\/08\/P1270397-1.jpg?resize=1024%2C768&amp;ssl=1 1024w, https:\/\/i0.wp.com\/www.funktionsmodellbau.ch\/content\/wp-content\/uploads\/2018\/08\/P1270397-1.jpg?resize=640%2C480&amp;ssl=1 640w, https:\/\/i0.wp.com\/www.funktionsmodellbau.ch\/content\/wp-content\/uploads\/2018\/08\/P1270397-1.jpg?w=1356&amp;ssl=1 1356w, https:\/\/i0.wp.com\/www.funktionsmodellbau.ch\/content\/wp-content\/uploads\/2018\/08\/P1270397-1.jpg?w=2034&amp;ssl=1 2034w\" width=\"222\" height=\"167\" loading=\"lazy\" data-original-width=\"222\" data-original-height=\"167\" itemprop=\"http:\/\/schema.org\/image\" title=\"P1270397\" alt=\"Aarescaler\" style=\"width: 222px; height: 167px;\" \/> <\/a> <\/div> <\/div> <!-- close group --> <\/div> <!-- close row --> <\/div>\n<p>&nbsp;<\/p>\n<p>&nbsp;<\/p>\n","protected":false},"excerpt":{"rendered":"<p>&nbsp; Bei m\u00f6rderischer Hitze weit \u00fcber 30 C nahmen ein paar ganz hart gesottene #AARESCALER die 13. RC SCALE ADVENTURE TOUR unter die R\u00e4der. Unterwegs k\u00fchlten sich einige Scaler in <a class=\"more-link\" href=\"https:\/\/www.funktionsmodellbau.ch\/content\/13-aaresaler-rc-scale-car-adeventure-tour-2018\/\">Weiter lesen \u2192<\/a><\/p>\n","protected":false},"author":1,"featured_media":0,"comment_status":"open","ping_status":"open","sticky":false,"template":"","format":"standard","meta":{"jetpack_post_was_ever_published":false,"_jetpack_newsletter_access":"","_jetpack_dont_email_post_to_subs":false,"_jetpack_newsletter_tier_id":0,"_jetpack_memberships_contains_paywalled_content":false,"_jetpack_memberships_contains_paid_content":false,"footnotes":""},"categories":[60,806,11,61,720,721],"tags":[785,810,783],"series":[],"yoast_head":"<!-- This site is optimized with the Yoast SEO plugin v24.5 - https:\/\/yoast.com\/wordpress\/plugins\/seo\/ -->\n<title>13. #AARESALER RC SCALE CAR ADEVENTURE TOUR 2018 - funktionsmodellbau.ch<\/title>\n<meta name=\"robots\" content=\"index, follow, max-snippet:-1, max-image-preview:large, max-video-preview:-1\" \/>\n<link rel=\"canonical\" href=\"https:\/\/www.funktionsmodellbau.ch\/content\/13-aaresaler-rc-scale-car-adeventure-tour-2018\/\" \/>\n<meta property=\"og:locale\" content=\"de_DE\" \/>\n<meta property=\"og:type\" content=\"article\" \/>\n<meta property=\"og:title\" content=\"13. #AARESALER RC SCALE CAR ADEVENTURE TOUR 2018 - funktionsmodellbau.ch\" \/>\n<meta property=\"og:description\" content=\"&nbsp; Bei m\u00f6rderischer Hitze weit \u00fcber 30 C nahmen ein paar ganz hart gesottene #AARESCALER die 13. RC SCALE ADVENTURE TOUR unter die R\u00e4der. Unterwegs k\u00fchlten sich einige Scaler in Weiter lesen \u2192\" \/>\n<meta property=\"og:url\" content=\"https:\/\/www.funktionsmodellbau.ch\/content\/13-aaresaler-rc-scale-car-adeventure-tour-2018\/\" \/>\n<meta property=\"og:site_name\" content=\"funktionsmodellbau.ch\" \/>\n<meta property=\"article:publisher\" content=\"https:\/\/www.facebook.com\/funktionsmodellbau\/\" \/>\n<meta property=\"article:published_time\" content=\"2018-08-06T10:59:16+00:00\" \/>\n<meta property=\"article:modified_time\" content=\"2020-06-25T16:54:35+00:00\" \/>\n<meta property=\"og:image\" content=\"https:\/\/i2.wp.com\/www.funktionsmodellbau.ch\/content\/wp-content\/uploads\/2018\/08\/P1270360.jpg?w=449&#038;h=336&#038;ssl=1\" \/>\n<meta name=\"author\" content=\"chef\" \/>\n<meta name=\"twitter:card\" content=\"summary_large_image\" \/>\n<meta name=\"twitter:creator\" content=\"@funktionsmodell\" \/>\n<meta name=\"twitter:site\" content=\"@funktionsmodell\" \/>\n<meta name=\"twitter:label1\" content=\"Verfasst von\" \/>\n\t<meta name=\"twitter:data1\" content=\"chef\" \/>\n<script type=\"application\/ld+json\" class=\"yoast-schema-graph\">{\"@context\":\"https:\/\/schema.org\",\"@graph\":[{\"@type\":\"WebPage\",\"@id\":\"https:\/\/www.funktionsmodellbau.ch\/content\/13-aaresaler-rc-scale-car-adeventure-tour-2018\/\",\"url\":\"https:\/\/www.funktionsmodellbau.ch\/content\/13-aaresaler-rc-scale-car-adeventure-tour-2018\/\",\"name\":\"13. #AARESALER RC SCALE CAR ADEVENTURE TOUR 2018 - funktionsmodellbau.ch\",\"isPartOf\":{\"@id\":\"https:\/\/www.funktionsmodellbau.ch\/content\/#website\"},\"primaryImageOfPage\":{\"@id\":\"https:\/\/www.funktionsmodellbau.ch\/content\/13-aaresaler-rc-scale-car-adeventure-tour-2018\/#primaryimage\"},\"image\":{\"@id\":\"https:\/\/www.funktionsmodellbau.ch\/content\/13-aaresaler-rc-scale-car-adeventure-tour-2018\/#primaryimage\"},\"thumbnailUrl\":\"https:\/\/www.funktionsmodellbau.ch\/content\/wp-content\/uploads\/2018\/08\/teaser_aarescaler_13_2018-1.jpg\",\"datePublished\":\"2018-08-06T10:59:16+00:00\",\"dateModified\":\"2020-06-25T16:54:35+00:00\",\"author\":{\"@id\":\"https:\/\/www.funktionsmodellbau.ch\/content\/#\/schema\/person\/51e2b2a5a18752596eee2eadbbb2d6a7\"},\"breadcrumb\":{\"@id\":\"https:\/\/www.funktionsmodellbau.ch\/content\/13-aaresaler-rc-scale-car-adeventure-tour-2018\/#breadcrumb\"},\"inLanguage\":\"de\",\"potentialAction\":[{\"@type\":\"ReadAction\",\"target\":[\"https:\/\/www.funktionsmodellbau.ch\/content\/13-aaresaler-rc-scale-car-adeventure-tour-2018\/\"]}]},{\"@type\":\"ImageObject\",\"inLanguage\":\"de\",\"@id\":\"https:\/\/www.funktionsmodellbau.ch\/content\/13-aaresaler-rc-scale-car-adeventure-tour-2018\/#primaryimage\",\"url\":\"https:\/\/i0.wp.com\/www.funktionsmodellbau.ch\/content\/wp-content\/uploads\/2018\/08\/teaser_aarescaler_13_2018-1.jpg?fit=3200%2C1802&ssl=1\",\"contentUrl\":\"https:\/\/i0.wp.com\/www.funktionsmodellbau.ch\/content\/wp-content\/uploads\/2018\/08\/teaser_aarescaler_13_2018-1.jpg?fit=3200%2C1802&ssl=1\",\"width\":3200,\"height\":1802,\"caption\":\"Teaser\"},{\"@type\":\"BreadcrumbList\",\"@id\":\"https:\/\/www.funktionsmodellbau.ch\/content\/13-aaresaler-rc-scale-car-adeventure-tour-2018\/#breadcrumb\",\"itemListElement\":[{\"@type\":\"ListItem\",\"position\":1,\"name\":\"Startseite\",\"item\":\"https:\/\/www.funktionsmodellbau.ch\/content\/\"},{\"@type\":\"ListItem\",\"position\":2,\"name\":\"13. #AARESALER RC SCALE CAR ADEVENTURE TOUR 2018\"}]},{\"@type\":\"WebSite\",\"@id\":\"https:\/\/www.funktionsmodellbau.ch\/content\/#website\",\"url\":\"https:\/\/www.funktionsmodellbau.ch\/content\/\",\"name\":\"funktionsmodellbau.ch\",\"description\":\"RC MODELLNUTZFAHRZEUGE | RC TRUCK-MODELLBAU | RC SCALE CARS | RC BOOTE\",\"potentialAction\":[{\"@type\":\"SearchAction\",\"target\":{\"@type\":\"EntryPoint\",\"urlTemplate\":\"https:\/\/www.funktionsmodellbau.ch\/content\/?s={search_term_string}\"},\"query-input\":{\"@type\":\"PropertyValueSpecification\",\"valueRequired\":true,\"valueName\":\"search_term_string\"}}],\"inLanguage\":\"de\"},{\"@type\":\"Person\",\"@id\":\"https:\/\/www.funktionsmodellbau.ch\/content\/#\/schema\/person\/51e2b2a5a18752596eee2eadbbb2d6a7\",\"name\":\"chef\",\"image\":{\"@type\":\"ImageObject\",\"inLanguage\":\"de\",\"@id\":\"https:\/\/www.funktionsmodellbau.ch\/content\/#\/schema\/person\/image\/\",\"url\":\"https:\/\/secure.gravatar.com\/avatar\/30a0ceeb5c6accda997741393cc0673d?s=96&r=g\",\"contentUrl\":\"https:\/\/secure.gravatar.com\/avatar\/30a0ceeb5c6accda997741393cc0673d?s=96&r=g\",\"caption\":\"chef\"},\"description\":\"Hallo, ich heisse Fabian und bin hier der Hausmeister. Mich interessiert zwar die ganze Bandbreite im Modellbau, mein Fokus ist aber der Funktionsmodellbau. Speziell RC-Modellnutzfahrzeuge. Ihr findet mich auch auf Twitter, Facebook und Google+\",\"sameAs\":[\"https:\/\/www.funktionsmodellbau.ch\"],\"url\":\"https:\/\/www.funktionsmodellbau.ch\/content\/author\/admin\/\"}]}<\/script>\n<!-- \/ Yoast SEO plugin. -->","yoast_head_json":{"title":"13. #AARESALER RC SCALE CAR ADEVENTURE TOUR 2018 - funktionsmodellbau.ch","robots":{"index":"index","follow":"follow","max-snippet":"max-snippet:-1","max-image-preview":"max-image-preview:large","max-video-preview":"max-video-preview:-1"},"canonical":"https:\/\/www.funktionsmodellbau.ch\/content\/13-aaresaler-rc-scale-car-adeventure-tour-2018\/","og_locale":"de_DE","og_type":"article","og_title":"13. #AARESALER RC SCALE CAR ADEVENTURE TOUR 2018 - funktionsmodellbau.ch","og_description":"&nbsp; Bei m\u00f6rderischer Hitze weit \u00fcber 30 C nahmen ein paar ganz hart gesottene #AARESCALER die 13. RC SCALE ADVENTURE TOUR unter die R\u00e4der. Unterwegs k\u00fchlten sich einige Scaler in Weiter lesen \u2192","og_url":"https:\/\/www.funktionsmodellbau.ch\/content\/13-aaresaler-rc-scale-car-adeventure-tour-2018\/","og_site_name":"funktionsmodellbau.ch","article_publisher":"https:\/\/www.facebook.com\/funktionsmodellbau\/","article_published_time":"2018-08-06T10:59:16+00:00","article_modified_time":"2020-06-25T16:54:35+00:00","og_image":[{"url":"https:\/\/i2.wp.com\/www.funktionsmodellbau.ch\/content\/wp-content\/uploads\/2018\/08\/P1270360.jpg?w=449&#038;h=336&#038;ssl=1","type":"","width":"","height":""}],"author":"chef","twitter_card":"summary_large_image","twitter_creator":"@funktionsmodell","twitter_site":"@funktionsmodell","twitter_misc":{"Verfasst von":"chef"},"schema":{"@context":"https:\/\/schema.org","@graph":[{"@type":"WebPage","@id":"https:\/\/www.funktionsmodellbau.ch\/content\/13-aaresaler-rc-scale-car-adeventure-tour-2018\/","url":"https:\/\/www.funktionsmodellbau.ch\/content\/13-aaresaler-rc-scale-car-adeventure-tour-2018\/","name":"13. #AARESALER RC SCALE CAR ADEVENTURE TOUR 2018 - funktionsmodellbau.ch","isPartOf":{"@id":"https:\/\/www.funktionsmodellbau.ch\/content\/#website"},"primaryImageOfPage":{"@id":"https:\/\/www.funktionsmodellbau.ch\/content\/13-aaresaler-rc-scale-car-adeventure-tour-2018\/#primaryimage"},"image":{"@id":"https:\/\/www.funktionsmodellbau.ch\/content\/13-aaresaler-rc-scale-car-adeventure-tour-2018\/#primaryimage"},"thumbnailUrl":"https:\/\/www.funktionsmodellbau.ch\/content\/wp-content\/uploads\/2018\/08\/teaser_aarescaler_13_2018-1.jpg","datePublished":"2018-08-06T10:59:16+00:00","dateModified":"2020-06-25T16:54:35+00:00","author":{"@id":"https:\/\/www.funktionsmodellbau.ch\/content\/#\/schema\/person\/51e2b2a5a18752596eee2eadbbb2d6a7"},"breadcrumb":{"@id":"https:\/\/www.funktionsmodellbau.ch\/content\/13-aaresaler-rc-scale-car-adeventure-tour-2018\/#breadcrumb"},"inLanguage":"de","potentialAction":[{"@type":"ReadAction","target":["https:\/\/www.funktionsmodellbau.ch\/content\/13-aaresaler-rc-scale-car-adeventure-tour-2018\/"]}]},{"@type":"ImageObject","inLanguage":"de","@id":"https:\/\/www.funktionsmodellbau.ch\/content\/13-aaresaler-rc-scale-car-adeventure-tour-2018\/#primaryimage","url":"https:\/\/i0.wp.com\/www.funktionsmodellbau.ch\/content\/wp-content\/uploads\/2018\/08\/teaser_aarescaler_13_2018-1.jpg?fit=3200%2C1802&ssl=1","contentUrl":"https:\/\/i0.wp.com\/www.funktionsmodellbau.ch\/content\/wp-content\/uploads\/2018\/08\/teaser_aarescaler_13_2018-1.jpg?fit=3200%2C1802&ssl=1","width":3200,"height":1802,"caption":"Teaser"},{"@type":"BreadcrumbList","@id":"https:\/\/www.funktionsmodellbau.ch\/content\/13-aaresaler-rc-scale-car-adeventure-tour-2018\/#breadcrumb","itemListElement":[{"@type":"ListItem","position":1,"name":"Startseite","item":"https:\/\/www.funktionsmodellbau.ch\/content\/"},{"@type":"ListItem","position":2,"name":"13. #AARESALER RC SCALE CAR ADEVENTURE TOUR 2018"}]},{"@type":"WebSite","@id":"https:\/\/www.funktionsmodellbau.ch\/content\/#website","url":"https:\/\/www.funktionsmodellbau.ch\/content\/","name":"funktionsmodellbau.ch","description":"RC MODELLNUTZFAHRZEUGE | RC TRUCK-MODELLBAU | RC SCALE CARS | RC BOOTE","potentialAction":[{"@type":"SearchAction","target":{"@type":"EntryPoint","urlTemplate":"https:\/\/www.funktionsmodellbau.ch\/content\/?s={search_term_string}"},"query-input":{"@type":"PropertyValueSpecification","valueRequired":true,"valueName":"search_term_string"}}],"inLanguage":"de"},{"@type":"Person","@id":"https:\/\/www.funktionsmodellbau.ch\/content\/#\/schema\/person\/51e2b2a5a18752596eee2eadbbb2d6a7","name":"chef","image":{"@type":"ImageObject","inLanguage":"de","@id":"https:\/\/www.funktionsmodellbau.ch\/content\/#\/schema\/person\/image\/","url":"https:\/\/secure.gravatar.com\/avatar\/30a0ceeb5c6accda997741393cc0673d?s=96&r=g","contentUrl":"https:\/\/secure.gravatar.com\/avatar\/30a0ceeb5c6accda997741393cc0673d?s=96&r=g","caption":"chef"},"description":"Hallo, ich heisse Fabian und bin hier der Hausmeister. Mich interessiert zwar die ganze Bandbreite im Modellbau, mein Fokus ist aber der Funktionsmodellbau. Speziell RC-Modellnutzfahrzeuge. Ihr findet mich auch auf Twitter, Facebook und Google+","sameAs":["https:\/\/www.funktionsmodellbau.ch"],"url":"https:\/\/www.funktionsmodellbau.ch\/content\/author\/admin\/"}]}},"jetpack_sharing_enabled":true,"jetpack_featured_media_url":"","_links":{"self":[{"href":"https:\/\/www.funktionsmodellbau.ch\/content\/wp-json\/wp\/v2\/posts\/9055"}],"collection":[{"href":"https:\/\/www.funktionsmodellbau.ch\/content\/wp-json\/wp\/v2\/posts"}],"about":[{"href":"https:\/\/www.funktionsmodellbau.ch\/content\/wp-json\/wp\/v2\/types\/post"}],"author":[{"embeddable":true,"href":"https:\/\/www.funktionsmodellbau.ch\/content\/wp-json\/wp\/v2\/users\/1"}],"replies":[{"embeddable":true,"href":"https:\/\/www.funktionsmodellbau.ch\/content\/wp-json\/wp\/v2\/comments?post=9055"}],"version-history":[{"count":9,"href":"https:\/\/www.funktionsmodellbau.ch\/content\/wp-json\/wp\/v2\/posts\/9055\/revisions"}],"predecessor-version":[{"id":9691,"href":"https:\/\/www.funktionsmodellbau.ch\/content\/wp-json\/wp\/v2\/posts\/9055\/revisions\/9691"}],"wp:attachment":[{"href":"https:\/\/www.funktionsmodellbau.ch\/content\/wp-json\/wp\/v2\/media?parent=9055"}],"wp:term":[{"taxonomy":"category","embeddable":true,"href":"https:\/\/www.funktionsmodellbau.ch\/content\/wp-json\/wp\/v2\/categories?post=9055"},{"taxonomy":"post_tag","embeddable":true,"href":"https:\/\/www.funktionsmodellbau.ch\/content\/wp-json\/wp\/v2\/tags?post=9055"},{"taxonomy":"series","embeddable":true,"href":"https:\/\/www.funktionsmodellbau.ch\/content\/wp-json\/wp\/v2\/series?post=9055"}],"curies":[{"name":"wp","href":"https:\/\/api.w.org\/{rel}","templated":true}]}}