{"id":9021,"date":"2018-07-22T14:21:16","date_gmt":"2018-07-22T13:21:16","guid":{"rendered":"https:\/\/www.funktionsmodellbau.ch\/content\/?p=9021"},"modified":"2018-09-25T10:11:44","modified_gmt":"2018-09-25T09:11:44","slug":"rc-truck-event-jona-2018-schweiz","status":"publish","type":"post","link":"https:\/\/www.funktionsmodellbau.ch\/content\/rc-truck-event-jona-2018-schweiz\/","title":{"rendered":"RC TRUCK EVENT: Jona 2018, Schweiz"},"content":{"rendered":"<p>&nbsp;<\/p>\n<p><a href=\"https:\/\/i0.wp.com\/www.funktionsmodellbau.ch\/content\/wp-content\/uploads\/2018\/07\/yt_blog_jona_2018.jpg?ssl=1\"><img data-recalc-dims=\"1\" loading=\"lazy\" decoding=\"async\" data-attachment-id=\"9046\" data-permalink=\"https:\/\/www.funktionsmodellbau.ch\/content\/rc-truck-event-jona-2018-schweiz\/yt_blog_jona_2018\/\" data-orig-file=\"https:\/\/i0.wp.com\/www.funktionsmodellbau.ch\/content\/wp-content\/uploads\/2018\/07\/yt_blog_jona_2018.jpg?fit=3264%2C1840&amp;ssl=1\" data-orig-size=\"3264,1840\" data-comments-opened=\"1\" data-image-meta=\"{&quot;aperture&quot;:&quot;5.2&quot;,&quot;credit&quot;:&quot;&quot;,&quot;camera&quot;:&quot;DMC-GX8&quot;,&quot;caption&quot;:&quot;&quot;,&quot;created_timestamp&quot;:&quot;1446899995&quot;,&quot;copyright&quot;:&quot;&quot;,&quot;focal_length&quot;:&quot;61&quot;,&quot;iso&quot;:&quot;1600&quot;,&quot;shutter_speed&quot;:&quot;0.00625&quot;,&quot;title&quot;:&quot;&quot;,&quot;orientation&quot;:&quot;1&quot;}\" data-image-title=\"yt_blog_jona_2018\" data-image-description=\"\" data-image-caption=\"\" data-medium-file=\"https:\/\/i0.wp.com\/www.funktionsmodellbau.ch\/content\/wp-content\/uploads\/2018\/07\/yt_blog_jona_2018.jpg?fit=300%2C169&amp;ssl=1\" data-large-file=\"https:\/\/i0.wp.com\/www.funktionsmodellbau.ch\/content\/wp-content\/uploads\/2018\/07\/yt_blog_jona_2018.jpg?fit=678%2C382&amp;ssl=1\" class=\"alignnone size-full wp-image-9046\" src=\"https:\/\/i0.wp.com\/www.funktionsmodellbau.ch\/content\/wp-content\/uploads\/2018\/07\/yt_blog_jona_2018.jpg?resize=678%2C382&#038;ssl=1\" alt=\"TEASER\" width=\"678\" height=\"382\" srcset=\"https:\/\/i0.wp.com\/www.funktionsmodellbau.ch\/content\/wp-content\/uploads\/2018\/07\/yt_blog_jona_2018.jpg?w=3264&amp;ssl=1 3264w, https:\/\/i0.wp.com\/www.funktionsmodellbau.ch\/content\/wp-content\/uploads\/2018\/07\/yt_blog_jona_2018.jpg?resize=300%2C169&amp;ssl=1 300w, https:\/\/i0.wp.com\/www.funktionsmodellbau.ch\/content\/wp-content\/uploads\/2018\/07\/yt_blog_jona_2018.jpg?resize=768%2C433&amp;ssl=1 768w, https:\/\/i0.wp.com\/www.funktionsmodellbau.ch\/content\/wp-content\/uploads\/2018\/07\/yt_blog_jona_2018.jpg?resize=1024%2C577&amp;ssl=1 1024w, https:\/\/i0.wp.com\/www.funktionsmodellbau.ch\/content\/wp-content\/uploads\/2018\/07\/yt_blog_jona_2018.jpg?resize=640%2C361&amp;ssl=1 640w, https:\/\/i0.wp.com\/www.funktionsmodellbau.ch\/content\/wp-content\/uploads\/2018\/07\/yt_blog_jona_2018.jpg?w=1356&amp;ssl=1 1356w, https:\/\/i0.wp.com\/www.funktionsmodellbau.ch\/content\/wp-content\/uploads\/2018\/07\/yt_blog_jona_2018.jpg?w=2034&amp;ssl=1 2034w\" sizes=\"(max-width: 678px) 100vw, 678px\" \/><\/a><\/p>\n<p>Bereits zum 10. Mal fand das Schaufahren bei den Minitrucker March in Jona (SG\/CH) statt. Die Modelltrucker feierten somit vom 5. bis 6. Mai ihr 10 j\u00e4hriges Jubil\u00e4um &#8211; herzliche Gl\u00fcckw\u00fcnsche!<!--more--><\/p>\n<p><a href=\"https:\/\/i0.wp.com\/www.funktionsmodellbau.ch\/content\/wp-content\/uploads\/2018\/07\/P1170949.jpg?ssl=1\"><img data-recalc-dims=\"1\" loading=\"lazy\" decoding=\"async\" data-attachment-id=\"9036\" data-permalink=\"https:\/\/www.funktionsmodellbau.ch\/content\/rc-truck-event-jona-2018-schweiz\/p1170949\/\" data-orig-file=\"https:\/\/i0.wp.com\/www.funktionsmodellbau.ch\/content\/wp-content\/uploads\/2018\/07\/P1170949.jpg?fit=5184%2C2920&amp;ssl=1\" data-orig-size=\"5184,2920\" data-comments-opened=\"1\" data-image-meta=\"{&quot;aperture&quot;:&quot;5.1&quot;,&quot;credit&quot;:&quot;&quot;,&quot;camera&quot;:&quot;DMC-GX8&quot;,&quot;caption&quot;:&quot;&quot;,&quot;created_timestamp&quot;:&quot;1525598414&quot;,&quot;copyright&quot;:&quot;&quot;,&quot;focal_length&quot;:&quot;55&quot;,&quot;iso&quot;:&quot;3200&quot;,&quot;shutter_speed&quot;:&quot;0.02&quot;,&quot;title&quot;:&quot;&quot;,&quot;orientation&quot;:&quot;0&quot;}\" data-image-title=\"P1170949\" data-image-description=\"\" data-image-caption=\"\" data-medium-file=\"https:\/\/i0.wp.com\/www.funktionsmodellbau.ch\/content\/wp-content\/uploads\/2018\/07\/P1170949.jpg?fit=300%2C169&amp;ssl=1\" data-large-file=\"https:\/\/i0.wp.com\/www.funktionsmodellbau.ch\/content\/wp-content\/uploads\/2018\/07\/P1170949.jpg?fit=678%2C382&amp;ssl=1\" class=\"alignnone size-full wp-image-9036\" src=\"https:\/\/i0.wp.com\/www.funktionsmodellbau.ch\/content\/wp-content\/uploads\/2018\/07\/P1170949.jpg?resize=678%2C382&#038;ssl=1\" alt=\" Jona 2018\" width=\"678\" height=\"382\" srcset=\"https:\/\/i0.wp.com\/www.funktionsmodellbau.ch\/content\/wp-content\/uploads\/2018\/07\/P1170949.jpg?w=5184&amp;ssl=1 5184w, https:\/\/i0.wp.com\/www.funktionsmodellbau.ch\/content\/wp-content\/uploads\/2018\/07\/P1170949.jpg?resize=300%2C169&amp;ssl=1 300w, https:\/\/i0.wp.com\/www.funktionsmodellbau.ch\/content\/wp-content\/uploads\/2018\/07\/P1170949.jpg?resize=768%2C433&amp;ssl=1 768w, https:\/\/i0.wp.com\/www.funktionsmodellbau.ch\/content\/wp-content\/uploads\/2018\/07\/P1170949.jpg?resize=1024%2C577&amp;ssl=1 1024w, https:\/\/i0.wp.com\/www.funktionsmodellbau.ch\/content\/wp-content\/uploads\/2018\/07\/P1170949.jpg?resize=640%2C360&amp;ssl=1 640w, https:\/\/i0.wp.com\/www.funktionsmodellbau.ch\/content\/wp-content\/uploads\/2018\/07\/P1170949.jpg?w=1356&amp;ssl=1 1356w, https:\/\/i0.wp.com\/www.funktionsmodellbau.ch\/content\/wp-content\/uploads\/2018\/07\/P1170949.jpg?w=2034&amp;ssl=1 2034w\" sizes=\"(max-width: 678px) 100vw, 678px\" \/><\/a><\/p>\n<p>Wie immer, hat es riesig Spass gemacht. Vielen Dank an die Organisatoren und ihre Helfer!<\/p>\n<p>Es hat tats\u00e4chlich eine Weile gedauert mit meinem R\u00fcckblick. Es war bei mir einiges los&#8230;.\u00a0Aber die Bilder und das Video sind jetzt endlich online &#8211; ich hoffe, es gef\u00e4llt euch.<\/p>\n<div class=\"tiled-gallery type-rectangular tiled-gallery-unresized\" data-original-width=\"678\" data-carousel-extra='{&quot;blog_id&quot;:1,&quot;permalink&quot;:&quot;https:\\\/\\\/www.funktionsmodellbau.ch\\\/content\\\/rc-truck-event-jona-2018-schweiz\\\/&quot;,&quot;likes_blog_id&quot;:29068213}' itemscope itemtype=\"http:\/\/schema.org\/ImageGallery\" > <div class=\"gallery-row\" style=\"width: 678px; height: 193px;\" data-original-width=\"678\" data-original-height=\"193\" > <div class=\"gallery-group images-1\" style=\"width: 339px; height: 193px;\" data-original-width=\"339\" data-original-height=\"193\" > <div class=\"tiled-gallery-item tiled-gallery-item-large\" itemprop=\"associatedMedia\" itemscope itemtype=\"http:\/\/schema.org\/ImageObject\"> <a href=\"https:\/\/www.funktionsmodellbau.ch\/content\/rc-truck-event-jona-2018-schweiz\/p1170925\/\" border=\"0\" itemprop=\"url\"> <meta itemprop=\"width\" content=\"335\"> <meta itemprop=\"height\" content=\"189\"> <img decoding=\"async\" class=\"\" data-attachment-id=\"9022\" data-orig-file=\"https:\/\/www.funktionsmodellbau.ch\/content\/wp-content\/uploads\/2018\/07\/P1170925.jpg\" data-orig-size=\"4582,2581\" data-comments-opened=\"1\" data-image-meta=\"{&quot;aperture&quot;:&quot;4.7&quot;,&quot;credit&quot;:&quot;Fabian H\\u00fcsser&quot;,&quot;camera&quot;:&quot;DMC-GX8&quot;,&quot;caption&quot;:&quot;&quot;,&quot;created_timestamp&quot;:&quot;1525597868&quot;,&quot;copyright&quot;:&quot;Fabian H\\u00fcsser&quot;,&quot;focal_length&quot;:&quot;40&quot;,&quot;iso&quot;:&quot;3200&quot;,&quot;shutter_speed&quot;:&quot;0.05&quot;,&quot;title&quot;:&quot;&quot;,&quot;orientation&quot;:&quot;0&quot;}\" data-image-title=\"P1170925\" data-image-description=\"\" data-medium-file=\"https:\/\/i0.wp.com\/www.funktionsmodellbau.ch\/content\/wp-content\/uploads\/2018\/07\/P1170925.jpg?fit=300%2C169&#038;ssl=1\" data-large-file=\"https:\/\/i0.wp.com\/www.funktionsmodellbau.ch\/content\/wp-content\/uploads\/2018\/07\/P1170925.jpg?fit=678%2C382&#038;ssl=1\" src=\"https:\/\/i0.wp.com\/www.funktionsmodellbau.ch\/content\/wp-content\/uploads\/2018\/07\/P1170925.jpg?w=335&#038;h=189&#038;ssl=1\" srcset=\"https:\/\/i0.wp.com\/www.funktionsmodellbau.ch\/content\/wp-content\/uploads\/2018\/07\/P1170925.jpg?w=4582&amp;ssl=1 4582w, https:\/\/i0.wp.com\/www.funktionsmodellbau.ch\/content\/wp-content\/uploads\/2018\/07\/P1170925.jpg?resize=300%2C169&amp;ssl=1 300w, https:\/\/i0.wp.com\/www.funktionsmodellbau.ch\/content\/wp-content\/uploads\/2018\/07\/P1170925.jpg?resize=768%2C433&amp;ssl=1 768w, https:\/\/i0.wp.com\/www.funktionsmodellbau.ch\/content\/wp-content\/uploads\/2018\/07\/P1170925.jpg?resize=1024%2C577&amp;ssl=1 1024w, https:\/\/i0.wp.com\/www.funktionsmodellbau.ch\/content\/wp-content\/uploads\/2018\/07\/P1170925.jpg?resize=640%2C361&amp;ssl=1 640w, https:\/\/i0.wp.com\/www.funktionsmodellbau.ch\/content\/wp-content\/uploads\/2018\/07\/P1170925.jpg?w=1356&amp;ssl=1 1356w, https:\/\/i0.wp.com\/www.funktionsmodellbau.ch\/content\/wp-content\/uploads\/2018\/07\/P1170925.jpg?w=2034&amp;ssl=1 2034w\" width=\"335\" height=\"189\" loading=\"lazy\" data-original-width=\"335\" data-original-height=\"189\" itemprop=\"http:\/\/schema.org\/image\" title=\"P1170925\" alt=\"Jona 2018\" style=\"width: 335px; height: 189px;\" \/> <\/a> <\/div> <\/div> <!-- close group --> <div class=\"gallery-group images-1\" style=\"width: 339px; height: 193px;\" data-original-width=\"339\" data-original-height=\"193\" > <div class=\"tiled-gallery-item tiled-gallery-item-large\" itemprop=\"associatedMedia\" itemscope itemtype=\"http:\/\/schema.org\/ImageObject\"> <a href=\"https:\/\/www.funktionsmodellbau.ch\/content\/rc-truck-event-jona-2018-schweiz\/p1170928\/\" border=\"0\" itemprop=\"url\"> <meta itemprop=\"width\" content=\"335\"> <meta itemprop=\"height\" content=\"189\"> <img decoding=\"async\" class=\"\" data-attachment-id=\"9023\" data-orig-file=\"https:\/\/www.funktionsmodellbau.ch\/content\/wp-content\/uploads\/2018\/07\/P1170928.jpg\" data-orig-size=\"4696,2645\" data-comments-opened=\"1\" data-image-meta=\"{&quot;aperture&quot;:&quot;3.5&quot;,&quot;credit&quot;:&quot;&quot;,&quot;camera&quot;:&quot;DMC-GX8&quot;,&quot;caption&quot;:&quot;&quot;,&quot;created_timestamp&quot;:&quot;1525597923&quot;,&quot;copyright&quot;:&quot;&quot;,&quot;focal_length&quot;:&quot;14&quot;,&quot;iso&quot;:&quot;2500&quot;,&quot;shutter_speed&quot;:&quot;0.016666666666667&quot;,&quot;title&quot;:&quot;&quot;,&quot;orientation&quot;:&quot;0&quot;}\" data-image-title=\"P1170928\" data-image-description=\"\" data-medium-file=\"https:\/\/i0.wp.com\/www.funktionsmodellbau.ch\/content\/wp-content\/uploads\/2018\/07\/P1170928.jpg?fit=300%2C169&#038;ssl=1\" data-large-file=\"https:\/\/i0.wp.com\/www.funktionsmodellbau.ch\/content\/wp-content\/uploads\/2018\/07\/P1170928.jpg?fit=678%2C382&#038;ssl=1\" src=\"https:\/\/i0.wp.com\/www.funktionsmodellbau.ch\/content\/wp-content\/uploads\/2018\/07\/P1170928.jpg?w=335&#038;h=189&#038;ssl=1\" srcset=\"https:\/\/i0.wp.com\/www.funktionsmodellbau.ch\/content\/wp-content\/uploads\/2018\/07\/P1170928.jpg?w=4696&amp;ssl=1 4696w, https:\/\/i0.wp.com\/www.funktionsmodellbau.ch\/content\/wp-content\/uploads\/2018\/07\/P1170928.jpg?resize=300%2C169&amp;ssl=1 300w, https:\/\/i0.wp.com\/www.funktionsmodellbau.ch\/content\/wp-content\/uploads\/2018\/07\/P1170928.jpg?resize=768%2C433&amp;ssl=1 768w, https:\/\/i0.wp.com\/www.funktionsmodellbau.ch\/content\/wp-content\/uploads\/2018\/07\/P1170928.jpg?resize=1024%2C577&amp;ssl=1 1024w, https:\/\/i0.wp.com\/www.funktionsmodellbau.ch\/content\/wp-content\/uploads\/2018\/07\/P1170928.jpg?resize=640%2C360&amp;ssl=1 640w, https:\/\/i0.wp.com\/www.funktionsmodellbau.ch\/content\/wp-content\/uploads\/2018\/07\/P1170928.jpg?w=1356&amp;ssl=1 1356w, https:\/\/i0.wp.com\/www.funktionsmodellbau.ch\/content\/wp-content\/uploads\/2018\/07\/P1170928.jpg?w=2034&amp;ssl=1 2034w\" width=\"335\" height=\"189\" loading=\"lazy\" data-original-width=\"335\" data-original-height=\"189\" itemprop=\"http:\/\/schema.org\/image\" title=\"P1170928\" alt=\"Jona 2018\" style=\"width: 335px; height: 189px;\" \/> <\/a> <\/div> <\/div> <!-- close group --> <\/div> <!-- close row --> <div class=\"gallery-row\" style=\"width: 678px; height: 193px;\" data-original-width=\"678\" data-original-height=\"193\" > <div class=\"gallery-group images-1\" style=\"width: 339px; height: 193px;\" data-original-width=\"339\" data-original-height=\"193\" > <div class=\"tiled-gallery-item tiled-gallery-item-large\" itemprop=\"associatedMedia\" itemscope itemtype=\"http:\/\/schema.org\/ImageObject\"> <a href=\"https:\/\/www.funktionsmodellbau.ch\/content\/rc-truck-event-jona-2018-schweiz\/p1170931\/\" border=\"0\" itemprop=\"url\"> <meta itemprop=\"width\" content=\"335\"> <meta itemprop=\"height\" content=\"189\"> <img decoding=\"async\" class=\"\" data-attachment-id=\"9024\" data-orig-file=\"https:\/\/www.funktionsmodellbau.ch\/content\/wp-content\/uploads\/2018\/07\/P1170931.jpg\" data-orig-size=\"5184,2920\" data-comments-opened=\"1\" data-image-meta=\"{&quot;aperture&quot;:&quot;4.6&quot;,&quot;credit&quot;:&quot;&quot;,&quot;camera&quot;:&quot;DMC-GX8&quot;,&quot;caption&quot;:&quot;&quot;,&quot;created_timestamp&quot;:&quot;1525597971&quot;,&quot;copyright&quot;:&quot;&quot;,&quot;focal_length&quot;:&quot;37&quot;,&quot;iso&quot;:&quot;3200&quot;,&quot;shutter_speed&quot;:&quot;0.033333333333333&quot;,&quot;title&quot;:&quot;&quot;,&quot;orientation&quot;:&quot;0&quot;}\" data-image-title=\"P1170931\" data-image-description=\"\" data-medium-file=\"https:\/\/i0.wp.com\/www.funktionsmodellbau.ch\/content\/wp-content\/uploads\/2018\/07\/P1170931.jpg?fit=300%2C169&#038;ssl=1\" data-large-file=\"https:\/\/i0.wp.com\/www.funktionsmodellbau.ch\/content\/wp-content\/uploads\/2018\/07\/P1170931.jpg?fit=678%2C382&#038;ssl=1\" src=\"https:\/\/i0.wp.com\/www.funktionsmodellbau.ch\/content\/wp-content\/uploads\/2018\/07\/P1170931.jpg?w=335&#038;h=189&#038;ssl=1\" srcset=\"https:\/\/i0.wp.com\/www.funktionsmodellbau.ch\/content\/wp-content\/uploads\/2018\/07\/P1170931.jpg?w=5184&amp;ssl=1 5184w, https:\/\/i0.wp.com\/www.funktionsmodellbau.ch\/content\/wp-content\/uploads\/2018\/07\/P1170931.jpg?resize=300%2C169&amp;ssl=1 300w, https:\/\/i0.wp.com\/www.funktionsmodellbau.ch\/content\/wp-content\/uploads\/2018\/07\/P1170931.jpg?resize=768%2C433&amp;ssl=1 768w, https:\/\/i0.wp.com\/www.funktionsmodellbau.ch\/content\/wp-content\/uploads\/2018\/07\/P1170931.jpg?resize=1024%2C577&amp;ssl=1 1024w, https:\/\/i0.wp.com\/www.funktionsmodellbau.ch\/content\/wp-content\/uploads\/2018\/07\/P1170931.jpg?resize=640%2C360&amp;ssl=1 640w, https:\/\/i0.wp.com\/www.funktionsmodellbau.ch\/content\/wp-content\/uploads\/2018\/07\/P1170931.jpg?w=1356&amp;ssl=1 1356w, https:\/\/i0.wp.com\/www.funktionsmodellbau.ch\/content\/wp-content\/uploads\/2018\/07\/P1170931.jpg?w=2034&amp;ssl=1 2034w\" width=\"335\" height=\"189\" loading=\"lazy\" data-original-width=\"335\" data-original-height=\"189\" itemprop=\"http:\/\/schema.org\/image\" title=\"P1170931\" alt=\"Jona 2018\" style=\"width: 335px; height: 189px;\" \/> <\/a> <\/div> <\/div> <!-- close group --> <div class=\"gallery-group images-1\" style=\"width: 339px; height: 193px;\" data-original-width=\"339\" data-original-height=\"193\" > <div class=\"tiled-gallery-item tiled-gallery-item-large\" itemprop=\"associatedMedia\" itemscope itemtype=\"http:\/\/schema.org\/ImageObject\"> <a href=\"https:\/\/www.funktionsmodellbau.ch\/content\/rc-truck-event-jona-2018-schweiz\/p1170932\/\" border=\"0\" itemprop=\"url\"> <meta itemprop=\"width\" content=\"335\"> <meta itemprop=\"height\" content=\"189\"> <img decoding=\"async\" class=\"\" data-attachment-id=\"9025\" data-orig-file=\"https:\/\/www.funktionsmodellbau.ch\/content\/wp-content\/uploads\/2018\/07\/P1170932.jpg\" data-orig-size=\"4832,2722\" data-comments-opened=\"1\" data-image-meta=\"{&quot;aperture&quot;:&quot;3.8&quot;,&quot;credit&quot;:&quot;&quot;,&quot;camera&quot;:&quot;DMC-GX8&quot;,&quot;caption&quot;:&quot;&quot;,&quot;created_timestamp&quot;:&quot;1525597991&quot;,&quot;copyright&quot;:&quot;&quot;,&quot;focal_length&quot;:&quot;19&quot;,&quot;iso&quot;:&quot;3200&quot;,&quot;shutter_speed&quot;:&quot;0.02&quot;,&quot;title&quot;:&quot;&quot;,&quot;orientation&quot;:&quot;0&quot;}\" data-image-title=\"P1170932\" data-image-description=\"\" data-medium-file=\"https:\/\/i0.wp.com\/www.funktionsmodellbau.ch\/content\/wp-content\/uploads\/2018\/07\/P1170932.jpg?fit=300%2C169&#038;ssl=1\" data-large-file=\"https:\/\/i0.wp.com\/www.funktionsmodellbau.ch\/content\/wp-content\/uploads\/2018\/07\/P1170932.jpg?fit=678%2C382&#038;ssl=1\" src=\"https:\/\/i0.wp.com\/www.funktionsmodellbau.ch\/content\/wp-content\/uploads\/2018\/07\/P1170932.jpg?w=335&#038;h=189&#038;ssl=1\" srcset=\"https:\/\/i0.wp.com\/www.funktionsmodellbau.ch\/content\/wp-content\/uploads\/2018\/07\/P1170932.jpg?w=4832&amp;ssl=1 4832w, https:\/\/i0.wp.com\/www.funktionsmodellbau.ch\/content\/wp-content\/uploads\/2018\/07\/P1170932.jpg?resize=300%2C169&amp;ssl=1 300w, https:\/\/i0.wp.com\/www.funktionsmodellbau.ch\/content\/wp-content\/uploads\/2018\/07\/P1170932.jpg?resize=768%2C433&amp;ssl=1 768w, https:\/\/i0.wp.com\/www.funktionsmodellbau.ch\/content\/wp-content\/uploads\/2018\/07\/P1170932.jpg?resize=1024%2C577&amp;ssl=1 1024w, https:\/\/i0.wp.com\/www.funktionsmodellbau.ch\/content\/wp-content\/uploads\/2018\/07\/P1170932.jpg?resize=640%2C361&amp;ssl=1 640w, https:\/\/i0.wp.com\/www.funktionsmodellbau.ch\/content\/wp-content\/uploads\/2018\/07\/P1170932.jpg?w=1356&amp;ssl=1 1356w, https:\/\/i0.wp.com\/www.funktionsmodellbau.ch\/content\/wp-content\/uploads\/2018\/07\/P1170932.jpg?w=2034&amp;ssl=1 2034w\" width=\"335\" height=\"189\" loading=\"lazy\" data-original-width=\"335\" data-original-height=\"189\" itemprop=\"http:\/\/schema.org\/image\" title=\"P1170932\" alt=\"Jona 2018\" style=\"width: 335px; height: 189px;\" \/> <\/a> <\/div> <\/div> <!-- close group --> <\/div> <!-- close row --> <div class=\"gallery-row\" style=\"width: 678px; height: 193px;\" data-original-width=\"678\" data-original-height=\"193\" > <div class=\"gallery-group images-1\" style=\"width: 339px; height: 193px;\" data-original-width=\"339\" data-original-height=\"193\" > <div class=\"tiled-gallery-item tiled-gallery-item-large\" itemprop=\"associatedMedia\" itemscope itemtype=\"http:\/\/schema.org\/ImageObject\"> <a href=\"https:\/\/www.funktionsmodellbau.ch\/content\/rc-truck-event-jona-2018-schweiz\/p1170933\/\" border=\"0\" itemprop=\"url\"> <meta itemprop=\"width\" content=\"335\"> <meta itemprop=\"height\" content=\"189\"> <img decoding=\"async\" class=\"\" data-attachment-id=\"9026\" data-orig-file=\"https:\/\/www.funktionsmodellbau.ch\/content\/wp-content\/uploads\/2018\/07\/P1170933.jpg\" data-orig-size=\"5184,2920\" data-comments-opened=\"1\" data-image-meta=\"{&quot;aperture&quot;:&quot;3.5&quot;,&quot;credit&quot;:&quot;&quot;,&quot;camera&quot;:&quot;DMC-GX8&quot;,&quot;caption&quot;:&quot;&quot;,&quot;created_timestamp&quot;:&quot;1525598004&quot;,&quot;copyright&quot;:&quot;&quot;,&quot;focal_length&quot;:&quot;14&quot;,&quot;iso&quot;:&quot;2000&quot;,&quot;shutter_speed&quot;:&quot;0.016666666666667&quot;,&quot;title&quot;:&quot;&quot;,&quot;orientation&quot;:&quot;0&quot;}\" data-image-title=\"P1170933\" data-image-description=\"\" data-medium-file=\"https:\/\/i0.wp.com\/www.funktionsmodellbau.ch\/content\/wp-content\/uploads\/2018\/07\/P1170933.jpg?fit=300%2C169&#038;ssl=1\" data-large-file=\"https:\/\/i0.wp.com\/www.funktionsmodellbau.ch\/content\/wp-content\/uploads\/2018\/07\/P1170933.jpg?fit=678%2C382&#038;ssl=1\" src=\"https:\/\/i0.wp.com\/www.funktionsmodellbau.ch\/content\/wp-content\/uploads\/2018\/07\/P1170933.jpg?w=335&#038;h=189&#038;ssl=1\" srcset=\"https:\/\/i0.wp.com\/www.funktionsmodellbau.ch\/content\/wp-content\/uploads\/2018\/07\/P1170933.jpg?w=5184&amp;ssl=1 5184w, https:\/\/i0.wp.com\/www.funktionsmodellbau.ch\/content\/wp-content\/uploads\/2018\/07\/P1170933.jpg?resize=300%2C169&amp;ssl=1 300w, https:\/\/i0.wp.com\/www.funktionsmodellbau.ch\/content\/wp-content\/uploads\/2018\/07\/P1170933.jpg?resize=768%2C433&amp;ssl=1 768w, https:\/\/i0.wp.com\/www.funktionsmodellbau.ch\/content\/wp-content\/uploads\/2018\/07\/P1170933.jpg?resize=1024%2C577&amp;ssl=1 1024w, https:\/\/i0.wp.com\/www.funktionsmodellbau.ch\/content\/wp-content\/uploads\/2018\/07\/P1170933.jpg?resize=640%2C360&amp;ssl=1 640w, https:\/\/i0.wp.com\/www.funktionsmodellbau.ch\/content\/wp-content\/uploads\/2018\/07\/P1170933.jpg?w=1356&amp;ssl=1 1356w, https:\/\/i0.wp.com\/www.funktionsmodellbau.ch\/content\/wp-content\/uploads\/2018\/07\/P1170933.jpg?w=2034&amp;ssl=1 2034w\" width=\"335\" height=\"189\" loading=\"lazy\" data-original-width=\"335\" data-original-height=\"189\" itemprop=\"http:\/\/schema.org\/image\" title=\"P1170933\" alt=\"Jona 2018\" style=\"width: 335px; height: 189px;\" \/> <\/a> <\/div> <\/div> <!-- close group --> <div class=\"gallery-group images-1\" style=\"width: 339px; height: 193px;\" data-original-width=\"339\" data-original-height=\"193\" > <div class=\"tiled-gallery-item tiled-gallery-item-large\" itemprop=\"associatedMedia\" itemscope itemtype=\"http:\/\/schema.org\/ImageObject\"> <a href=\"https:\/\/www.funktionsmodellbau.ch\/content\/rc-truck-event-jona-2018-schweiz\/p1170935\/\" border=\"0\" itemprop=\"url\"> <meta itemprop=\"width\" content=\"335\"> <meta itemprop=\"height\" content=\"189\"> <img decoding=\"async\" class=\"\" data-attachment-id=\"9027\" data-orig-file=\"https:\/\/www.funktionsmodellbau.ch\/content\/wp-content\/uploads\/2018\/07\/P1170935.jpg\" data-orig-size=\"4848,2731\" data-comments-opened=\"1\" data-image-meta=\"{&quot;aperture&quot;:&quot;3.8&quot;,&quot;credit&quot;:&quot;&quot;,&quot;camera&quot;:&quot;DMC-GX8&quot;,&quot;caption&quot;:&quot;&quot;,&quot;created_timestamp&quot;:&quot;1525598026&quot;,&quot;copyright&quot;:&quot;&quot;,&quot;focal_length&quot;:&quot;19&quot;,&quot;iso&quot;:&quot;3200&quot;,&quot;shutter_speed&quot;:&quot;0.033333333333333&quot;,&quot;title&quot;:&quot;&quot;,&quot;orientation&quot;:&quot;0&quot;}\" data-image-title=\"P1170935\" data-image-description=\"\" data-medium-file=\"https:\/\/i0.wp.com\/www.funktionsmodellbau.ch\/content\/wp-content\/uploads\/2018\/07\/P1170935.jpg?fit=300%2C169&#038;ssl=1\" data-large-file=\"https:\/\/i0.wp.com\/www.funktionsmodellbau.ch\/content\/wp-content\/uploads\/2018\/07\/P1170935.jpg?fit=678%2C382&#038;ssl=1\" src=\"https:\/\/i0.wp.com\/www.funktionsmodellbau.ch\/content\/wp-content\/uploads\/2018\/07\/P1170935.jpg?w=335&#038;h=189&#038;ssl=1\" srcset=\"https:\/\/i0.wp.com\/www.funktionsmodellbau.ch\/content\/wp-content\/uploads\/2018\/07\/P1170935.jpg?w=4848&amp;ssl=1 4848w, https:\/\/i0.wp.com\/www.funktionsmodellbau.ch\/content\/wp-content\/uploads\/2018\/07\/P1170935.jpg?resize=300%2C169&amp;ssl=1 300w, https:\/\/i0.wp.com\/www.funktionsmodellbau.ch\/content\/wp-content\/uploads\/2018\/07\/P1170935.jpg?resize=768%2C433&amp;ssl=1 768w, https:\/\/i0.wp.com\/www.funktionsmodellbau.ch\/content\/wp-content\/uploads\/2018\/07\/P1170935.jpg?resize=1024%2C577&amp;ssl=1 1024w, https:\/\/i0.wp.com\/www.funktionsmodellbau.ch\/content\/wp-content\/uploads\/2018\/07\/P1170935.jpg?resize=640%2C361&amp;ssl=1 640w, https:\/\/i0.wp.com\/www.funktionsmodellbau.ch\/content\/wp-content\/uploads\/2018\/07\/P1170935.jpg?w=1356&amp;ssl=1 1356w, https:\/\/i0.wp.com\/www.funktionsmodellbau.ch\/content\/wp-content\/uploads\/2018\/07\/P1170935.jpg?w=2034&amp;ssl=1 2034w\" width=\"335\" height=\"189\" loading=\"lazy\" data-original-width=\"335\" data-original-height=\"189\" itemprop=\"http:\/\/schema.org\/image\" title=\"P1170935\" alt=\"Jona 2018\" style=\"width: 335px; height: 189px;\" \/> <\/a> <\/div> <\/div> <!-- close group --> <\/div> <!-- close row --> <div class=\"gallery-row\" style=\"width: 678px; height: 193px;\" data-original-width=\"678\" data-original-height=\"193\" > <div class=\"gallery-group images-1\" style=\"width: 339px; height: 193px;\" data-original-width=\"339\" data-original-height=\"193\" > <div class=\"tiled-gallery-item tiled-gallery-item-large\" itemprop=\"associatedMedia\" itemscope itemtype=\"http:\/\/schema.org\/ImageObject\"> <a href=\"https:\/\/www.funktionsmodellbau.ch\/content\/rc-truck-event-jona-2018-schweiz\/p1170936\/\" border=\"0\" itemprop=\"url\"> <meta itemprop=\"width\" content=\"335\"> <meta itemprop=\"height\" content=\"189\"> <img decoding=\"async\" class=\"\" data-attachment-id=\"9028\" data-orig-file=\"https:\/\/www.funktionsmodellbau.ch\/content\/wp-content\/uploads\/2018\/07\/P1170936.jpg\" data-orig-size=\"5184,2920\" data-comments-opened=\"1\" data-image-meta=\"{&quot;aperture&quot;:&quot;5.2&quot;,&quot;credit&quot;:&quot;&quot;,&quot;camera&quot;:&quot;DMC-GX8&quot;,&quot;caption&quot;:&quot;&quot;,&quot;created_timestamp&quot;:&quot;1525598058&quot;,&quot;copyright&quot;:&quot;&quot;,&quot;focal_length&quot;:&quot;61&quot;,&quot;iso&quot;:&quot;3200&quot;,&quot;shutter_speed&quot;:&quot;0.05&quot;,&quot;title&quot;:&quot;&quot;,&quot;orientation&quot;:&quot;0&quot;}\" data-image-title=\"P1170936\" data-image-description=\"\" data-medium-file=\"https:\/\/i0.wp.com\/www.funktionsmodellbau.ch\/content\/wp-content\/uploads\/2018\/07\/P1170936.jpg?fit=300%2C169&#038;ssl=1\" data-large-file=\"https:\/\/i0.wp.com\/www.funktionsmodellbau.ch\/content\/wp-content\/uploads\/2018\/07\/P1170936.jpg?fit=678%2C382&#038;ssl=1\" src=\"https:\/\/i0.wp.com\/www.funktionsmodellbau.ch\/content\/wp-content\/uploads\/2018\/07\/P1170936.jpg?w=335&#038;h=189&#038;ssl=1\" srcset=\"https:\/\/i0.wp.com\/www.funktionsmodellbau.ch\/content\/wp-content\/uploads\/2018\/07\/P1170936.jpg?w=5184&amp;ssl=1 5184w, https:\/\/i0.wp.com\/www.funktionsmodellbau.ch\/content\/wp-content\/uploads\/2018\/07\/P1170936.jpg?resize=300%2C169&amp;ssl=1 300w, https:\/\/i0.wp.com\/www.funktionsmodellbau.ch\/content\/wp-content\/uploads\/2018\/07\/P1170936.jpg?resize=768%2C433&amp;ssl=1 768w, https:\/\/i0.wp.com\/www.funktionsmodellbau.ch\/content\/wp-content\/uploads\/2018\/07\/P1170936.jpg?resize=1024%2C577&amp;ssl=1 1024w, https:\/\/i0.wp.com\/www.funktionsmodellbau.ch\/content\/wp-content\/uploads\/2018\/07\/P1170936.jpg?resize=640%2C360&amp;ssl=1 640w, https:\/\/i0.wp.com\/www.funktionsmodellbau.ch\/content\/wp-content\/uploads\/2018\/07\/P1170936.jpg?w=1356&amp;ssl=1 1356w, https:\/\/i0.wp.com\/www.funktionsmodellbau.ch\/content\/wp-content\/uploads\/2018\/07\/P1170936.jpg?w=2034&amp;ssl=1 2034w\" width=\"335\" height=\"189\" loading=\"lazy\" data-original-width=\"335\" data-original-height=\"189\" itemprop=\"http:\/\/schema.org\/image\" title=\"P1170936\" alt=\"Jona 2018\" style=\"width: 335px; height: 189px;\" \/> <\/a> <\/div> <\/div> <!-- close group --> <div class=\"gallery-group images-1\" style=\"width: 339px; height: 193px;\" data-original-width=\"339\" data-original-height=\"193\" > <div class=\"tiled-gallery-item tiled-gallery-item-large\" itemprop=\"associatedMedia\" itemscope itemtype=\"http:\/\/schema.org\/ImageObject\"> <a href=\"https:\/\/www.funktionsmodellbau.ch\/content\/rc-truck-event-jona-2018-schweiz\/p1170940\/\" border=\"0\" itemprop=\"url\"> <meta itemprop=\"width\" content=\"335\"> <meta itemprop=\"height\" content=\"189\"> <img decoding=\"async\" class=\"\" data-attachment-id=\"9030\" data-orig-file=\"https:\/\/www.funktionsmodellbau.ch\/content\/wp-content\/uploads\/2018\/07\/P1170940.jpg\" data-orig-size=\"5012,2823\" data-comments-opened=\"1\" data-image-meta=\"{&quot;aperture&quot;:&quot;5.3&quot;,&quot;credit&quot;:&quot;&quot;,&quot;camera&quot;:&quot;DMC-GX8&quot;,&quot;caption&quot;:&quot;&quot;,&quot;created_timestamp&quot;:&quot;1525598195&quot;,&quot;copyright&quot;:&quot;&quot;,&quot;focal_length&quot;:&quot;65&quot;,&quot;iso&quot;:&quot;3200&quot;,&quot;shutter_speed&quot;:&quot;0.025&quot;,&quot;title&quot;:&quot;&quot;,&quot;orientation&quot;:&quot;0&quot;}\" data-image-title=\"P1170940\" data-image-description=\"\" data-medium-file=\"https:\/\/i0.wp.com\/www.funktionsmodellbau.ch\/content\/wp-content\/uploads\/2018\/07\/P1170940.jpg?fit=300%2C169&#038;ssl=1\" data-large-file=\"https:\/\/i0.wp.com\/www.funktionsmodellbau.ch\/content\/wp-content\/uploads\/2018\/07\/P1170940.jpg?fit=678%2C382&#038;ssl=1\" src=\"https:\/\/i0.wp.com\/www.funktionsmodellbau.ch\/content\/wp-content\/uploads\/2018\/07\/P1170940.jpg?w=335&#038;h=189&#038;ssl=1\" srcset=\"https:\/\/i0.wp.com\/www.funktionsmodellbau.ch\/content\/wp-content\/uploads\/2018\/07\/P1170940.jpg?w=5012&amp;ssl=1 5012w, https:\/\/i0.wp.com\/www.funktionsmodellbau.ch\/content\/wp-content\/uploads\/2018\/07\/P1170940.jpg?resize=300%2C169&amp;ssl=1 300w, https:\/\/i0.wp.com\/www.funktionsmodellbau.ch\/content\/wp-content\/uploads\/2018\/07\/P1170940.jpg?resize=768%2C433&amp;ssl=1 768w, https:\/\/i0.wp.com\/www.funktionsmodellbau.ch\/content\/wp-content\/uploads\/2018\/07\/P1170940.jpg?resize=1024%2C577&amp;ssl=1 1024w, https:\/\/i0.wp.com\/www.funktionsmodellbau.ch\/content\/wp-content\/uploads\/2018\/07\/P1170940.jpg?resize=640%2C360&amp;ssl=1 640w, https:\/\/i0.wp.com\/www.funktionsmodellbau.ch\/content\/wp-content\/uploads\/2018\/07\/P1170940.jpg?w=1356&amp;ssl=1 1356w, https:\/\/i0.wp.com\/www.funktionsmodellbau.ch\/content\/wp-content\/uploads\/2018\/07\/P1170940.jpg?w=2034&amp;ssl=1 2034w\" width=\"335\" height=\"189\" loading=\"lazy\" data-original-width=\"335\" data-original-height=\"189\" itemprop=\"http:\/\/schema.org\/image\" title=\"P1170940\" alt=\"Jona 2018\" style=\"width: 335px; height: 189px;\" \/> <\/a> <\/div> <\/div> <!-- close group --> <\/div> <!-- close row --> <\/div>\n<p>Das Video &#8222;BEST OF RC TRUCK EVENT &#8211; JONA 2018&#8220; ist online<\/p>\n<p><iframe loading=\"lazy\" title=\"Best of RC Truck Event in  Jona, Switzerland - 2018\" width=\"678\" height=\"381\" src=\"https:\/\/www.youtube.com\/embed\/m7MsOFiFWyU?feature=oembed\" frameborder=\"0\" allow=\"accelerometer; autoplay; clipboard-write; encrypted-media; gyroscope; picture-in-picture\" allowfullscreen><\/iframe><\/p>\n<p>&nbsp;<\/p>\n<div class=\"tiled-gallery type-rectangular tiled-gallery-unresized\" data-original-width=\"678\" data-carousel-extra='{&quot;blog_id&quot;:1,&quot;permalink&quot;:&quot;https:\\\/\\\/www.funktionsmodellbau.ch\\\/content\\\/rc-truck-event-jona-2018-schweiz\\\/&quot;,&quot;likes_blog_id&quot;:29068213}' itemscope itemtype=\"http:\/\/schema.org\/ImageGallery\" > <div class=\"gallery-row\" style=\"width: 678px; height: 193px;\" data-original-width=\"678\" data-original-height=\"193\" > <div class=\"gallery-group images-1\" style=\"width: 339px; height: 193px;\" data-original-width=\"339\" data-original-height=\"193\" > <div class=\"tiled-gallery-item tiled-gallery-item-large\" itemprop=\"associatedMedia\" itemscope itemtype=\"http:\/\/schema.org\/ImageObject\"> <a href=\"https:\/\/www.funktionsmodellbau.ch\/content\/rc-truck-event-jona-2018-schweiz\/p1170942\/\" border=\"0\" itemprop=\"url\"> <meta itemprop=\"width\" content=\"335\"> <meta itemprop=\"height\" content=\"189\"> <img decoding=\"async\" class=\"\" data-attachment-id=\"9031\" data-orig-file=\"https:\/\/www.funktionsmodellbau.ch\/content\/wp-content\/uploads\/2018\/07\/P1170942.jpg\" data-orig-size=\"4804,2706\" data-comments-opened=\"1\" data-image-meta=\"{&quot;aperture&quot;:&quot;5.4&quot;,&quot;credit&quot;:&quot;&quot;,&quot;camera&quot;:&quot;DMC-GX8&quot;,&quot;caption&quot;:&quot;&quot;,&quot;created_timestamp&quot;:&quot;1525598279&quot;,&quot;copyright&quot;:&quot;&quot;,&quot;focal_length&quot;:&quot;77&quot;,&quot;iso&quot;:&quot;3200&quot;,&quot;shutter_speed&quot;:&quot;0.033333333333333&quot;,&quot;title&quot;:&quot;&quot;,&quot;orientation&quot;:&quot;0&quot;}\" data-image-title=\"P1170942\" data-image-description=\"\" data-medium-file=\"https:\/\/i0.wp.com\/www.funktionsmodellbau.ch\/content\/wp-content\/uploads\/2018\/07\/P1170942.jpg?fit=300%2C169&#038;ssl=1\" data-large-file=\"https:\/\/i0.wp.com\/www.funktionsmodellbau.ch\/content\/wp-content\/uploads\/2018\/07\/P1170942.jpg?fit=678%2C382&#038;ssl=1\" src=\"https:\/\/i0.wp.com\/www.funktionsmodellbau.ch\/content\/wp-content\/uploads\/2018\/07\/P1170942.jpg?w=335&#038;h=189&#038;ssl=1\" srcset=\"https:\/\/i0.wp.com\/www.funktionsmodellbau.ch\/content\/wp-content\/uploads\/2018\/07\/P1170942.jpg?w=4804&amp;ssl=1 4804w, https:\/\/i0.wp.com\/www.funktionsmodellbau.ch\/content\/wp-content\/uploads\/2018\/07\/P1170942.jpg?resize=300%2C169&amp;ssl=1 300w, https:\/\/i0.wp.com\/www.funktionsmodellbau.ch\/content\/wp-content\/uploads\/2018\/07\/P1170942.jpg?resize=768%2C433&amp;ssl=1 768w, https:\/\/i0.wp.com\/www.funktionsmodellbau.ch\/content\/wp-content\/uploads\/2018\/07\/P1170942.jpg?resize=1024%2C577&amp;ssl=1 1024w, https:\/\/i0.wp.com\/www.funktionsmodellbau.ch\/content\/wp-content\/uploads\/2018\/07\/P1170942.jpg?resize=640%2C360&amp;ssl=1 640w, https:\/\/i0.wp.com\/www.funktionsmodellbau.ch\/content\/wp-content\/uploads\/2018\/07\/P1170942.jpg?w=1356&amp;ssl=1 1356w, https:\/\/i0.wp.com\/www.funktionsmodellbau.ch\/content\/wp-content\/uploads\/2018\/07\/P1170942.jpg?w=2034&amp;ssl=1 2034w\" width=\"335\" height=\"189\" loading=\"lazy\" data-original-width=\"335\" data-original-height=\"189\" itemprop=\"http:\/\/schema.org\/image\" title=\"P1170942\" alt=\"Jona 2018\" style=\"width: 335px; height: 189px;\" \/> <\/a> <\/div> <\/div> <!-- close group --> <div class=\"gallery-group images-1\" style=\"width: 339px; height: 193px;\" data-original-width=\"339\" data-original-height=\"193\" > <div class=\"tiled-gallery-item tiled-gallery-item-large\" itemprop=\"associatedMedia\" itemscope itemtype=\"http:\/\/schema.org\/ImageObject\"> <a href=\"https:\/\/www.funktionsmodellbau.ch\/content\/rc-truck-event-jona-2018-schweiz\/p1170944\/\" border=\"0\" itemprop=\"url\"> <meta itemprop=\"width\" content=\"335\"> <meta itemprop=\"height\" content=\"189\"> <img decoding=\"async\" class=\"\" data-attachment-id=\"9033\" data-orig-file=\"https:\/\/www.funktionsmodellbau.ch\/content\/wp-content\/uploads\/2018\/07\/P1170944.jpg\" data-orig-size=\"5184,2920\" data-comments-opened=\"1\" data-image-meta=\"{&quot;aperture&quot;:&quot;5.1&quot;,&quot;credit&quot;:&quot;&quot;,&quot;camera&quot;:&quot;DMC-GX8&quot;,&quot;caption&quot;:&quot;&quot;,&quot;created_timestamp&quot;:&quot;1525598328&quot;,&quot;copyright&quot;:&quot;&quot;,&quot;focal_length&quot;:&quot;55&quot;,&quot;iso&quot;:&quot;3200&quot;,&quot;shutter_speed&quot;:&quot;0.025&quot;,&quot;title&quot;:&quot;&quot;,&quot;orientation&quot;:&quot;0&quot;}\" data-image-title=\"P1170944\" data-image-description=\"\" data-medium-file=\"https:\/\/i0.wp.com\/www.funktionsmodellbau.ch\/content\/wp-content\/uploads\/2018\/07\/P1170944.jpg?fit=300%2C169&#038;ssl=1\" data-large-file=\"https:\/\/i0.wp.com\/www.funktionsmodellbau.ch\/content\/wp-content\/uploads\/2018\/07\/P1170944.jpg?fit=678%2C382&#038;ssl=1\" src=\"https:\/\/i0.wp.com\/www.funktionsmodellbau.ch\/content\/wp-content\/uploads\/2018\/07\/P1170944.jpg?w=335&#038;h=189&#038;ssl=1\" srcset=\"https:\/\/i0.wp.com\/www.funktionsmodellbau.ch\/content\/wp-content\/uploads\/2018\/07\/P1170944.jpg?w=5184&amp;ssl=1 5184w, https:\/\/i0.wp.com\/www.funktionsmodellbau.ch\/content\/wp-content\/uploads\/2018\/07\/P1170944.jpg?resize=300%2C169&amp;ssl=1 300w, https:\/\/i0.wp.com\/www.funktionsmodellbau.ch\/content\/wp-content\/uploads\/2018\/07\/P1170944.jpg?resize=768%2C433&amp;ssl=1 768w, https:\/\/i0.wp.com\/www.funktionsmodellbau.ch\/content\/wp-content\/uploads\/2018\/07\/P1170944.jpg?resize=1024%2C577&amp;ssl=1 1024w, https:\/\/i0.wp.com\/www.funktionsmodellbau.ch\/content\/wp-content\/uploads\/2018\/07\/P1170944.jpg?resize=640%2C360&amp;ssl=1 640w, https:\/\/i0.wp.com\/www.funktionsmodellbau.ch\/content\/wp-content\/uploads\/2018\/07\/P1170944.jpg?w=1356&amp;ssl=1 1356w, https:\/\/i0.wp.com\/www.funktionsmodellbau.ch\/content\/wp-content\/uploads\/2018\/07\/P1170944.jpg?w=2034&amp;ssl=1 2034w\" width=\"335\" height=\"189\" loading=\"lazy\" data-original-width=\"335\" data-original-height=\"189\" itemprop=\"http:\/\/schema.org\/image\" title=\"P1170944\" alt=\"Jona 2018\" style=\"width: 335px; height: 189px;\" \/> <\/a> <\/div> <\/div> <!-- close group --> <\/div> <!-- close row --> <div class=\"gallery-row\" style=\"width: 678px; height: 384px;\" data-original-width=\"678\" data-original-height=\"384\" > <div class=\"gallery-group images-1\" style=\"width: 678px; height: 384px;\" data-original-width=\"678\" data-original-height=\"384\" > <div class=\"tiled-gallery-item tiled-gallery-item-large\" itemprop=\"associatedMedia\" itemscope itemtype=\"http:\/\/schema.org\/ImageObject\"> <a href=\"https:\/\/www.funktionsmodellbau.ch\/content\/rc-truck-event-jona-2018-schweiz\/p1170945\/\" border=\"0\" itemprop=\"url\"> <meta itemprop=\"width\" content=\"674\"> <meta itemprop=\"height\" content=\"380\"> <img decoding=\"async\" class=\"\" data-attachment-id=\"9034\" data-orig-file=\"https:\/\/www.funktionsmodellbau.ch\/content\/wp-content\/uploads\/2018\/07\/P1170945.jpg\" data-orig-size=\"4838,2725\" data-comments-opened=\"1\" data-image-meta=\"{&quot;aperture&quot;:&quot;4.9&quot;,&quot;credit&quot;:&quot;&quot;,&quot;camera&quot;:&quot;DMC-GX8&quot;,&quot;caption&quot;:&quot;&quot;,&quot;created_timestamp&quot;:&quot;1525598334&quot;,&quot;copyright&quot;:&quot;&quot;,&quot;focal_length&quot;:&quot;46&quot;,&quot;iso&quot;:&quot;3200&quot;,&quot;shutter_speed&quot;:&quot;0.016666666666667&quot;,&quot;title&quot;:&quot;&quot;,&quot;orientation&quot;:&quot;0&quot;}\" data-image-title=\"P1170945\" data-image-description=\"\" data-medium-file=\"https:\/\/i0.wp.com\/www.funktionsmodellbau.ch\/content\/wp-content\/uploads\/2018\/07\/P1170945.jpg?fit=300%2C169&#038;ssl=1\" data-large-file=\"https:\/\/i0.wp.com\/www.funktionsmodellbau.ch\/content\/wp-content\/uploads\/2018\/07\/P1170945.jpg?fit=678%2C382&#038;ssl=1\" src=\"https:\/\/i0.wp.com\/www.funktionsmodellbau.ch\/content\/wp-content\/uploads\/2018\/07\/P1170945.jpg?w=674&#038;h=380&#038;ssl=1\" srcset=\"https:\/\/i0.wp.com\/www.funktionsmodellbau.ch\/content\/wp-content\/uploads\/2018\/07\/P1170945.jpg?w=4838&amp;ssl=1 4838w, https:\/\/i0.wp.com\/www.funktionsmodellbau.ch\/content\/wp-content\/uploads\/2018\/07\/P1170945.jpg?resize=300%2C169&amp;ssl=1 300w, https:\/\/i0.wp.com\/www.funktionsmodellbau.ch\/content\/wp-content\/uploads\/2018\/07\/P1170945.jpg?resize=768%2C433&amp;ssl=1 768w, https:\/\/i0.wp.com\/www.funktionsmodellbau.ch\/content\/wp-content\/uploads\/2018\/07\/P1170945.jpg?resize=1024%2C577&amp;ssl=1 1024w, https:\/\/i0.wp.com\/www.funktionsmodellbau.ch\/content\/wp-content\/uploads\/2018\/07\/P1170945.jpg?resize=640%2C360&amp;ssl=1 640w, https:\/\/i0.wp.com\/www.funktionsmodellbau.ch\/content\/wp-content\/uploads\/2018\/07\/P1170945.jpg?w=1356&amp;ssl=1 1356w, https:\/\/i0.wp.com\/www.funktionsmodellbau.ch\/content\/wp-content\/uploads\/2018\/07\/P1170945.jpg?w=2034&amp;ssl=1 2034w\" width=\"674\" height=\"380\" loading=\"lazy\" data-original-width=\"674\" data-original-height=\"380\" itemprop=\"http:\/\/schema.org\/image\" title=\"P1170945\" alt=\"Jona 2018\" style=\"width: 674px; height: 380px;\" \/> <\/a> <\/div> <\/div> <!-- close group --> <\/div> <!-- close row --> <\/div>\n<p>&nbsp;<\/p>\n<div class=\"tiled-gallery type-rectangular tiled-gallery-unresized\" data-original-width=\"678\" data-carousel-extra='{&quot;blog_id&quot;:1,&quot;permalink&quot;:&quot;https:\\\/\\\/www.funktionsmodellbau.ch\\\/content\\\/rc-truck-event-jona-2018-schweiz\\\/&quot;,&quot;likes_blog_id&quot;:29068213}' itemscope itemtype=\"http:\/\/schema.org\/ImageGallery\" > <div class=\"gallery-row\" style=\"width: 678px; height: 193px;\" data-original-width=\"678\" data-original-height=\"193\" > <div class=\"gallery-group images-1\" style=\"width: 339px; height: 193px;\" data-original-width=\"339\" data-original-height=\"193\" > <div class=\"tiled-gallery-item tiled-gallery-item-large\" itemprop=\"associatedMedia\" itemscope itemtype=\"http:\/\/schema.org\/ImageObject\"> <a href=\"https:\/\/www.funktionsmodellbau.ch\/content\/rc-truck-event-jona-2018-schweiz\/p1170939\/\" border=\"0\" itemprop=\"url\"> <meta itemprop=\"width\" content=\"335\"> <meta itemprop=\"height\" content=\"189\"> <img decoding=\"async\" class=\"\" data-attachment-id=\"9029\" data-orig-file=\"https:\/\/www.funktionsmodellbau.ch\/content\/wp-content\/uploads\/2018\/07\/P1170939.jpg\" data-orig-size=\"4003,2255\" data-comments-opened=\"1\" data-image-meta=\"{&quot;aperture&quot;:&quot;4.6&quot;,&quot;credit&quot;:&quot;Fabian H\\u00fcsser&quot;,&quot;camera&quot;:&quot;DMC-GX8&quot;,&quot;caption&quot;:&quot;&quot;,&quot;created_timestamp&quot;:&quot;1525598123&quot;,&quot;copyright&quot;:&quot;Fabian H\\u00fcsser&quot;,&quot;focal_length&quot;:&quot;37&quot;,&quot;iso&quot;:&quot;200&quot;,&quot;shutter_speed&quot;:&quot;1.3&quot;,&quot;title&quot;:&quot;&quot;,&quot;orientation&quot;:&quot;0&quot;}\" data-image-title=\"P1170939\" data-image-description=\"\" data-medium-file=\"https:\/\/i0.wp.com\/www.funktionsmodellbau.ch\/content\/wp-content\/uploads\/2018\/07\/P1170939.jpg?fit=300%2C169&#038;ssl=1\" data-large-file=\"https:\/\/i0.wp.com\/www.funktionsmodellbau.ch\/content\/wp-content\/uploads\/2018\/07\/P1170939.jpg?fit=678%2C382&#038;ssl=1\" src=\"https:\/\/i0.wp.com\/www.funktionsmodellbau.ch\/content\/wp-content\/uploads\/2018\/07\/P1170939.jpg?w=335&#038;h=189&#038;ssl=1\" srcset=\"https:\/\/i0.wp.com\/www.funktionsmodellbau.ch\/content\/wp-content\/uploads\/2018\/07\/P1170939.jpg?w=4003&amp;ssl=1 4003w, https:\/\/i0.wp.com\/www.funktionsmodellbau.ch\/content\/wp-content\/uploads\/2018\/07\/P1170939.jpg?resize=300%2C169&amp;ssl=1 300w, https:\/\/i0.wp.com\/www.funktionsmodellbau.ch\/content\/wp-content\/uploads\/2018\/07\/P1170939.jpg?resize=768%2C433&amp;ssl=1 768w, https:\/\/i0.wp.com\/www.funktionsmodellbau.ch\/content\/wp-content\/uploads\/2018\/07\/P1170939.jpg?resize=1024%2C577&amp;ssl=1 1024w, https:\/\/i0.wp.com\/www.funktionsmodellbau.ch\/content\/wp-content\/uploads\/2018\/07\/P1170939.jpg?resize=640%2C361&amp;ssl=1 640w, https:\/\/i0.wp.com\/www.funktionsmodellbau.ch\/content\/wp-content\/uploads\/2018\/07\/P1170939.jpg?w=1356&amp;ssl=1 1356w, https:\/\/i0.wp.com\/www.funktionsmodellbau.ch\/content\/wp-content\/uploads\/2018\/07\/P1170939.jpg?w=2034&amp;ssl=1 2034w\" width=\"335\" height=\"189\" loading=\"lazy\" data-original-width=\"335\" data-original-height=\"189\" itemprop=\"http:\/\/schema.org\/image\" title=\"P1170939\" alt=\"Jona 2018\" style=\"width: 335px; height: 189px;\" \/> <\/a> <\/div> <\/div> <!-- close group --> <div class=\"gallery-group images-1\" style=\"width: 339px; height: 193px;\" data-original-width=\"339\" data-original-height=\"193\" > <div class=\"tiled-gallery-item tiled-gallery-item-large\" itemprop=\"associatedMedia\" itemscope itemtype=\"http:\/\/schema.org\/ImageObject\"> <a href=\"https:\/\/www.funktionsmodellbau.ch\/content\/rc-truck-event-jona-2018-schweiz\/p1170951\/\" border=\"0\" itemprop=\"url\"> <meta itemprop=\"width\" content=\"335\"> <meta itemprop=\"height\" content=\"189\"> <img decoding=\"async\" class=\"\" data-attachment-id=\"9037\" data-orig-file=\"https:\/\/www.funktionsmodellbau.ch\/content\/wp-content\/uploads\/2018\/07\/P1170951.jpg\" data-orig-size=\"5184,2920\" data-comments-opened=\"1\" data-image-meta=\"{&quot;aperture&quot;:&quot;4.9&quot;,&quot;credit&quot;:&quot;&quot;,&quot;camera&quot;:&quot;DMC-GX8&quot;,&quot;caption&quot;:&quot;&quot;,&quot;created_timestamp&quot;:&quot;1525598471&quot;,&quot;copyright&quot;:&quot;&quot;,&quot;focal_length&quot;:&quot;46&quot;,&quot;iso&quot;:&quot;3200&quot;,&quot;shutter_speed&quot;:&quot;0.04&quot;,&quot;title&quot;:&quot;&quot;,&quot;orientation&quot;:&quot;0&quot;}\" data-image-title=\"P1170951\" data-image-description=\"\" data-medium-file=\"https:\/\/i0.wp.com\/www.funktionsmodellbau.ch\/content\/wp-content\/uploads\/2018\/07\/P1170951.jpg?fit=300%2C169&#038;ssl=1\" data-large-file=\"https:\/\/i0.wp.com\/www.funktionsmodellbau.ch\/content\/wp-content\/uploads\/2018\/07\/P1170951.jpg?fit=678%2C382&#038;ssl=1\" src=\"https:\/\/i0.wp.com\/www.funktionsmodellbau.ch\/content\/wp-content\/uploads\/2018\/07\/P1170951.jpg?w=335&#038;h=189&#038;ssl=1\" srcset=\"https:\/\/i0.wp.com\/www.funktionsmodellbau.ch\/content\/wp-content\/uploads\/2018\/07\/P1170951.jpg?w=5184&amp;ssl=1 5184w, https:\/\/i0.wp.com\/www.funktionsmodellbau.ch\/content\/wp-content\/uploads\/2018\/07\/P1170951.jpg?resize=300%2C169&amp;ssl=1 300w, https:\/\/i0.wp.com\/www.funktionsmodellbau.ch\/content\/wp-content\/uploads\/2018\/07\/P1170951.jpg?resize=768%2C433&amp;ssl=1 768w, https:\/\/i0.wp.com\/www.funktionsmodellbau.ch\/content\/wp-content\/uploads\/2018\/07\/P1170951.jpg?resize=1024%2C577&amp;ssl=1 1024w, https:\/\/i0.wp.com\/www.funktionsmodellbau.ch\/content\/wp-content\/uploads\/2018\/07\/P1170951.jpg?resize=640%2C360&amp;ssl=1 640w, https:\/\/i0.wp.com\/www.funktionsmodellbau.ch\/content\/wp-content\/uploads\/2018\/07\/P1170951.jpg?w=1356&amp;ssl=1 1356w, https:\/\/i0.wp.com\/www.funktionsmodellbau.ch\/content\/wp-content\/uploads\/2018\/07\/P1170951.jpg?w=2034&amp;ssl=1 2034w\" width=\"335\" height=\"189\" loading=\"lazy\" data-original-width=\"335\" data-original-height=\"189\" itemprop=\"http:\/\/schema.org\/image\" title=\"P1170951\" alt=\"Jona 2018\" style=\"width: 335px; height: 189px;\" \/> <\/a> <\/div> <\/div> <!-- close group --> <\/div> <!-- close row --> <div class=\"gallery-row\" style=\"width: 678px; height: 110px;\" data-original-width=\"678\" data-original-height=\"110\" > <div class=\"gallery-group images-1\" style=\"width: 193px; height: 110px;\" data-original-width=\"193\" data-original-height=\"110\" > <div class=\"tiled-gallery-item tiled-gallery-item-small\" itemprop=\"associatedMedia\" itemscope itemtype=\"http:\/\/schema.org\/ImageObject\"> <a href=\"https:\/\/www.funktionsmodellbau.ch\/content\/rc-truck-event-jona-2018-schweiz\/p1170967\/\" border=\"0\" itemprop=\"url\"> <meta itemprop=\"width\" content=\"189\"> <meta itemprop=\"height\" content=\"106\"> <img decoding=\"async\" class=\"\" data-attachment-id=\"9038\" data-orig-file=\"https:\/\/www.funktionsmodellbau.ch\/content\/wp-content\/uploads\/2018\/07\/P1170967.jpg\" data-orig-size=\"5184,2920\" data-comments-opened=\"1\" data-image-meta=\"{&quot;aperture&quot;:&quot;4.6&quot;,&quot;credit&quot;:&quot;&quot;,&quot;camera&quot;:&quot;DMC-GX8&quot;,&quot;caption&quot;:&quot;&quot;,&quot;created_timestamp&quot;:&quot;1525610330&quot;,&quot;copyright&quot;:&quot;&quot;,&quot;focal_length&quot;:&quot;37&quot;,&quot;iso&quot;:&quot;3200&quot;,&quot;shutter_speed&quot;:&quot;0.05&quot;,&quot;title&quot;:&quot;&quot;,&quot;orientation&quot;:&quot;0&quot;}\" data-image-title=\"P1170967\" data-image-description=\"\" data-medium-file=\"https:\/\/i0.wp.com\/www.funktionsmodellbau.ch\/content\/wp-content\/uploads\/2018\/07\/P1170967.jpg?fit=300%2C169&#038;ssl=1\" data-large-file=\"https:\/\/i0.wp.com\/www.funktionsmodellbau.ch\/content\/wp-content\/uploads\/2018\/07\/P1170967.jpg?fit=678%2C382&#038;ssl=1\" src=\"https:\/\/i0.wp.com\/www.funktionsmodellbau.ch\/content\/wp-content\/uploads\/2018\/07\/P1170967.jpg?w=189&#038;h=106&#038;ssl=1\" srcset=\"https:\/\/i0.wp.com\/www.funktionsmodellbau.ch\/content\/wp-content\/uploads\/2018\/07\/P1170967.jpg?w=5184&amp;ssl=1 5184w, https:\/\/i0.wp.com\/www.funktionsmodellbau.ch\/content\/wp-content\/uploads\/2018\/07\/P1170967.jpg?resize=300%2C169&amp;ssl=1 300w, https:\/\/i0.wp.com\/www.funktionsmodellbau.ch\/content\/wp-content\/uploads\/2018\/07\/P1170967.jpg?resize=768%2C433&amp;ssl=1 768w, https:\/\/i0.wp.com\/www.funktionsmodellbau.ch\/content\/wp-content\/uploads\/2018\/07\/P1170967.jpg?resize=1024%2C577&amp;ssl=1 1024w, https:\/\/i0.wp.com\/www.funktionsmodellbau.ch\/content\/wp-content\/uploads\/2018\/07\/P1170967.jpg?resize=640%2C360&amp;ssl=1 640w, https:\/\/i0.wp.com\/www.funktionsmodellbau.ch\/content\/wp-content\/uploads\/2018\/07\/P1170967.jpg?w=1356&amp;ssl=1 1356w, https:\/\/i0.wp.com\/www.funktionsmodellbau.ch\/content\/wp-content\/uploads\/2018\/07\/P1170967.jpg?w=2034&amp;ssl=1 2034w\" width=\"189\" height=\"106\" loading=\"lazy\" data-original-width=\"189\" data-original-height=\"106\" itemprop=\"http:\/\/schema.org\/image\" title=\"P1170967\" alt=\"Jona 2018\" style=\"width: 189px; height: 106px;\" \/> <\/a> <\/div> <\/div> <!-- close group --> <div class=\"gallery-group images-1\" style=\"width: 146px; height: 110px;\" data-original-width=\"146\" data-original-height=\"110\" > <div class=\"tiled-gallery-item tiled-gallery-item-small\" itemprop=\"associatedMedia\" itemscope itemtype=\"http:\/\/schema.org\/ImageObject\"> <a href=\"https:\/\/www.funktionsmodellbau.ch\/content\/rc-truck-event-jona-2018-schweiz\/p1180006\/\" border=\"0\" itemprop=\"url\"> <meta itemprop=\"width\" content=\"142\"> <meta itemprop=\"height\" content=\"106\"> <img decoding=\"async\" class=\"\" data-attachment-id=\"9044\" data-orig-file=\"https:\/\/www.funktionsmodellbau.ch\/content\/wp-content\/uploads\/2018\/07\/P1180006.jpg\" data-orig-size=\"4127,3095\" data-comments-opened=\"1\" data-image-meta=\"{&quot;aperture&quot;:&quot;5.1&quot;,&quot;credit&quot;:&quot;&quot;,&quot;camera&quot;:&quot;DMC-GX8&quot;,&quot;caption&quot;:&quot;&quot;,&quot;created_timestamp&quot;:&quot;1525611162&quot;,&quot;copyright&quot;:&quot;&quot;,&quot;focal_length&quot;:&quot;55&quot;,&quot;iso&quot;:&quot;3200&quot;,&quot;shutter_speed&quot;:&quot;0.02&quot;,&quot;title&quot;:&quot;&quot;,&quot;orientation&quot;:&quot;0&quot;}\" data-image-title=\"P1180006\" data-image-description=\"\" data-medium-file=\"https:\/\/i0.wp.com\/www.funktionsmodellbau.ch\/content\/wp-content\/uploads\/2018\/07\/P1180006.jpg?fit=300%2C225&#038;ssl=1\" data-large-file=\"https:\/\/i0.wp.com\/www.funktionsmodellbau.ch\/content\/wp-content\/uploads\/2018\/07\/P1180006.jpg?fit=678%2C509&#038;ssl=1\" src=\"https:\/\/i0.wp.com\/www.funktionsmodellbau.ch\/content\/wp-content\/uploads\/2018\/07\/P1180006.jpg?w=142&#038;h=106&#038;ssl=1\" srcset=\"https:\/\/i0.wp.com\/www.funktionsmodellbau.ch\/content\/wp-content\/uploads\/2018\/07\/P1180006.jpg?w=4127&amp;ssl=1 4127w, https:\/\/i0.wp.com\/www.funktionsmodellbau.ch\/content\/wp-content\/uploads\/2018\/07\/P1180006.jpg?resize=300%2C225&amp;ssl=1 300w, https:\/\/i0.wp.com\/www.funktionsmodellbau.ch\/content\/wp-content\/uploads\/2018\/07\/P1180006.jpg?resize=768%2C576&amp;ssl=1 768w, https:\/\/i0.wp.com\/www.funktionsmodellbau.ch\/content\/wp-content\/uploads\/2018\/07\/P1180006.jpg?resize=1024%2C768&amp;ssl=1 1024w, https:\/\/i0.wp.com\/www.funktionsmodellbau.ch\/content\/wp-content\/uploads\/2018\/07\/P1180006.jpg?resize=640%2C480&amp;ssl=1 640w, https:\/\/i0.wp.com\/www.funktionsmodellbau.ch\/content\/wp-content\/uploads\/2018\/07\/P1180006.jpg?w=1356&amp;ssl=1 1356w, https:\/\/i0.wp.com\/www.funktionsmodellbau.ch\/content\/wp-content\/uploads\/2018\/07\/P1180006.jpg?w=2034&amp;ssl=1 2034w\" width=\"142\" height=\"106\" loading=\"lazy\" data-original-width=\"142\" data-original-height=\"106\" itemprop=\"http:\/\/schema.org\/image\" title=\"P1180006\" alt=\"Jona 2018\" style=\"width: 142px; height: 106px;\" \/> <\/a> <\/div> <\/div> <!-- close group --> <div class=\"gallery-group images-1\" style=\"width: 193px; height: 110px;\" data-original-width=\"193\" data-original-height=\"110\" > <div class=\"tiled-gallery-item tiled-gallery-item-small\" itemprop=\"associatedMedia\" itemscope itemtype=\"http:\/\/schema.org\/ImageObject\"> <a href=\"https:\/\/www.funktionsmodellbau.ch\/content\/rc-truck-event-jona-2018-schweiz\/p1170975\/\" border=\"0\" itemprop=\"url\"> <meta itemprop=\"width\" content=\"189\"> <meta itemprop=\"height\" content=\"106\"> <img decoding=\"async\" class=\"\" data-attachment-id=\"9040\" data-orig-file=\"https:\/\/www.funktionsmodellbau.ch\/content\/wp-content\/uploads\/2018\/07\/P1170975.jpg\" data-orig-size=\"5184,2920\" data-comments-opened=\"1\" data-image-meta=\"{&quot;aperture&quot;:&quot;4.2&quot;,&quot;credit&quot;:&quot;&quot;,&quot;camera&quot;:&quot;DMC-GX8&quot;,&quot;caption&quot;:&quot;&quot;,&quot;created_timestamp&quot;:&quot;1525610665&quot;,&quot;copyright&quot;:&quot;&quot;,&quot;focal_length&quot;:&quot;26&quot;,&quot;iso&quot;:&quot;1600&quot;,&quot;shutter_speed&quot;:&quot;0.016666666666667&quot;,&quot;title&quot;:&quot;&quot;,&quot;orientation&quot;:&quot;0&quot;}\" data-image-title=\"P1170975\" data-image-description=\"\" data-medium-file=\"https:\/\/i0.wp.com\/www.funktionsmodellbau.ch\/content\/wp-content\/uploads\/2018\/07\/P1170975.jpg?fit=300%2C169&#038;ssl=1\" data-large-file=\"https:\/\/i0.wp.com\/www.funktionsmodellbau.ch\/content\/wp-content\/uploads\/2018\/07\/P1170975.jpg?fit=678%2C382&#038;ssl=1\" src=\"https:\/\/i0.wp.com\/www.funktionsmodellbau.ch\/content\/wp-content\/uploads\/2018\/07\/P1170975.jpg?w=189&#038;h=106&#038;ssl=1\" srcset=\"https:\/\/i0.wp.com\/www.funktionsmodellbau.ch\/content\/wp-content\/uploads\/2018\/07\/P1170975.jpg?w=5184&amp;ssl=1 5184w, https:\/\/i0.wp.com\/www.funktionsmodellbau.ch\/content\/wp-content\/uploads\/2018\/07\/P1170975.jpg?resize=300%2C169&amp;ssl=1 300w, https:\/\/i0.wp.com\/www.funktionsmodellbau.ch\/content\/wp-content\/uploads\/2018\/07\/P1170975.jpg?resize=768%2C433&amp;ssl=1 768w, https:\/\/i0.wp.com\/www.funktionsmodellbau.ch\/content\/wp-content\/uploads\/2018\/07\/P1170975.jpg?resize=1024%2C577&amp;ssl=1 1024w, https:\/\/i0.wp.com\/www.funktionsmodellbau.ch\/content\/wp-content\/uploads\/2018\/07\/P1170975.jpg?resize=640%2C360&amp;ssl=1 640w, https:\/\/i0.wp.com\/www.funktionsmodellbau.ch\/content\/wp-content\/uploads\/2018\/07\/P1170975.jpg?w=1356&amp;ssl=1 1356w, https:\/\/i0.wp.com\/www.funktionsmodellbau.ch\/content\/wp-content\/uploads\/2018\/07\/P1170975.jpg?w=2034&amp;ssl=1 2034w\" width=\"189\" height=\"106\" loading=\"lazy\" data-original-width=\"189\" data-original-height=\"106\" itemprop=\"http:\/\/schema.org\/image\" title=\"P1170975\" alt=\"Jona 2018\" style=\"width: 189px; height: 106px;\" \/> <\/a> <\/div> <\/div> <!-- close group --> <div class=\"gallery-group images-1\" style=\"width: 146px; height: 110px;\" data-original-width=\"146\" data-original-height=\"110\" > <div class=\"tiled-gallery-item tiled-gallery-item-small\" itemprop=\"associatedMedia\" itemscope itemtype=\"http:\/\/schema.org\/ImageObject\"> <a href=\"https:\/\/www.funktionsmodellbau.ch\/content\/rc-truck-event-jona-2018-schweiz\/p1170980\/\" border=\"0\" itemprop=\"url\"> <meta itemprop=\"width\" content=\"142\"> <meta itemprop=\"height\" content=\"106\"> <img decoding=\"async\" class=\"\" data-attachment-id=\"9042\" data-orig-file=\"https:\/\/www.funktionsmodellbau.ch\/content\/wp-content\/uploads\/2018\/07\/P1170980.jpg\" data-orig-size=\"4542,3407\" data-comments-opened=\"1\" data-image-meta=\"{&quot;aperture&quot;:&quot;4.6&quot;,&quot;credit&quot;:&quot;&quot;,&quot;camera&quot;:&quot;DMC-GX8&quot;,&quot;caption&quot;:&quot;&quot;,&quot;created_timestamp&quot;:&quot;1525610773&quot;,&quot;copyright&quot;:&quot;&quot;,&quot;focal_length&quot;:&quot;37&quot;,&quot;iso&quot;:&quot;2000&quot;,&quot;shutter_speed&quot;:&quot;0.0125&quot;,&quot;title&quot;:&quot;&quot;,&quot;orientation&quot;:&quot;0&quot;}\" data-image-title=\"P1170980\" data-image-description=\"\" data-medium-file=\"https:\/\/i0.wp.com\/www.funktionsmodellbau.ch\/content\/wp-content\/uploads\/2018\/07\/P1170980.jpg?fit=300%2C225&#038;ssl=1\" data-large-file=\"https:\/\/i0.wp.com\/www.funktionsmodellbau.ch\/content\/wp-content\/uploads\/2018\/07\/P1170980.jpg?fit=678%2C509&#038;ssl=1\" src=\"https:\/\/i0.wp.com\/www.funktionsmodellbau.ch\/content\/wp-content\/uploads\/2018\/07\/P1170980.jpg?w=142&#038;h=106&#038;ssl=1\" srcset=\"https:\/\/i0.wp.com\/www.funktionsmodellbau.ch\/content\/wp-content\/uploads\/2018\/07\/P1170980.jpg?w=4542&amp;ssl=1 4542w, https:\/\/i0.wp.com\/www.funktionsmodellbau.ch\/content\/wp-content\/uploads\/2018\/07\/P1170980.jpg?resize=300%2C225&amp;ssl=1 300w, https:\/\/i0.wp.com\/www.funktionsmodellbau.ch\/content\/wp-content\/uploads\/2018\/07\/P1170980.jpg?resize=768%2C576&amp;ssl=1 768w, https:\/\/i0.wp.com\/www.funktionsmodellbau.ch\/content\/wp-content\/uploads\/2018\/07\/P1170980.jpg?resize=1024%2C768&amp;ssl=1 1024w, https:\/\/i0.wp.com\/www.funktionsmodellbau.ch\/content\/wp-content\/uploads\/2018\/07\/P1170980.jpg?resize=640%2C480&amp;ssl=1 640w, https:\/\/i0.wp.com\/www.funktionsmodellbau.ch\/content\/wp-content\/uploads\/2018\/07\/P1170980.jpg?w=1356&amp;ssl=1 1356w, https:\/\/i0.wp.com\/www.funktionsmodellbau.ch\/content\/wp-content\/uploads\/2018\/07\/P1170980.jpg?w=2034&amp;ssl=1 2034w\" width=\"142\" height=\"106\" loading=\"lazy\" data-original-width=\"142\" data-original-height=\"106\" itemprop=\"http:\/\/schema.org\/image\" title=\"P1170980\" alt=\"Jona 2018\" style=\"width: 142px; height: 106px;\" \/> <\/a> <\/div> <\/div> <!-- close group --> <\/div> <!-- close row --> <\/div>\n<p>&nbsp;<\/p>\n<div class=\"tiled-gallery type-rectangular tiled-gallery-unresized\" data-original-width=\"678\" data-carousel-extra='{&quot;blog_id&quot;:1,&quot;permalink&quot;:&quot;https:\\\/\\\/www.funktionsmodellbau.ch\\\/content\\\/rc-truck-event-jona-2018-schweiz\\\/&quot;,&quot;likes_blog_id&quot;:29068213}' itemscope itemtype=\"http:\/\/schema.org\/ImageGallery\" > <div class=\"gallery-row\" style=\"width: 678px; height: 193px;\" data-original-width=\"678\" data-original-height=\"193\" > <div class=\"gallery-group images-1\" style=\"width: 339px; height: 193px;\" data-original-width=\"339\" data-original-height=\"193\" > <div class=\"tiled-gallery-item tiled-gallery-item-large\" itemprop=\"associatedMedia\" itemscope itemtype=\"http:\/\/schema.org\/ImageObject\"> <a href=\"https:\/\/www.funktionsmodellbau.ch\/content\/rc-truck-event-jona-2018-schweiz\/p1170943\/\" border=\"0\" itemprop=\"url\"> <meta itemprop=\"width\" content=\"335\"> <meta itemprop=\"height\" content=\"189\"> <img decoding=\"async\" class=\"\" data-attachment-id=\"9032\" data-orig-file=\"https:\/\/www.funktionsmodellbau.ch\/content\/wp-content\/uploads\/2018\/07\/P1170943.jpg\" data-orig-size=\"4358,2455\" data-comments-opened=\"1\" data-image-meta=\"{&quot;aperture&quot;:&quot;5.4&quot;,&quot;credit&quot;:&quot;&quot;,&quot;camera&quot;:&quot;DMC-GX8&quot;,&quot;caption&quot;:&quot;&quot;,&quot;created_timestamp&quot;:&quot;1525598317&quot;,&quot;copyright&quot;:&quot;&quot;,&quot;focal_length&quot;:&quot;77&quot;,&quot;iso&quot;:&quot;3200&quot;,&quot;shutter_speed&quot;:&quot;0.016666666666667&quot;,&quot;title&quot;:&quot;&quot;,&quot;orientation&quot;:&quot;0&quot;}\" data-image-title=\"P1170943\" data-image-description=\"\" data-medium-file=\"https:\/\/i0.wp.com\/www.funktionsmodellbau.ch\/content\/wp-content\/uploads\/2018\/07\/P1170943.jpg?fit=300%2C169&#038;ssl=1\" data-large-file=\"https:\/\/i0.wp.com\/www.funktionsmodellbau.ch\/content\/wp-content\/uploads\/2018\/07\/P1170943.jpg?fit=678%2C382&#038;ssl=1\" src=\"https:\/\/i0.wp.com\/www.funktionsmodellbau.ch\/content\/wp-content\/uploads\/2018\/07\/P1170943.jpg?w=335&#038;h=189&#038;ssl=1\" srcset=\"https:\/\/i0.wp.com\/www.funktionsmodellbau.ch\/content\/wp-content\/uploads\/2018\/07\/P1170943.jpg?w=4358&amp;ssl=1 4358w, https:\/\/i0.wp.com\/www.funktionsmodellbau.ch\/content\/wp-content\/uploads\/2018\/07\/P1170943.jpg?resize=300%2C169&amp;ssl=1 300w, https:\/\/i0.wp.com\/www.funktionsmodellbau.ch\/content\/wp-content\/uploads\/2018\/07\/P1170943.jpg?resize=768%2C433&amp;ssl=1 768w, https:\/\/i0.wp.com\/www.funktionsmodellbau.ch\/content\/wp-content\/uploads\/2018\/07\/P1170943.jpg?resize=1024%2C577&amp;ssl=1 1024w, https:\/\/i0.wp.com\/www.funktionsmodellbau.ch\/content\/wp-content\/uploads\/2018\/07\/P1170943.jpg?resize=640%2C361&amp;ssl=1 640w, https:\/\/i0.wp.com\/www.funktionsmodellbau.ch\/content\/wp-content\/uploads\/2018\/07\/P1170943.jpg?w=1356&amp;ssl=1 1356w, https:\/\/i0.wp.com\/www.funktionsmodellbau.ch\/content\/wp-content\/uploads\/2018\/07\/P1170943.jpg?w=2034&amp;ssl=1 2034w\" width=\"335\" height=\"189\" loading=\"lazy\" data-original-width=\"335\" data-original-height=\"189\" itemprop=\"http:\/\/schema.org\/image\" title=\"P1170943\" alt=\"Jona 2018\" style=\"width: 335px; height: 189px;\" \/> <\/a> <\/div> <\/div> <!-- close group --> <div class=\"gallery-group images-1\" style=\"width: 339px; height: 193px;\" data-original-width=\"339\" data-original-height=\"193\" > <div class=\"tiled-gallery-item tiled-gallery-item-large\" itemprop=\"associatedMedia\" itemscope itemtype=\"http:\/\/schema.org\/ImageObject\"> <a href=\"https:\/\/www.funktionsmodellbau.ch\/content\/rc-truck-event-jona-2018-schweiz\/p1170948\/\" border=\"0\" itemprop=\"url\"> <meta itemprop=\"width\" content=\"335\"> <meta itemprop=\"height\" content=\"189\"> <img decoding=\"async\" class=\"\" data-attachment-id=\"9035\" data-orig-file=\"https:\/\/www.funktionsmodellbau.ch\/content\/wp-content\/uploads\/2018\/07\/P1170948.jpg\" data-orig-size=\"4886,2752\" data-comments-opened=\"1\" data-image-meta=\"{&quot;aperture&quot;:&quot;4.9&quot;,&quot;credit&quot;:&quot;&quot;,&quot;camera&quot;:&quot;DMC-GX8&quot;,&quot;caption&quot;:&quot;&quot;,&quot;created_timestamp&quot;:&quot;1525598360&quot;,&quot;copyright&quot;:&quot;&quot;,&quot;focal_length&quot;:&quot;46&quot;,&quot;iso&quot;:&quot;3200&quot;,&quot;shutter_speed&quot;:&quot;0.025&quot;,&quot;title&quot;:&quot;&quot;,&quot;orientation&quot;:&quot;0&quot;}\" data-image-title=\"P1170948\" data-image-description=\"\" data-medium-file=\"https:\/\/i0.wp.com\/www.funktionsmodellbau.ch\/content\/wp-content\/uploads\/2018\/07\/P1170948.jpg?fit=300%2C169&#038;ssl=1\" data-large-file=\"https:\/\/i0.wp.com\/www.funktionsmodellbau.ch\/content\/wp-content\/uploads\/2018\/07\/P1170948.jpg?fit=678%2C382&#038;ssl=1\" src=\"https:\/\/i0.wp.com\/www.funktionsmodellbau.ch\/content\/wp-content\/uploads\/2018\/07\/P1170948.jpg?w=335&#038;h=189&#038;ssl=1\" srcset=\"https:\/\/i0.wp.com\/www.funktionsmodellbau.ch\/content\/wp-content\/uploads\/2018\/07\/P1170948.jpg?w=4886&amp;ssl=1 4886w, https:\/\/i0.wp.com\/www.funktionsmodellbau.ch\/content\/wp-content\/uploads\/2018\/07\/P1170948.jpg?resize=300%2C169&amp;ssl=1 300w, https:\/\/i0.wp.com\/www.funktionsmodellbau.ch\/content\/wp-content\/uploads\/2018\/07\/P1170948.jpg?resize=768%2C433&amp;ssl=1 768w, https:\/\/i0.wp.com\/www.funktionsmodellbau.ch\/content\/wp-content\/uploads\/2018\/07\/P1170948.jpg?resize=1024%2C577&amp;ssl=1 1024w, https:\/\/i0.wp.com\/www.funktionsmodellbau.ch\/content\/wp-content\/uploads\/2018\/07\/P1170948.jpg?resize=640%2C360&amp;ssl=1 640w, https:\/\/i0.wp.com\/www.funktionsmodellbau.ch\/content\/wp-content\/uploads\/2018\/07\/P1170948.jpg?w=1356&amp;ssl=1 1356w, https:\/\/i0.wp.com\/www.funktionsmodellbau.ch\/content\/wp-content\/uploads\/2018\/07\/P1170948.jpg?w=2034&amp;ssl=1 2034w\" width=\"335\" height=\"189\" loading=\"lazy\" data-original-width=\"335\" data-original-height=\"189\" itemprop=\"http:\/\/schema.org\/image\" title=\"P1170948\" alt=\"Jona 2018\" style=\"width: 335px; height: 189px;\" \/> <\/a> <\/div> <\/div> <!-- close group --> <\/div> <!-- close row --> <div class=\"gallery-row\" style=\"width: 678px; height: 103px;\" data-original-width=\"678\" data-original-height=\"103\" > <div class=\"gallery-group images-1\" style=\"width: 181px; height: 103px;\" data-original-width=\"181\" data-original-height=\"103\" > <div class=\"tiled-gallery-item tiled-gallery-item-small\" itemprop=\"associatedMedia\" itemscope itemtype=\"http:\/\/schema.org\/ImageObject\"> <a href=\"https:\/\/www.funktionsmodellbau.ch\/content\/rc-truck-event-jona-2018-schweiz\/p1170949\/\" border=\"0\" itemprop=\"url\"> <meta itemprop=\"width\" content=\"177\"> <meta itemprop=\"height\" content=\"99\"> <img decoding=\"async\" class=\"\" data-attachment-id=\"9036\" data-orig-file=\"https:\/\/www.funktionsmodellbau.ch\/content\/wp-content\/uploads\/2018\/07\/P1170949.jpg\" data-orig-size=\"5184,2920\" data-comments-opened=\"1\" data-image-meta=\"{&quot;aperture&quot;:&quot;5.1&quot;,&quot;credit&quot;:&quot;&quot;,&quot;camera&quot;:&quot;DMC-GX8&quot;,&quot;caption&quot;:&quot;&quot;,&quot;created_timestamp&quot;:&quot;1525598414&quot;,&quot;copyright&quot;:&quot;&quot;,&quot;focal_length&quot;:&quot;55&quot;,&quot;iso&quot;:&quot;3200&quot;,&quot;shutter_speed&quot;:&quot;0.02&quot;,&quot;title&quot;:&quot;&quot;,&quot;orientation&quot;:&quot;0&quot;}\" data-image-title=\"P1170949\" data-image-description=\"\" data-medium-file=\"https:\/\/i0.wp.com\/www.funktionsmodellbau.ch\/content\/wp-content\/uploads\/2018\/07\/P1170949.jpg?fit=300%2C169&#038;ssl=1\" data-large-file=\"https:\/\/i0.wp.com\/www.funktionsmodellbau.ch\/content\/wp-content\/uploads\/2018\/07\/P1170949.jpg?fit=678%2C382&#038;ssl=1\" src=\"https:\/\/i0.wp.com\/www.funktionsmodellbau.ch\/content\/wp-content\/uploads\/2018\/07\/P1170949.jpg?w=177&#038;h=99&#038;ssl=1\" srcset=\"https:\/\/i0.wp.com\/www.funktionsmodellbau.ch\/content\/wp-content\/uploads\/2018\/07\/P1170949.jpg?w=5184&amp;ssl=1 5184w, https:\/\/i0.wp.com\/www.funktionsmodellbau.ch\/content\/wp-content\/uploads\/2018\/07\/P1170949.jpg?resize=300%2C169&amp;ssl=1 300w, https:\/\/i0.wp.com\/www.funktionsmodellbau.ch\/content\/wp-content\/uploads\/2018\/07\/P1170949.jpg?resize=768%2C433&amp;ssl=1 768w, https:\/\/i0.wp.com\/www.funktionsmodellbau.ch\/content\/wp-content\/uploads\/2018\/07\/P1170949.jpg?resize=1024%2C577&amp;ssl=1 1024w, https:\/\/i0.wp.com\/www.funktionsmodellbau.ch\/content\/wp-content\/uploads\/2018\/07\/P1170949.jpg?resize=640%2C360&amp;ssl=1 640w, https:\/\/i0.wp.com\/www.funktionsmodellbau.ch\/content\/wp-content\/uploads\/2018\/07\/P1170949.jpg?w=1356&amp;ssl=1 1356w, https:\/\/i0.wp.com\/www.funktionsmodellbau.ch\/content\/wp-content\/uploads\/2018\/07\/P1170949.jpg?w=2034&amp;ssl=1 2034w\" width=\"177\" height=\"99\" loading=\"lazy\" data-original-width=\"177\" data-original-height=\"99\" itemprop=\"http:\/\/schema.org\/image\" title=\"P1170949\" alt=\"Jona 2018\" style=\"width: 177px; height: 99px;\" \/> <\/a> <\/div> <\/div> <!-- close group --> <div class=\"gallery-group images-1\" style=\"width: 180px; height: 103px;\" data-original-width=\"180\" data-original-height=\"103\" > <div class=\"tiled-gallery-item tiled-gallery-item-small\" itemprop=\"associatedMedia\" itemscope itemtype=\"http:\/\/schema.org\/ImageObject\"> <a href=\"https:\/\/www.funktionsmodellbau.ch\/content\/rc-truck-event-jona-2018-schweiz\/p1170970\/\" border=\"0\" itemprop=\"url\"> <meta itemprop=\"width\" content=\"176\"> <meta itemprop=\"height\" content=\"99\"> <img decoding=\"async\" class=\"\" data-attachment-id=\"9039\" data-orig-file=\"https:\/\/www.funktionsmodellbau.ch\/content\/wp-content\/uploads\/2018\/07\/P1170970.jpg\" data-orig-size=\"5184,2920\" data-comments-opened=\"1\" data-image-meta=\"{&quot;aperture&quot;:&quot;5.5&quot;,&quot;credit&quot;:&quot;&quot;,&quot;camera&quot;:&quot;DMC-GX8&quot;,&quot;caption&quot;:&quot;&quot;,&quot;created_timestamp&quot;:&quot;1525610422&quot;,&quot;copyright&quot;:&quot;&quot;,&quot;focal_length&quot;:&quot;115&quot;,&quot;iso&quot;:&quot;3200&quot;,&quot;shutter_speed&quot;:&quot;0.033333333333333&quot;,&quot;title&quot;:&quot;&quot;,&quot;orientation&quot;:&quot;0&quot;}\" data-image-title=\"P1170970\" data-image-description=\"\" data-medium-file=\"https:\/\/i0.wp.com\/www.funktionsmodellbau.ch\/content\/wp-content\/uploads\/2018\/07\/P1170970.jpg?fit=300%2C169&#038;ssl=1\" data-large-file=\"https:\/\/i0.wp.com\/www.funktionsmodellbau.ch\/content\/wp-content\/uploads\/2018\/07\/P1170970.jpg?fit=678%2C382&#038;ssl=1\" src=\"https:\/\/i0.wp.com\/www.funktionsmodellbau.ch\/content\/wp-content\/uploads\/2018\/07\/P1170970.jpg?w=176&#038;h=99&#038;ssl=1\" srcset=\"https:\/\/i0.wp.com\/www.funktionsmodellbau.ch\/content\/wp-content\/uploads\/2018\/07\/P1170970.jpg?w=5184&amp;ssl=1 5184w, https:\/\/i0.wp.com\/www.funktionsmodellbau.ch\/content\/wp-content\/uploads\/2018\/07\/P1170970.jpg?resize=300%2C169&amp;ssl=1 300w, https:\/\/i0.wp.com\/www.funktionsmodellbau.ch\/content\/wp-content\/uploads\/2018\/07\/P1170970.jpg?resize=768%2C433&amp;ssl=1 768w, https:\/\/i0.wp.com\/www.funktionsmodellbau.ch\/content\/wp-content\/uploads\/2018\/07\/P1170970.jpg?resize=1024%2C577&amp;ssl=1 1024w, https:\/\/i0.wp.com\/www.funktionsmodellbau.ch\/content\/wp-content\/uploads\/2018\/07\/P1170970.jpg?resize=640%2C360&amp;ssl=1 640w, https:\/\/i0.wp.com\/www.funktionsmodellbau.ch\/content\/wp-content\/uploads\/2018\/07\/P1170970.jpg?w=1356&amp;ssl=1 1356w, https:\/\/i0.wp.com\/www.funktionsmodellbau.ch\/content\/wp-content\/uploads\/2018\/07\/P1170970.jpg?w=2034&amp;ssl=1 2034w\" width=\"176\" height=\"99\" loading=\"lazy\" data-original-width=\"176\" data-original-height=\"99\" itemprop=\"http:\/\/schema.org\/image\" title=\"P1170970\" alt=\"Jona 2018\" style=\"width: 176px; height: 99px;\" \/> <\/a> <\/div> <\/div> <!-- close group --> <div class=\"gallery-group images-1\" style=\"width: 180px; height: 103px;\" data-original-width=\"180\" data-original-height=\"103\" > <div class=\"tiled-gallery-item tiled-gallery-item-small\" itemprop=\"associatedMedia\" itemscope itemtype=\"http:\/\/schema.org\/ImageObject\"> <a href=\"https:\/\/www.funktionsmodellbau.ch\/content\/rc-truck-event-jona-2018-schweiz\/p1170979\/\" border=\"0\" itemprop=\"url\"> <meta itemprop=\"width\" content=\"176\"> <meta itemprop=\"height\" content=\"99\"> <img decoding=\"async\" class=\"\" data-attachment-id=\"9041\" data-orig-file=\"https:\/\/www.funktionsmodellbau.ch\/content\/wp-content\/uploads\/2018\/07\/P1170979.jpg\" data-orig-size=\"5184,2920\" data-comments-opened=\"1\" data-image-meta=\"{&quot;aperture&quot;:&quot;4.9&quot;,&quot;credit&quot;:&quot;&quot;,&quot;camera&quot;:&quot;DMC-GX8&quot;,&quot;caption&quot;:&quot;&quot;,&quot;created_timestamp&quot;:&quot;1525610715&quot;,&quot;copyright&quot;:&quot;&quot;,&quot;focal_length&quot;:&quot;46&quot;,&quot;iso&quot;:&quot;2000&quot;,&quot;shutter_speed&quot;:&quot;0.01&quot;,&quot;title&quot;:&quot;&quot;,&quot;orientation&quot;:&quot;0&quot;}\" data-image-title=\"P1170979\" data-image-description=\"\" data-medium-file=\"https:\/\/i0.wp.com\/www.funktionsmodellbau.ch\/content\/wp-content\/uploads\/2018\/07\/P1170979.jpg?fit=300%2C169&#038;ssl=1\" data-large-file=\"https:\/\/i0.wp.com\/www.funktionsmodellbau.ch\/content\/wp-content\/uploads\/2018\/07\/P1170979.jpg?fit=678%2C382&#038;ssl=1\" src=\"https:\/\/i0.wp.com\/www.funktionsmodellbau.ch\/content\/wp-content\/uploads\/2018\/07\/P1170979.jpg?w=176&#038;h=99&#038;ssl=1\" srcset=\"https:\/\/i0.wp.com\/www.funktionsmodellbau.ch\/content\/wp-content\/uploads\/2018\/07\/P1170979.jpg?w=5184&amp;ssl=1 5184w, https:\/\/i0.wp.com\/www.funktionsmodellbau.ch\/content\/wp-content\/uploads\/2018\/07\/P1170979.jpg?resize=300%2C169&amp;ssl=1 300w, https:\/\/i0.wp.com\/www.funktionsmodellbau.ch\/content\/wp-content\/uploads\/2018\/07\/P1170979.jpg?resize=768%2C433&amp;ssl=1 768w, https:\/\/i0.wp.com\/www.funktionsmodellbau.ch\/content\/wp-content\/uploads\/2018\/07\/P1170979.jpg?resize=1024%2C577&amp;ssl=1 1024w, https:\/\/i0.wp.com\/www.funktionsmodellbau.ch\/content\/wp-content\/uploads\/2018\/07\/P1170979.jpg?resize=640%2C360&amp;ssl=1 640w, https:\/\/i0.wp.com\/www.funktionsmodellbau.ch\/content\/wp-content\/uploads\/2018\/07\/P1170979.jpg?w=1356&amp;ssl=1 1356w, https:\/\/i0.wp.com\/www.funktionsmodellbau.ch\/content\/wp-content\/uploads\/2018\/07\/P1170979.jpg?w=2034&amp;ssl=1 2034w\" width=\"176\" height=\"99\" loading=\"lazy\" data-original-width=\"176\" data-original-height=\"99\" itemprop=\"http:\/\/schema.org\/image\" title=\"P1170979\" alt=\"Jona 2018\" style=\"width: 176px; height: 99px;\" \/> <\/a> <\/div> <\/div> <!-- close group --> <div class=\"gallery-group images-1\" style=\"width: 137px; height: 103px;\" data-original-width=\"137\" data-original-height=\"103\" > <div class=\"tiled-gallery-item tiled-gallery-item-small\" itemprop=\"associatedMedia\" itemscope itemtype=\"http:\/\/schema.org\/ImageObject\"> <a href=\"https:\/\/www.funktionsmodellbau.ch\/content\/rc-truck-event-jona-2018-schweiz\/p1170982\/\" border=\"0\" itemprop=\"url\"> <meta itemprop=\"width\" content=\"133\"> <meta itemprop=\"height\" content=\"99\"> <img decoding=\"async\" class=\"\" data-attachment-id=\"9043\" data-orig-file=\"https:\/\/www.funktionsmodellbau.ch\/content\/wp-content\/uploads\/2018\/07\/P1170982.jpg\" data-orig-size=\"3660,2745\" data-comments-opened=\"1\" data-image-meta=\"{&quot;aperture&quot;:&quot;4.9&quot;,&quot;credit&quot;:&quot;&quot;,&quot;camera&quot;:&quot;DMC-GX8&quot;,&quot;caption&quot;:&quot;&quot;,&quot;created_timestamp&quot;:&quot;1525610813&quot;,&quot;copyright&quot;:&quot;&quot;,&quot;focal_length&quot;:&quot;46&quot;,&quot;iso&quot;:&quot;3200&quot;,&quot;shutter_speed&quot;:&quot;0.025&quot;,&quot;title&quot;:&quot;&quot;,&quot;orientation&quot;:&quot;0&quot;}\" data-image-title=\"P1170982\" data-image-description=\"\" data-medium-file=\"https:\/\/i0.wp.com\/www.funktionsmodellbau.ch\/content\/wp-content\/uploads\/2018\/07\/P1170982.jpg?fit=300%2C225&#038;ssl=1\" data-large-file=\"https:\/\/i0.wp.com\/www.funktionsmodellbau.ch\/content\/wp-content\/uploads\/2018\/07\/P1170982.jpg?fit=678%2C509&#038;ssl=1\" src=\"https:\/\/i0.wp.com\/www.funktionsmodellbau.ch\/content\/wp-content\/uploads\/2018\/07\/P1170982.jpg?w=133&#038;h=99&#038;ssl=1\" srcset=\"https:\/\/i0.wp.com\/www.funktionsmodellbau.ch\/content\/wp-content\/uploads\/2018\/07\/P1170982.jpg?w=3660&amp;ssl=1 3660w, https:\/\/i0.wp.com\/www.funktionsmodellbau.ch\/content\/wp-content\/uploads\/2018\/07\/P1170982.jpg?resize=300%2C225&amp;ssl=1 300w, https:\/\/i0.wp.com\/www.funktionsmodellbau.ch\/content\/wp-content\/uploads\/2018\/07\/P1170982.jpg?resize=768%2C576&amp;ssl=1 768w, https:\/\/i0.wp.com\/www.funktionsmodellbau.ch\/content\/wp-content\/uploads\/2018\/07\/P1170982.jpg?resize=1024%2C768&amp;ssl=1 1024w, https:\/\/i0.wp.com\/www.funktionsmodellbau.ch\/content\/wp-content\/uploads\/2018\/07\/P1170982.jpg?resize=640%2C480&amp;ssl=1 640w, https:\/\/i0.wp.com\/www.funktionsmodellbau.ch\/content\/wp-content\/uploads\/2018\/07\/P1170982.jpg?w=1356&amp;ssl=1 1356w, https:\/\/i0.wp.com\/www.funktionsmodellbau.ch\/content\/wp-content\/uploads\/2018\/07\/P1170982.jpg?w=2034&amp;ssl=1 2034w\" width=\"133\" height=\"99\" loading=\"lazy\" data-original-width=\"133\" data-original-height=\"99\" itemprop=\"http:\/\/schema.org\/image\" title=\"P1170982\" alt=\"Jona 2018\" style=\"width: 133px; height: 99px;\" \/> <\/a> <\/div> <\/div> <!-- close group --> <\/div> <!-- close row --> <\/div>\n","protected":false},"excerpt":{"rendered":"<p>&nbsp; Bereits zum 10. Mal fand das Schaufahren bei den Minitrucker March in Jona (SG\/CH) statt. Die Modelltrucker feierten somit vom 5. bis 6. Mai ihr 10 j\u00e4hriges Jubil\u00e4um &#8211; <a class=\"more-link\" href=\"https:\/\/www.funktionsmodellbau.ch\/content\/rc-truck-event-jona-2018-schweiz\/\">Weiter lesen \u2192<\/a><\/p>\n","protected":false},"author":1,"featured_media":0,"comment_status":"open","ping_status":"open","sticky":false,"template":"","format":"standard","meta":{"jetpack_post_was_ever_published":false,"_jetpack_newsletter_access":"","_jetpack_dont_email_post_to_subs":false,"_jetpack_newsletter_tier_id":0,"_jetpack_memberships_contains_paywalled_content":false,"_jetpack_memberships_contains_paid_content":false,"footnotes":""},"categories":[60,806,11,61,720,721],"tags":[613,299,796,498,300,139,119],"series":[],"yoast_head":"<!-- This site is optimized with the Yoast SEO plugin v24.5 - https:\/\/yoast.com\/wordpress\/plugins\/seo\/ -->\n<title>RC TRUCK EVENT: Jona 2018, Schweiz - funktionsmodellbau.ch<\/title>\n<meta name=\"description\" content=\"Video R\u00fcckblick vom RC Modelltruck-Schaufahren in Jona (SG\/CH) 2018. Zu sehen sind nebst den ferngesteuerten Modelltrucks auch viele Baumaschinen.\" \/>\n<meta name=\"robots\" content=\"index, follow, max-snippet:-1, max-image-preview:large, max-video-preview:-1\" \/>\n<link rel=\"canonical\" href=\"https:\/\/www.funktionsmodellbau.ch\/content\/rc-truck-event-jona-2018-schweiz\/\" \/>\n<meta property=\"og:locale\" content=\"de_DE\" \/>\n<meta property=\"og:type\" content=\"article\" \/>\n<meta property=\"og:title\" content=\"RC TRUCK EVENT: Jona 2018, Schweiz - funktionsmodellbau.ch\" \/>\n<meta property=\"og:description\" content=\"Video R\u00fcckblick vom RC Modelltruck-Schaufahren in Jona (SG\/CH) 2018. Zu sehen sind nebst den ferngesteuerten Modelltrucks auch viele Baumaschinen.\" \/>\n<meta property=\"og:url\" content=\"https:\/\/www.funktionsmodellbau.ch\/content\/rc-truck-event-jona-2018-schweiz\/\" \/>\n<meta property=\"og:site_name\" content=\"funktionsmodellbau.ch\" \/>\n<meta property=\"article:publisher\" content=\"https:\/\/www.facebook.com\/funktionsmodellbau\/\" \/>\n<meta property=\"article:published_time\" content=\"2018-07-22T13:21:16+00:00\" \/>\n<meta property=\"article:modified_time\" content=\"2018-09-25T09:11:44+00:00\" \/>\n<meta property=\"og:image\" content=\"https:\/\/i2.wp.com\/www.funktionsmodellbau.ch\/content\/wp-content\/uploads\/2018\/07\/P1170925.jpg?w=335&#038;h=189&#038;ssl=1\" \/>\n<meta name=\"author\" content=\"chef\" \/>\n<meta name=\"twitter:card\" content=\"summary_large_image\" \/>\n<meta name=\"twitter:creator\" content=\"@funktionsmodell\" \/>\n<meta name=\"twitter:site\" content=\"@funktionsmodell\" \/>\n<meta name=\"twitter:label1\" content=\"Verfasst von\" \/>\n\t<meta name=\"twitter:data1\" content=\"chef\" \/>\n\t<meta name=\"twitter:label2\" content=\"Gesch\u00e4tzte Lesezeit\" \/>\n\t<meta name=\"twitter:data2\" content=\"1\u00a0Minute\" \/>\n<script type=\"application\/ld+json\" class=\"yoast-schema-graph\">{\"@context\":\"https:\/\/schema.org\",\"@graph\":[{\"@type\":\"WebPage\",\"@id\":\"https:\/\/www.funktionsmodellbau.ch\/content\/rc-truck-event-jona-2018-schweiz\/\",\"url\":\"https:\/\/www.funktionsmodellbau.ch\/content\/rc-truck-event-jona-2018-schweiz\/\",\"name\":\"RC TRUCK EVENT: Jona 2018, Schweiz - funktionsmodellbau.ch\",\"isPartOf\":{\"@id\":\"https:\/\/www.funktionsmodellbau.ch\/content\/#website\"},\"primaryImageOfPage\":{\"@id\":\"https:\/\/www.funktionsmodellbau.ch\/content\/rc-truck-event-jona-2018-schweiz\/#primaryimage\"},\"image\":{\"@id\":\"https:\/\/www.funktionsmodellbau.ch\/content\/rc-truck-event-jona-2018-schweiz\/#primaryimage\"},\"thumbnailUrl\":\"https:\/\/www.funktionsmodellbau.ch\/content\/wp-content\/uploads\/2018\/07\/yt_blog_jona_2018.jpg\",\"datePublished\":\"2018-07-22T13:21:16+00:00\",\"dateModified\":\"2018-09-25T09:11:44+00:00\",\"author\":{\"@id\":\"https:\/\/www.funktionsmodellbau.ch\/content\/#\/schema\/person\/51e2b2a5a18752596eee2eadbbb2d6a7\"},\"description\":\"Video R\u00fcckblick vom RC Modelltruck-Schaufahren in Jona (SG\/CH) 2018. Zu sehen sind nebst den ferngesteuerten Modelltrucks auch viele Baumaschinen.\",\"breadcrumb\":{\"@id\":\"https:\/\/www.funktionsmodellbau.ch\/content\/rc-truck-event-jona-2018-schweiz\/#breadcrumb\"},\"inLanguage\":\"de\",\"potentialAction\":[{\"@type\":\"ReadAction\",\"target\":[\"https:\/\/www.funktionsmodellbau.ch\/content\/rc-truck-event-jona-2018-schweiz\/\"]}]},{\"@type\":\"ImageObject\",\"inLanguage\":\"de\",\"@id\":\"https:\/\/www.funktionsmodellbau.ch\/content\/rc-truck-event-jona-2018-schweiz\/#primaryimage\",\"url\":\"https:\/\/i0.wp.com\/www.funktionsmodellbau.ch\/content\/wp-content\/uploads\/2018\/07\/yt_blog_jona_2018.jpg?fit=3264%2C1840&ssl=1\",\"contentUrl\":\"https:\/\/i0.wp.com\/www.funktionsmodellbau.ch\/content\/wp-content\/uploads\/2018\/07\/yt_blog_jona_2018.jpg?fit=3264%2C1840&ssl=1\",\"width\":3264,\"height\":1840,\"caption\":\"TEASER\"},{\"@type\":\"BreadcrumbList\",\"@id\":\"https:\/\/www.funktionsmodellbau.ch\/content\/rc-truck-event-jona-2018-schweiz\/#breadcrumb\",\"itemListElement\":[{\"@type\":\"ListItem\",\"position\":1,\"name\":\"Startseite\",\"item\":\"https:\/\/www.funktionsmodellbau.ch\/content\/\"},{\"@type\":\"ListItem\",\"position\":2,\"name\":\"RC TRUCK EVENT: Jona 2018, Schweiz\"}]},{\"@type\":\"WebSite\",\"@id\":\"https:\/\/www.funktionsmodellbau.ch\/content\/#website\",\"url\":\"https:\/\/www.funktionsmodellbau.ch\/content\/\",\"name\":\"funktionsmodellbau.ch\",\"description\":\"RC MODELLNUTZFAHRZEUGE | RC TRUCK-MODELLBAU | RC SCALE CARS | RC BOOTE\",\"potentialAction\":[{\"@type\":\"SearchAction\",\"target\":{\"@type\":\"EntryPoint\",\"urlTemplate\":\"https:\/\/www.funktionsmodellbau.ch\/content\/?s={search_term_string}\"},\"query-input\":{\"@type\":\"PropertyValueSpecification\",\"valueRequired\":true,\"valueName\":\"search_term_string\"}}],\"inLanguage\":\"de\"},{\"@type\":\"Person\",\"@id\":\"https:\/\/www.funktionsmodellbau.ch\/content\/#\/schema\/person\/51e2b2a5a18752596eee2eadbbb2d6a7\",\"name\":\"chef\",\"image\":{\"@type\":\"ImageObject\",\"inLanguage\":\"de\",\"@id\":\"https:\/\/www.funktionsmodellbau.ch\/content\/#\/schema\/person\/image\/\",\"url\":\"https:\/\/secure.gravatar.com\/avatar\/30a0ceeb5c6accda997741393cc0673d?s=96&r=g\",\"contentUrl\":\"https:\/\/secure.gravatar.com\/avatar\/30a0ceeb5c6accda997741393cc0673d?s=96&r=g\",\"caption\":\"chef\"},\"description\":\"Hallo, ich heisse Fabian und bin hier der Hausmeister. Mich interessiert zwar die ganze Bandbreite im Modellbau, mein Fokus ist aber der Funktionsmodellbau. Speziell RC-Modellnutzfahrzeuge. Ihr findet mich auch auf Twitter, Facebook und Google+\",\"sameAs\":[\"https:\/\/www.funktionsmodellbau.ch\"],\"url\":\"https:\/\/www.funktionsmodellbau.ch\/content\/author\/admin\/\"}]}<\/script>\n<!-- \/ Yoast SEO plugin. -->","yoast_head_json":{"title":"RC TRUCK EVENT: Jona 2018, Schweiz - funktionsmodellbau.ch","description":"Video R\u00fcckblick vom RC Modelltruck-Schaufahren in Jona (SG\/CH) 2018. Zu sehen sind nebst den ferngesteuerten Modelltrucks auch viele Baumaschinen.","robots":{"index":"index","follow":"follow","max-snippet":"max-snippet:-1","max-image-preview":"max-image-preview:large","max-video-preview":"max-video-preview:-1"},"canonical":"https:\/\/www.funktionsmodellbau.ch\/content\/rc-truck-event-jona-2018-schweiz\/","og_locale":"de_DE","og_type":"article","og_title":"RC TRUCK EVENT: Jona 2018, Schweiz - funktionsmodellbau.ch","og_description":"Video R\u00fcckblick vom RC Modelltruck-Schaufahren in Jona (SG\/CH) 2018. Zu sehen sind nebst den ferngesteuerten Modelltrucks auch viele Baumaschinen.","og_url":"https:\/\/www.funktionsmodellbau.ch\/content\/rc-truck-event-jona-2018-schweiz\/","og_site_name":"funktionsmodellbau.ch","article_publisher":"https:\/\/www.facebook.com\/funktionsmodellbau\/","article_published_time":"2018-07-22T13:21:16+00:00","article_modified_time":"2018-09-25T09:11:44+00:00","og_image":[{"url":"https:\/\/i2.wp.com\/www.funktionsmodellbau.ch\/content\/wp-content\/uploads\/2018\/07\/P1170925.jpg?w=335&#038;h=189&#038;ssl=1","type":"","width":"","height":""}],"author":"chef","twitter_card":"summary_large_image","twitter_creator":"@funktionsmodell","twitter_site":"@funktionsmodell","twitter_misc":{"Verfasst von":"chef","Gesch\u00e4tzte Lesezeit":"1\u00a0Minute"},"schema":{"@context":"https:\/\/schema.org","@graph":[{"@type":"WebPage","@id":"https:\/\/www.funktionsmodellbau.ch\/content\/rc-truck-event-jona-2018-schweiz\/","url":"https:\/\/www.funktionsmodellbau.ch\/content\/rc-truck-event-jona-2018-schweiz\/","name":"RC TRUCK EVENT: Jona 2018, Schweiz - funktionsmodellbau.ch","isPartOf":{"@id":"https:\/\/www.funktionsmodellbau.ch\/content\/#website"},"primaryImageOfPage":{"@id":"https:\/\/www.funktionsmodellbau.ch\/content\/rc-truck-event-jona-2018-schweiz\/#primaryimage"},"image":{"@id":"https:\/\/www.funktionsmodellbau.ch\/content\/rc-truck-event-jona-2018-schweiz\/#primaryimage"},"thumbnailUrl":"https:\/\/www.funktionsmodellbau.ch\/content\/wp-content\/uploads\/2018\/07\/yt_blog_jona_2018.jpg","datePublished":"2018-07-22T13:21:16+00:00","dateModified":"2018-09-25T09:11:44+00:00","author":{"@id":"https:\/\/www.funktionsmodellbau.ch\/content\/#\/schema\/person\/51e2b2a5a18752596eee2eadbbb2d6a7"},"description":"Video R\u00fcckblick vom RC Modelltruck-Schaufahren in Jona (SG\/CH) 2018. Zu sehen sind nebst den ferngesteuerten Modelltrucks auch viele Baumaschinen.","breadcrumb":{"@id":"https:\/\/www.funktionsmodellbau.ch\/content\/rc-truck-event-jona-2018-schweiz\/#breadcrumb"},"inLanguage":"de","potentialAction":[{"@type":"ReadAction","target":["https:\/\/www.funktionsmodellbau.ch\/content\/rc-truck-event-jona-2018-schweiz\/"]}]},{"@type":"ImageObject","inLanguage":"de","@id":"https:\/\/www.funktionsmodellbau.ch\/content\/rc-truck-event-jona-2018-schweiz\/#primaryimage","url":"https:\/\/i0.wp.com\/www.funktionsmodellbau.ch\/content\/wp-content\/uploads\/2018\/07\/yt_blog_jona_2018.jpg?fit=3264%2C1840&ssl=1","contentUrl":"https:\/\/i0.wp.com\/www.funktionsmodellbau.ch\/content\/wp-content\/uploads\/2018\/07\/yt_blog_jona_2018.jpg?fit=3264%2C1840&ssl=1","width":3264,"height":1840,"caption":"TEASER"},{"@type":"BreadcrumbList","@id":"https:\/\/www.funktionsmodellbau.ch\/content\/rc-truck-event-jona-2018-schweiz\/#breadcrumb","itemListElement":[{"@type":"ListItem","position":1,"name":"Startseite","item":"https:\/\/www.funktionsmodellbau.ch\/content\/"},{"@type":"ListItem","position":2,"name":"RC TRUCK EVENT: Jona 2018, Schweiz"}]},{"@type":"WebSite","@id":"https:\/\/www.funktionsmodellbau.ch\/content\/#website","url":"https:\/\/www.funktionsmodellbau.ch\/content\/","name":"funktionsmodellbau.ch","description":"RC MODELLNUTZFAHRZEUGE | RC TRUCK-MODELLBAU | RC SCALE CARS | RC BOOTE","potentialAction":[{"@type":"SearchAction","target":{"@type":"EntryPoint","urlTemplate":"https:\/\/www.funktionsmodellbau.ch\/content\/?s={search_term_string}"},"query-input":{"@type":"PropertyValueSpecification","valueRequired":true,"valueName":"search_term_string"}}],"inLanguage":"de"},{"@type":"Person","@id":"https:\/\/www.funktionsmodellbau.ch\/content\/#\/schema\/person\/51e2b2a5a18752596eee2eadbbb2d6a7","name":"chef","image":{"@type":"ImageObject","inLanguage":"de","@id":"https:\/\/www.funktionsmodellbau.ch\/content\/#\/schema\/person\/image\/","url":"https:\/\/secure.gravatar.com\/avatar\/30a0ceeb5c6accda997741393cc0673d?s=96&r=g","contentUrl":"https:\/\/secure.gravatar.com\/avatar\/30a0ceeb5c6accda997741393cc0673d?s=96&r=g","caption":"chef"},"description":"Hallo, ich heisse Fabian und bin hier der Hausmeister. Mich interessiert zwar die ganze Bandbreite im Modellbau, mein Fokus ist aber der Funktionsmodellbau. Speziell RC-Modellnutzfahrzeuge. Ihr findet mich auch auf Twitter, Facebook und Google+","sameAs":["https:\/\/www.funktionsmodellbau.ch"],"url":"https:\/\/www.funktionsmodellbau.ch\/content\/author\/admin\/"}]}},"jetpack_sharing_enabled":true,"jetpack_featured_media_url":"","_links":{"self":[{"href":"https:\/\/www.funktionsmodellbau.ch\/content\/wp-json\/wp\/v2\/posts\/9021"}],"collection":[{"href":"https:\/\/www.funktionsmodellbau.ch\/content\/wp-json\/wp\/v2\/posts"}],"about":[{"href":"https:\/\/www.funktionsmodellbau.ch\/content\/wp-json\/wp\/v2\/types\/post"}],"author":[{"embeddable":true,"href":"https:\/\/www.funktionsmodellbau.ch\/content\/wp-json\/wp\/v2\/users\/1"}],"replies":[{"embeddable":true,"href":"https:\/\/www.funktionsmodellbau.ch\/content\/wp-json\/wp\/v2\/comments?post=9021"}],"version-history":[{"count":2,"href":"https:\/\/www.funktionsmodellbau.ch\/content\/wp-json\/wp\/v2\/posts\/9021\/revisions"}],"predecessor-version":[{"id":9047,"href":"https:\/\/www.funktionsmodellbau.ch\/content\/wp-json\/wp\/v2\/posts\/9021\/revisions\/9047"}],"wp:attachment":[{"href":"https:\/\/www.funktionsmodellbau.ch\/content\/wp-json\/wp\/v2\/media?parent=9021"}],"wp:term":[{"taxonomy":"category","embeddable":true,"href":"https:\/\/www.funktionsmodellbau.ch\/content\/wp-json\/wp\/v2\/categories?post=9021"},{"taxonomy":"post_tag","embeddable":true,"href":"https:\/\/www.funktionsmodellbau.ch\/content\/wp-json\/wp\/v2\/tags?post=9021"},{"taxonomy":"series","embeddable":true,"href":"https:\/\/www.funktionsmodellbau.ch\/content\/wp-json\/wp\/v2\/series?post=9021"}],"curies":[{"name":"wp","href":"https:\/\/api.w.org\/{rel}","templated":true}]}}