{"id":8157,"date":"2017-09-22T13:04:05","date_gmt":"2017-09-22T12:04:05","guid":{"rendered":"https:\/\/www.funktionsmodellbau.ch\/content\/?p=8157"},"modified":"2017-09-23T11:12:24","modified_gmt":"2017-09-23T10:12:24","slug":"rc-modelltruck-event-mini-trucker-lyss-aug-2017","status":"publish","type":"post","link":"https:\/\/www.funktionsmodellbau.ch\/content\/rc-modelltruck-event-mini-trucker-lyss-aug-2017\/","title":{"rendered":"RC Modelltruck Event: Mini Trucker Lyss, Aug 2017"},"content":{"rendered":"<p><a href=\"https:\/\/i0.wp.com\/www.funktionsmodellbau.ch\/content\/wp-content\/uploads\/2017\/09\/blog_thumbnail_teaser_lyss_aug2017.jpg?ssl=1\"><img data-recalc-dims=\"1\" loading=\"lazy\" decoding=\"async\" data-attachment-id=\"8181\" data-permalink=\"https:\/\/www.funktionsmodellbau.ch\/content\/rc-modelltruck-event-mini-trucker-lyss-aug-2017\/blog_thumbnail_teaser_lyss_aug2017\/\" data-orig-file=\"https:\/\/i0.wp.com\/www.funktionsmodellbau.ch\/content\/wp-content\/uploads\/2017\/09\/blog_thumbnail_teaser_lyss_aug2017.jpg?fit=3264%2C1840&amp;ssl=1\" data-orig-size=\"3264,1840\" data-comments-opened=\"1\" data-image-meta=\"{&quot;aperture&quot;:&quot;5.2&quot;,&quot;credit&quot;:&quot;&quot;,&quot;camera&quot;:&quot;DMC-GX8&quot;,&quot;caption&quot;:&quot;&quot;,&quot;created_timestamp&quot;:&quot;1446899995&quot;,&quot;copyright&quot;:&quot;&quot;,&quot;focal_length&quot;:&quot;61&quot;,&quot;iso&quot;:&quot;1600&quot;,&quot;shutter_speed&quot;:&quot;0.00625&quot;,&quot;title&quot;:&quot;&quot;,&quot;orientation&quot;:&quot;1&quot;}\" data-image-title=\"blog_thumbnail_teaser_lyss_aug2017\" data-image-description=\"\" data-image-caption=\"\" data-medium-file=\"https:\/\/i0.wp.com\/www.funktionsmodellbau.ch\/content\/wp-content\/uploads\/2017\/09\/blog_thumbnail_teaser_lyss_aug2017.jpg?fit=300%2C169&amp;ssl=1\" data-large-file=\"https:\/\/i0.wp.com\/www.funktionsmodellbau.ch\/content\/wp-content\/uploads\/2017\/09\/blog_thumbnail_teaser_lyss_aug2017.jpg?fit=678%2C382&amp;ssl=1\" class=\"alignnone size-full wp-image-8181\" src=\"https:\/\/i0.wp.com\/www.funktionsmodellbau.ch\/content\/wp-content\/uploads\/2017\/09\/blog_thumbnail_teaser_lyss_aug2017.jpg?resize=678%2C382&#038;ssl=1\" alt=\"\" width=\"678\" height=\"382\" srcset=\"https:\/\/i0.wp.com\/www.funktionsmodellbau.ch\/content\/wp-content\/uploads\/2017\/09\/blog_thumbnail_teaser_lyss_aug2017.jpg?w=3264&amp;ssl=1 3264w, https:\/\/i0.wp.com\/www.funktionsmodellbau.ch\/content\/wp-content\/uploads\/2017\/09\/blog_thumbnail_teaser_lyss_aug2017.jpg?resize=300%2C169&amp;ssl=1 300w, https:\/\/i0.wp.com\/www.funktionsmodellbau.ch\/content\/wp-content\/uploads\/2017\/09\/blog_thumbnail_teaser_lyss_aug2017.jpg?resize=768%2C433&amp;ssl=1 768w, https:\/\/i0.wp.com\/www.funktionsmodellbau.ch\/content\/wp-content\/uploads\/2017\/09\/blog_thumbnail_teaser_lyss_aug2017.jpg?resize=1024%2C577&amp;ssl=1 1024w, https:\/\/i0.wp.com\/www.funktionsmodellbau.ch\/content\/wp-content\/uploads\/2017\/09\/blog_thumbnail_teaser_lyss_aug2017.jpg?w=1356&amp;ssl=1 1356w, https:\/\/i0.wp.com\/www.funktionsmodellbau.ch\/content\/wp-content\/uploads\/2017\/09\/blog_thumbnail_teaser_lyss_aug2017.jpg?w=2034&amp;ssl=1 2034w\" sizes=\"(max-width: 678px) 100vw, 678px\" \/><\/a><\/p>\n<p>Bei sch\u00f6nstem Wetter, fand am 26. und 27. August 2017, ein weiterer RC-Event in Lyss (BE\/CH) statt. Ich machte mich am Samstag auf den Weg, denn ich wollte das letzte Schaufahren f\u00fcr dieses Jahr in Lyss nicht verpassen.<!--more--><\/p>\n<p>Nat\u00fcrlich hat es wie immer riesig Spass gemacht, auch wenn f\u00fcr einmal die Pisten nicht so \u00fcberf\u00fcllt von Fahrzeugen waren.<\/p>\n<div class=\"tiled-gallery type-rectangular tiled-gallery-unresized\" data-original-width=\"678\" data-carousel-extra='{&quot;blog_id&quot;:1,&quot;permalink&quot;:&quot;https:\\\/\\\/www.funktionsmodellbau.ch\\\/content\\\/rc-modelltruck-event-mini-trucker-lyss-aug-2017\\\/&quot;,&quot;likes_blog_id&quot;:29068213}' itemscope itemtype=\"http:\/\/schema.org\/ImageGallery\" > <div class=\"gallery-row\" style=\"width: 678px; height: 340px;\" data-original-width=\"678\" data-original-height=\"340\" > <div class=\"gallery-group images-1\" style=\"width: 452px; height: 340px;\" data-original-width=\"452\" data-original-height=\"340\" > <div class=\"tiled-gallery-item tiled-gallery-item-large\" itemprop=\"associatedMedia\" itemscope itemtype=\"http:\/\/schema.org\/ImageObject\"> <a href=\"https:\/\/i0.wp.com\/www.funktionsmodellbau.ch\/content\/wp-content\/uploads\/2017\/09\/lyss-1100301.jpg?ssl=1\" border=\"0\" itemprop=\"url\"> <meta itemprop=\"width\" content=\"448\"> <meta itemprop=\"height\" content=\"336\"> <img decoding=\"async\" class=\"\" data-attachment-id=\"8158\" data-orig-file=\"https:\/\/www.funktionsmodellbau.ch\/content\/wp-content\/uploads\/2017\/09\/lyss-1100301.jpg\" data-orig-size=\"2400,1800\" data-comments-opened=\"1\" data-image-meta=\"{&quot;aperture&quot;:&quot;8&quot;,&quot;credit&quot;:&quot;&quot;,&quot;camera&quot;:&quot;DMC-GX8&quot;,&quot;caption&quot;:&quot;&quot;,&quot;created_timestamp&quot;:&quot;1503741526&quot;,&quot;copyright&quot;:&quot;&quot;,&quot;focal_length&quot;:&quot;46&quot;,&quot;iso&quot;:&quot;200&quot;,&quot;shutter_speed&quot;:&quot;0.002&quot;,&quot;title&quot;:&quot;&quot;,&quot;orientation&quot;:&quot;0&quot;}\" data-image-title=\"lyss-1100301\" data-image-description=\"\" data-medium-file=\"https:\/\/i0.wp.com\/www.funktionsmodellbau.ch\/content\/wp-content\/uploads\/2017\/09\/lyss-1100301.jpg?fit=300%2C225&#038;ssl=1\" data-large-file=\"https:\/\/i0.wp.com\/www.funktionsmodellbau.ch\/content\/wp-content\/uploads\/2017\/09\/lyss-1100301.jpg?fit=678%2C509&#038;ssl=1\" src=\"https:\/\/i0.wp.com\/www.funktionsmodellbau.ch\/content\/wp-content\/uploads\/2017\/09\/lyss-1100301.jpg?w=448&#038;h=336&#038;ssl=1\" srcset=\"https:\/\/i0.wp.com\/www.funktionsmodellbau.ch\/content\/wp-content\/uploads\/2017\/09\/lyss-1100301.jpg?w=2400&amp;ssl=1 2400w, https:\/\/i0.wp.com\/www.funktionsmodellbau.ch\/content\/wp-content\/uploads\/2017\/09\/lyss-1100301.jpg?resize=300%2C225&amp;ssl=1 300w, https:\/\/i0.wp.com\/www.funktionsmodellbau.ch\/content\/wp-content\/uploads\/2017\/09\/lyss-1100301.jpg?resize=768%2C576&amp;ssl=1 768w, https:\/\/i0.wp.com\/www.funktionsmodellbau.ch\/content\/wp-content\/uploads\/2017\/09\/lyss-1100301.jpg?resize=1024%2C768&amp;ssl=1 1024w, https:\/\/i0.wp.com\/www.funktionsmodellbau.ch\/content\/wp-content\/uploads\/2017\/09\/lyss-1100301.jpg?w=1356&amp;ssl=1 1356w, https:\/\/i0.wp.com\/www.funktionsmodellbau.ch\/content\/wp-content\/uploads\/2017\/09\/lyss-1100301.jpg?w=2034&amp;ssl=1 2034w\" width=\"448\" height=\"336\" loading=\"lazy\" data-original-width=\"448\" data-original-height=\"336\" itemprop=\"http:\/\/schema.org\/image\" title=\"lyss-1100301\" alt=\"RC Event Lyss 2017\" style=\"width: 448px; height: 336px;\" \/> <\/a> <\/div> <\/div> <!-- close group --> <div class=\"gallery-group images-2\" style=\"width: 226px; height: 340px;\" data-original-width=\"226\" data-original-height=\"340\" > <div class=\"tiled-gallery-item tiled-gallery-item-small\" itemprop=\"associatedMedia\" itemscope itemtype=\"http:\/\/schema.org\/ImageObject\"> <a href=\"https:\/\/i0.wp.com\/www.funktionsmodellbau.ch\/content\/wp-content\/uploads\/2017\/09\/lyss-1100302.jpg?ssl=1\" border=\"0\" itemprop=\"url\"> <meta itemprop=\"width\" content=\"222\"> <meta itemprop=\"height\" content=\"166\"> <img decoding=\"async\" class=\"\" data-attachment-id=\"8159\" data-orig-file=\"https:\/\/www.funktionsmodellbau.ch\/content\/wp-content\/uploads\/2017\/09\/lyss-1100302.jpg\" data-orig-size=\"2400,1800\" data-comments-opened=\"1\" data-image-meta=\"{&quot;aperture&quot;:&quot;7.1&quot;,&quot;credit&quot;:&quot;Fabian H\\u00fcsser&quot;,&quot;camera&quot;:&quot;DMC-GX8&quot;,&quot;caption&quot;:&quot;&quot;,&quot;created_timestamp&quot;:&quot;1503741538&quot;,&quot;copyright&quot;:&quot;Fabian H\\u00fcsser&quot;,&quot;focal_length&quot;:&quot;61&quot;,&quot;iso&quot;:&quot;200&quot;,&quot;shutter_speed&quot;:&quot;0.0025&quot;,&quot;title&quot;:&quot;&quot;,&quot;orientation&quot;:&quot;0&quot;}\" data-image-title=\"lyss-1100302\" data-image-description=\"\" data-medium-file=\"https:\/\/i0.wp.com\/www.funktionsmodellbau.ch\/content\/wp-content\/uploads\/2017\/09\/lyss-1100302.jpg?fit=300%2C225&#038;ssl=1\" data-large-file=\"https:\/\/i0.wp.com\/www.funktionsmodellbau.ch\/content\/wp-content\/uploads\/2017\/09\/lyss-1100302.jpg?fit=678%2C509&#038;ssl=1\" src=\"https:\/\/i0.wp.com\/www.funktionsmodellbau.ch\/content\/wp-content\/uploads\/2017\/09\/lyss-1100302.jpg?w=222&#038;h=166&#038;ssl=1\" srcset=\"https:\/\/i0.wp.com\/www.funktionsmodellbau.ch\/content\/wp-content\/uploads\/2017\/09\/lyss-1100302.jpg?w=2400&amp;ssl=1 2400w, https:\/\/i0.wp.com\/www.funktionsmodellbau.ch\/content\/wp-content\/uploads\/2017\/09\/lyss-1100302.jpg?resize=300%2C225&amp;ssl=1 300w, https:\/\/i0.wp.com\/www.funktionsmodellbau.ch\/content\/wp-content\/uploads\/2017\/09\/lyss-1100302.jpg?resize=768%2C576&amp;ssl=1 768w, https:\/\/i0.wp.com\/www.funktionsmodellbau.ch\/content\/wp-content\/uploads\/2017\/09\/lyss-1100302.jpg?resize=1024%2C768&amp;ssl=1 1024w, https:\/\/i0.wp.com\/www.funktionsmodellbau.ch\/content\/wp-content\/uploads\/2017\/09\/lyss-1100302.jpg?w=1356&amp;ssl=1 1356w, https:\/\/i0.wp.com\/www.funktionsmodellbau.ch\/content\/wp-content\/uploads\/2017\/09\/lyss-1100302.jpg?w=2034&amp;ssl=1 2034w\" width=\"222\" height=\"166\" loading=\"lazy\" data-original-width=\"222\" data-original-height=\"166\" itemprop=\"http:\/\/schema.org\/image\" title=\"lyss-1100302\" alt=\"RC Event Lyss 2017\" style=\"width: 222px; height: 166px;\" \/> <\/a> <\/div> <div class=\"tiled-gallery-item tiled-gallery-item-small\" itemprop=\"associatedMedia\" itemscope itemtype=\"http:\/\/schema.org\/ImageObject\"> <a href=\"https:\/\/i0.wp.com\/www.funktionsmodellbau.ch\/content\/wp-content\/uploads\/2017\/09\/lyss-1100303.jpg?ssl=1\" border=\"0\" itemprop=\"url\"> <meta itemprop=\"width\" content=\"222\"> <meta itemprop=\"height\" content=\"166\"> <img decoding=\"async\" class=\"\" data-attachment-id=\"8160\" data-orig-file=\"https:\/\/www.funktionsmodellbau.ch\/content\/wp-content\/uploads\/2017\/09\/lyss-1100303.jpg\" data-orig-size=\"2400,1800\" data-comments-opened=\"1\" data-image-meta=\"{&quot;aperture&quot;:&quot;5.6&quot;,&quot;credit&quot;:&quot;Fabian H\\u00fcsser&quot;,&quot;camera&quot;:&quot;DMC-GX8&quot;,&quot;caption&quot;:&quot;&quot;,&quot;created_timestamp&quot;:&quot;1503741572&quot;,&quot;copyright&quot;:&quot;Fabian H\\u00fcsser&quot;,&quot;focal_length&quot;:&quot;77&quot;,&quot;iso&quot;:&quot;200&quot;,&quot;shutter_speed&quot;:&quot;0.0025&quot;,&quot;title&quot;:&quot;&quot;,&quot;orientation&quot;:&quot;0&quot;}\" data-image-title=\"lyss-1100303\" data-image-description=\"\" data-medium-file=\"https:\/\/i0.wp.com\/www.funktionsmodellbau.ch\/content\/wp-content\/uploads\/2017\/09\/lyss-1100303.jpg?fit=300%2C225&#038;ssl=1\" data-large-file=\"https:\/\/i0.wp.com\/www.funktionsmodellbau.ch\/content\/wp-content\/uploads\/2017\/09\/lyss-1100303.jpg?fit=678%2C509&#038;ssl=1\" src=\"https:\/\/i0.wp.com\/www.funktionsmodellbau.ch\/content\/wp-content\/uploads\/2017\/09\/lyss-1100303.jpg?w=222&#038;h=166&#038;ssl=1\" srcset=\"https:\/\/i0.wp.com\/www.funktionsmodellbau.ch\/content\/wp-content\/uploads\/2017\/09\/lyss-1100303.jpg?w=2400&amp;ssl=1 2400w, https:\/\/i0.wp.com\/www.funktionsmodellbau.ch\/content\/wp-content\/uploads\/2017\/09\/lyss-1100303.jpg?resize=300%2C225&amp;ssl=1 300w, https:\/\/i0.wp.com\/www.funktionsmodellbau.ch\/content\/wp-content\/uploads\/2017\/09\/lyss-1100303.jpg?resize=768%2C576&amp;ssl=1 768w, https:\/\/i0.wp.com\/www.funktionsmodellbau.ch\/content\/wp-content\/uploads\/2017\/09\/lyss-1100303.jpg?resize=1024%2C768&amp;ssl=1 1024w, https:\/\/i0.wp.com\/www.funktionsmodellbau.ch\/content\/wp-content\/uploads\/2017\/09\/lyss-1100303.jpg?w=1356&amp;ssl=1 1356w, https:\/\/i0.wp.com\/www.funktionsmodellbau.ch\/content\/wp-content\/uploads\/2017\/09\/lyss-1100303.jpg?w=2034&amp;ssl=1 2034w\" width=\"222\" height=\"166\" loading=\"lazy\" data-original-width=\"222\" data-original-height=\"166\" itemprop=\"http:\/\/schema.org\/image\" title=\"lyss-1100303\" alt=\"RC Event Lyss 2017\" style=\"width: 222px; height: 166px;\" \/> <\/a> <\/div> <\/div> <!-- close group --> <\/div> <!-- close row --> <div class=\"gallery-row\" style=\"width: 678px; height: 171px;\" data-original-width=\"678\" data-original-height=\"171\" > <div class=\"gallery-group images-1\" style=\"width: 226px; height: 171px;\" data-original-width=\"226\" data-original-height=\"171\" > <div class=\"tiled-gallery-item tiled-gallery-item-small\" itemprop=\"associatedMedia\" itemscope itemtype=\"http:\/\/schema.org\/ImageObject\"> <a href=\"https:\/\/i0.wp.com\/www.funktionsmodellbau.ch\/content\/wp-content\/uploads\/2017\/09\/lyss-1100307.jpg?ssl=1\" border=\"0\" itemprop=\"url\"> <meta itemprop=\"width\" content=\"222\"> <meta itemprop=\"height\" content=\"167\"> <img decoding=\"async\" class=\"\" data-attachment-id=\"8163\" data-orig-file=\"https:\/\/www.funktionsmodellbau.ch\/content\/wp-content\/uploads\/2017\/09\/lyss-1100307.jpg\" data-orig-size=\"2400,1800\" data-comments-opened=\"1\" data-image-meta=\"{&quot;aperture&quot;:&quot;7.1&quot;,&quot;credit&quot;:&quot;Fabian H\\u00fcsser&quot;,&quot;camera&quot;:&quot;DMC-GX8&quot;,&quot;caption&quot;:&quot;&quot;,&quot;created_timestamp&quot;:&quot;1503745072&quot;,&quot;copyright&quot;:&quot;Fabian H\\u00fcsser&quot;,&quot;focal_length&quot;:&quot;24&quot;,&quot;iso&quot;:&quot;200&quot;,&quot;shutter_speed&quot;:&quot;0.003125&quot;,&quot;title&quot;:&quot;&quot;,&quot;orientation&quot;:&quot;0&quot;}\" data-image-title=\"lyss-1100307\" data-image-description=\"\" data-medium-file=\"https:\/\/i0.wp.com\/www.funktionsmodellbau.ch\/content\/wp-content\/uploads\/2017\/09\/lyss-1100307.jpg?fit=300%2C225&#038;ssl=1\" data-large-file=\"https:\/\/i0.wp.com\/www.funktionsmodellbau.ch\/content\/wp-content\/uploads\/2017\/09\/lyss-1100307.jpg?fit=678%2C509&#038;ssl=1\" src=\"https:\/\/i0.wp.com\/www.funktionsmodellbau.ch\/content\/wp-content\/uploads\/2017\/09\/lyss-1100307.jpg?w=222&#038;h=167&#038;ssl=1\" srcset=\"https:\/\/i0.wp.com\/www.funktionsmodellbau.ch\/content\/wp-content\/uploads\/2017\/09\/lyss-1100307.jpg?w=2400&amp;ssl=1 2400w, https:\/\/i0.wp.com\/www.funktionsmodellbau.ch\/content\/wp-content\/uploads\/2017\/09\/lyss-1100307.jpg?resize=300%2C225&amp;ssl=1 300w, https:\/\/i0.wp.com\/www.funktionsmodellbau.ch\/content\/wp-content\/uploads\/2017\/09\/lyss-1100307.jpg?resize=768%2C576&amp;ssl=1 768w, https:\/\/i0.wp.com\/www.funktionsmodellbau.ch\/content\/wp-content\/uploads\/2017\/09\/lyss-1100307.jpg?resize=1024%2C768&amp;ssl=1 1024w, https:\/\/i0.wp.com\/www.funktionsmodellbau.ch\/content\/wp-content\/uploads\/2017\/09\/lyss-1100307.jpg?w=1356&amp;ssl=1 1356w, https:\/\/i0.wp.com\/www.funktionsmodellbau.ch\/content\/wp-content\/uploads\/2017\/09\/lyss-1100307.jpg?w=2034&amp;ssl=1 2034w\" width=\"222\" height=\"167\" loading=\"lazy\" data-original-width=\"222\" data-original-height=\"167\" itemprop=\"http:\/\/schema.org\/image\" title=\"lyss-1100307\" alt=\"RC Event Lyss 2017\" style=\"width: 222px; height: 167px;\" \/> <\/a> <\/div> <\/div> <!-- close group --> <div class=\"gallery-group images-1\" style=\"width: 226px; height: 171px;\" data-original-width=\"226\" data-original-height=\"171\" > <div class=\"tiled-gallery-item tiled-gallery-item-small\" itemprop=\"associatedMedia\" itemscope itemtype=\"http:\/\/schema.org\/ImageObject\"> <a href=\"https:\/\/i0.wp.com\/www.funktionsmodellbau.ch\/content\/wp-content\/uploads\/2017\/09\/lyss-1100309.jpg?ssl=1\" border=\"0\" itemprop=\"url\"> <meta itemprop=\"width\" content=\"222\"> <meta itemprop=\"height\" content=\"167\"> <img decoding=\"async\" class=\"\" data-attachment-id=\"8165\" data-orig-file=\"https:\/\/www.funktionsmodellbau.ch\/content\/wp-content\/uploads\/2017\/09\/lyss-1100309.jpg\" data-orig-size=\"2400,1800\" data-comments-opened=\"1\" data-image-meta=\"{&quot;aperture&quot;:&quot;6.3&quot;,&quot;credit&quot;:&quot;Fabian H\\u00fcsser&quot;,&quot;camera&quot;:&quot;DMC-GX8&quot;,&quot;caption&quot;:&quot;&quot;,&quot;created_timestamp&quot;:&quot;1503745103&quot;,&quot;copyright&quot;:&quot;Fabian H\\u00fcsser&quot;,&quot;focal_length&quot;:&quot;40&quot;,&quot;iso&quot;:&quot;200&quot;,&quot;shutter_speed&quot;:&quot;0.003125&quot;,&quot;title&quot;:&quot;&quot;,&quot;orientation&quot;:&quot;0&quot;}\" data-image-title=\"lyss-1100309\" data-image-description=\"\" data-medium-file=\"https:\/\/i0.wp.com\/www.funktionsmodellbau.ch\/content\/wp-content\/uploads\/2017\/09\/lyss-1100309.jpg?fit=300%2C225&#038;ssl=1\" data-large-file=\"https:\/\/i0.wp.com\/www.funktionsmodellbau.ch\/content\/wp-content\/uploads\/2017\/09\/lyss-1100309.jpg?fit=678%2C509&#038;ssl=1\" src=\"https:\/\/i0.wp.com\/www.funktionsmodellbau.ch\/content\/wp-content\/uploads\/2017\/09\/lyss-1100309.jpg?w=222&#038;h=167&#038;ssl=1\" srcset=\"https:\/\/i0.wp.com\/www.funktionsmodellbau.ch\/content\/wp-content\/uploads\/2017\/09\/lyss-1100309.jpg?w=2400&amp;ssl=1 2400w, https:\/\/i0.wp.com\/www.funktionsmodellbau.ch\/content\/wp-content\/uploads\/2017\/09\/lyss-1100309.jpg?resize=300%2C225&amp;ssl=1 300w, https:\/\/i0.wp.com\/www.funktionsmodellbau.ch\/content\/wp-content\/uploads\/2017\/09\/lyss-1100309.jpg?resize=768%2C576&amp;ssl=1 768w, https:\/\/i0.wp.com\/www.funktionsmodellbau.ch\/content\/wp-content\/uploads\/2017\/09\/lyss-1100309.jpg?resize=1024%2C768&amp;ssl=1 1024w, https:\/\/i0.wp.com\/www.funktionsmodellbau.ch\/content\/wp-content\/uploads\/2017\/09\/lyss-1100309.jpg?w=1356&amp;ssl=1 1356w, https:\/\/i0.wp.com\/www.funktionsmodellbau.ch\/content\/wp-content\/uploads\/2017\/09\/lyss-1100309.jpg?w=2034&amp;ssl=1 2034w\" width=\"222\" height=\"167\" loading=\"lazy\" data-original-width=\"222\" data-original-height=\"167\" itemprop=\"http:\/\/schema.org\/image\" title=\"lyss-1100309\" alt=\"RC Event Lyss 2017\" style=\"width: 222px; height: 167px;\" \/> <\/a> <\/div> <\/div> <!-- close group --> <div class=\"gallery-group images-1\" style=\"width: 226px; height: 171px;\" data-original-width=\"226\" data-original-height=\"171\" > <div class=\"tiled-gallery-item tiled-gallery-item-small\" itemprop=\"associatedMedia\" itemscope itemtype=\"http:\/\/schema.org\/ImageObject\"> <a href=\"https:\/\/i0.wp.com\/www.funktionsmodellbau.ch\/content\/wp-content\/uploads\/2017\/09\/lyss-1100308.jpg?ssl=1\" border=\"0\" itemprop=\"url\"> <meta itemprop=\"width\" content=\"222\"> <meta itemprop=\"height\" content=\"167\"> <img decoding=\"async\" class=\"\" data-attachment-id=\"8164\" data-orig-file=\"https:\/\/www.funktionsmodellbau.ch\/content\/wp-content\/uploads\/2017\/09\/lyss-1100308.jpg\" data-orig-size=\"2400,1800\" data-comments-opened=\"1\" data-image-meta=\"{&quot;aperture&quot;:&quot;5.6&quot;,&quot;credit&quot;:&quot;Fabian H\\u00fcsser&quot;,&quot;camera&quot;:&quot;DMC-GX8&quot;,&quot;caption&quot;:&quot;&quot;,&quot;created_timestamp&quot;:&quot;1503745082&quot;,&quot;copyright&quot;:&quot;Fabian H\\u00fcsser&quot;,&quot;focal_length&quot;:&quot;65&quot;,&quot;iso&quot;:&quot;200&quot;,&quot;shutter_speed&quot;:&quot;0.003125&quot;,&quot;title&quot;:&quot;&quot;,&quot;orientation&quot;:&quot;0&quot;}\" data-image-title=\"lyss-1100308\" data-image-description=\"\" data-medium-file=\"https:\/\/i0.wp.com\/www.funktionsmodellbau.ch\/content\/wp-content\/uploads\/2017\/09\/lyss-1100308.jpg?fit=300%2C225&#038;ssl=1\" data-large-file=\"https:\/\/i0.wp.com\/www.funktionsmodellbau.ch\/content\/wp-content\/uploads\/2017\/09\/lyss-1100308.jpg?fit=678%2C509&#038;ssl=1\" src=\"https:\/\/i0.wp.com\/www.funktionsmodellbau.ch\/content\/wp-content\/uploads\/2017\/09\/lyss-1100308.jpg?w=222&#038;h=167&#038;ssl=1\" srcset=\"https:\/\/i0.wp.com\/www.funktionsmodellbau.ch\/content\/wp-content\/uploads\/2017\/09\/lyss-1100308.jpg?w=2400&amp;ssl=1 2400w, https:\/\/i0.wp.com\/www.funktionsmodellbau.ch\/content\/wp-content\/uploads\/2017\/09\/lyss-1100308.jpg?resize=300%2C225&amp;ssl=1 300w, https:\/\/i0.wp.com\/www.funktionsmodellbau.ch\/content\/wp-content\/uploads\/2017\/09\/lyss-1100308.jpg?resize=768%2C576&amp;ssl=1 768w, https:\/\/i0.wp.com\/www.funktionsmodellbau.ch\/content\/wp-content\/uploads\/2017\/09\/lyss-1100308.jpg?resize=1024%2C768&amp;ssl=1 1024w, https:\/\/i0.wp.com\/www.funktionsmodellbau.ch\/content\/wp-content\/uploads\/2017\/09\/lyss-1100308.jpg?w=1356&amp;ssl=1 1356w, https:\/\/i0.wp.com\/www.funktionsmodellbau.ch\/content\/wp-content\/uploads\/2017\/09\/lyss-1100308.jpg?w=2034&amp;ssl=1 2034w\" width=\"222\" height=\"167\" loading=\"lazy\" data-original-width=\"222\" data-original-height=\"167\" itemprop=\"http:\/\/schema.org\/image\" title=\"lyss-1100308\" alt=\"RC Event Lyss 2017\" style=\"width: 222px; height: 167px;\" \/> <\/a> <\/div> <\/div> <!-- close group --> <\/div> <!-- close row --> <div class=\"gallery-row\" style=\"width: 678px; height: 340px;\" data-original-width=\"678\" data-original-height=\"340\" > <div class=\"gallery-group images-2\" style=\"width: 226px; height: 340px;\" data-original-width=\"226\" data-original-height=\"340\" > <div class=\"tiled-gallery-item tiled-gallery-item-small\" itemprop=\"associatedMedia\" itemscope itemtype=\"http:\/\/schema.org\/ImageObject\"> <a href=\"https:\/\/i0.wp.com\/www.funktionsmodellbau.ch\/content\/wp-content\/uploads\/2017\/09\/lyss-1100317.jpg?ssl=1\" border=\"0\" itemprop=\"url\"> <meta itemprop=\"width\" content=\"222\"> <meta itemprop=\"height\" content=\"166\"> <img decoding=\"async\" class=\"\" data-attachment-id=\"8170\" data-orig-file=\"https:\/\/www.funktionsmodellbau.ch\/content\/wp-content\/uploads\/2017\/09\/lyss-1100317.jpg\" data-orig-size=\"2400,1800\" data-comments-opened=\"1\" data-image-meta=\"{&quot;aperture&quot;:&quot;6.3&quot;,&quot;credit&quot;:&quot;Fabian H\\u00fcsser&quot;,&quot;camera&quot;:&quot;DMC-GX8&quot;,&quot;caption&quot;:&quot;&quot;,&quot;created_timestamp&quot;:&quot;1503747419&quot;,&quot;copyright&quot;:&quot;Fabian H\\u00fcsser&quot;,&quot;focal_length&quot;:&quot;40&quot;,&quot;iso&quot;:&quot;200&quot;,&quot;shutter_speed&quot;:&quot;0.003125&quot;,&quot;title&quot;:&quot;&quot;,&quot;orientation&quot;:&quot;0&quot;}\" data-image-title=\"lyss-1100317\" data-image-description=\"\" data-medium-file=\"https:\/\/i0.wp.com\/www.funktionsmodellbau.ch\/content\/wp-content\/uploads\/2017\/09\/lyss-1100317.jpg?fit=300%2C225&#038;ssl=1\" data-large-file=\"https:\/\/i0.wp.com\/www.funktionsmodellbau.ch\/content\/wp-content\/uploads\/2017\/09\/lyss-1100317.jpg?fit=678%2C509&#038;ssl=1\" src=\"https:\/\/i0.wp.com\/www.funktionsmodellbau.ch\/content\/wp-content\/uploads\/2017\/09\/lyss-1100317.jpg?w=222&#038;h=166&#038;ssl=1\" srcset=\"https:\/\/i0.wp.com\/www.funktionsmodellbau.ch\/content\/wp-content\/uploads\/2017\/09\/lyss-1100317.jpg?w=2400&amp;ssl=1 2400w, https:\/\/i0.wp.com\/www.funktionsmodellbau.ch\/content\/wp-content\/uploads\/2017\/09\/lyss-1100317.jpg?resize=300%2C225&amp;ssl=1 300w, https:\/\/i0.wp.com\/www.funktionsmodellbau.ch\/content\/wp-content\/uploads\/2017\/09\/lyss-1100317.jpg?resize=768%2C576&amp;ssl=1 768w, https:\/\/i0.wp.com\/www.funktionsmodellbau.ch\/content\/wp-content\/uploads\/2017\/09\/lyss-1100317.jpg?resize=1024%2C768&amp;ssl=1 1024w, https:\/\/i0.wp.com\/www.funktionsmodellbau.ch\/content\/wp-content\/uploads\/2017\/09\/lyss-1100317.jpg?w=1356&amp;ssl=1 1356w, https:\/\/i0.wp.com\/www.funktionsmodellbau.ch\/content\/wp-content\/uploads\/2017\/09\/lyss-1100317.jpg?w=2034&amp;ssl=1 2034w\" width=\"222\" height=\"166\" loading=\"lazy\" data-original-width=\"222\" data-original-height=\"166\" itemprop=\"http:\/\/schema.org\/image\" title=\"lyss-1100317\" alt=\"RC Event Lyss 2017\" style=\"width: 222px; height: 166px;\" \/> <\/a> <\/div> <div class=\"tiled-gallery-item tiled-gallery-item-small\" itemprop=\"associatedMedia\" itemscope itemtype=\"http:\/\/schema.org\/ImageObject\"> <a href=\"https:\/\/i0.wp.com\/www.funktionsmodellbau.ch\/content\/wp-content\/uploads\/2017\/09\/lyss-1100316.jpg?ssl=1\" border=\"0\" itemprop=\"url\"> <meta itemprop=\"width\" content=\"222\"> <meta itemprop=\"height\" content=\"166\"> <img decoding=\"async\" class=\"\" data-attachment-id=\"8169\" data-orig-file=\"https:\/\/www.funktionsmodellbau.ch\/content\/wp-content\/uploads\/2017\/09\/lyss-1100316.jpg\" data-orig-size=\"2400,1800\" data-comments-opened=\"1\" data-image-meta=\"{&quot;aperture&quot;:&quot;5.6&quot;,&quot;credit&quot;:&quot;Fabian H\\u00fcsser&quot;,&quot;camera&quot;:&quot;DMC-GX8&quot;,&quot;caption&quot;:&quot;&quot;,&quot;created_timestamp&quot;:&quot;1503747390&quot;,&quot;copyright&quot;:&quot;Fabian H\\u00fcsser&quot;,&quot;focal_length&quot;:&quot;55&quot;,&quot;iso&quot;:&quot;200&quot;,&quot;shutter_speed&quot;:&quot;0.004&quot;,&quot;title&quot;:&quot;&quot;,&quot;orientation&quot;:&quot;0&quot;}\" data-image-title=\"lyss-1100316\" data-image-description=\"\" data-medium-file=\"https:\/\/i0.wp.com\/www.funktionsmodellbau.ch\/content\/wp-content\/uploads\/2017\/09\/lyss-1100316.jpg?fit=300%2C225&#038;ssl=1\" data-large-file=\"https:\/\/i0.wp.com\/www.funktionsmodellbau.ch\/content\/wp-content\/uploads\/2017\/09\/lyss-1100316.jpg?fit=678%2C509&#038;ssl=1\" src=\"https:\/\/i0.wp.com\/www.funktionsmodellbau.ch\/content\/wp-content\/uploads\/2017\/09\/lyss-1100316.jpg?w=222&#038;h=166&#038;ssl=1\" srcset=\"https:\/\/i0.wp.com\/www.funktionsmodellbau.ch\/content\/wp-content\/uploads\/2017\/09\/lyss-1100316.jpg?w=2400&amp;ssl=1 2400w, https:\/\/i0.wp.com\/www.funktionsmodellbau.ch\/content\/wp-content\/uploads\/2017\/09\/lyss-1100316.jpg?resize=300%2C225&amp;ssl=1 300w, https:\/\/i0.wp.com\/www.funktionsmodellbau.ch\/content\/wp-content\/uploads\/2017\/09\/lyss-1100316.jpg?resize=768%2C576&amp;ssl=1 768w, https:\/\/i0.wp.com\/www.funktionsmodellbau.ch\/content\/wp-content\/uploads\/2017\/09\/lyss-1100316.jpg?resize=1024%2C768&amp;ssl=1 1024w, https:\/\/i0.wp.com\/www.funktionsmodellbau.ch\/content\/wp-content\/uploads\/2017\/09\/lyss-1100316.jpg?w=1356&amp;ssl=1 1356w, https:\/\/i0.wp.com\/www.funktionsmodellbau.ch\/content\/wp-content\/uploads\/2017\/09\/lyss-1100316.jpg?w=2034&amp;ssl=1 2034w\" width=\"222\" height=\"166\" loading=\"lazy\" data-original-width=\"222\" data-original-height=\"166\" itemprop=\"http:\/\/schema.org\/image\" title=\"lyss-1100316\" alt=\"RC Event Lyss 2017\" style=\"width: 222px; height: 166px;\" \/> <\/a> <\/div> <\/div> <!-- close group --> <div class=\"gallery-group images-1\" style=\"width: 452px; height: 340px;\" data-original-width=\"452\" data-original-height=\"340\" > <div class=\"tiled-gallery-item tiled-gallery-item-large\" itemprop=\"associatedMedia\" itemscope itemtype=\"http:\/\/schema.org\/ImageObject\"> <a href=\"https:\/\/i0.wp.com\/www.funktionsmodellbau.ch\/content\/wp-content\/uploads\/2017\/09\/lyss-1100306.jpg?ssl=1\" border=\"0\" itemprop=\"url\"> <meta itemprop=\"width\" content=\"448\"> <meta itemprop=\"height\" content=\"336\"> <img decoding=\"async\" class=\"\" data-attachment-id=\"8162\" data-orig-file=\"https:\/\/www.funktionsmodellbau.ch\/content\/wp-content\/uploads\/2017\/09\/lyss-1100306.jpg\" data-orig-size=\"2400,1800\" data-comments-opened=\"1\" data-image-meta=\"{&quot;aperture&quot;:&quot;6.3&quot;,&quot;credit&quot;:&quot;Fabian H\\u00fcsser&quot;,&quot;camera&quot;:&quot;DMC-GX8&quot;,&quot;caption&quot;:&quot;&quot;,&quot;created_timestamp&quot;:&quot;1503742559&quot;,&quot;copyright&quot;:&quot;Fabian H\\u00fcsser&quot;,&quot;focal_length&quot;:&quot;37&quot;,&quot;iso&quot;:&quot;200&quot;,&quot;shutter_speed&quot;:&quot;0.004&quot;,&quot;title&quot;:&quot;&quot;,&quot;orientation&quot;:&quot;0&quot;}\" data-image-title=\"lyss-1100306\" data-image-description=\"\" data-medium-file=\"https:\/\/i0.wp.com\/www.funktionsmodellbau.ch\/content\/wp-content\/uploads\/2017\/09\/lyss-1100306.jpg?fit=300%2C225&#038;ssl=1\" data-large-file=\"https:\/\/i0.wp.com\/www.funktionsmodellbau.ch\/content\/wp-content\/uploads\/2017\/09\/lyss-1100306.jpg?fit=678%2C509&#038;ssl=1\" src=\"https:\/\/i0.wp.com\/www.funktionsmodellbau.ch\/content\/wp-content\/uploads\/2017\/09\/lyss-1100306.jpg?w=448&#038;h=336&#038;ssl=1\" srcset=\"https:\/\/i0.wp.com\/www.funktionsmodellbau.ch\/content\/wp-content\/uploads\/2017\/09\/lyss-1100306.jpg?w=2400&amp;ssl=1 2400w, https:\/\/i0.wp.com\/www.funktionsmodellbau.ch\/content\/wp-content\/uploads\/2017\/09\/lyss-1100306.jpg?resize=300%2C225&amp;ssl=1 300w, https:\/\/i0.wp.com\/www.funktionsmodellbau.ch\/content\/wp-content\/uploads\/2017\/09\/lyss-1100306.jpg?resize=768%2C576&amp;ssl=1 768w, https:\/\/i0.wp.com\/www.funktionsmodellbau.ch\/content\/wp-content\/uploads\/2017\/09\/lyss-1100306.jpg?resize=1024%2C768&amp;ssl=1 1024w, https:\/\/i0.wp.com\/www.funktionsmodellbau.ch\/content\/wp-content\/uploads\/2017\/09\/lyss-1100306.jpg?w=1356&amp;ssl=1 1356w, https:\/\/i0.wp.com\/www.funktionsmodellbau.ch\/content\/wp-content\/uploads\/2017\/09\/lyss-1100306.jpg?w=2034&amp;ssl=1 2034w\" width=\"448\" height=\"336\" loading=\"lazy\" data-original-width=\"448\" data-original-height=\"336\" itemprop=\"http:\/\/schema.org\/image\" title=\"lyss-1100306\" alt=\"RC Event Lyss 2017\" style=\"width: 448px; height: 336px;\" \/> <\/a> <\/div> <\/div> <!-- close group --> <\/div> <!-- close row --> <div class=\"gallery-row\" style=\"width: 678px; height: 255px;\" data-original-width=\"678\" data-original-height=\"255\" > <div class=\"gallery-group images-1\" style=\"width: 339px; height: 255px;\" data-original-width=\"339\" data-original-height=\"255\" > <div class=\"tiled-gallery-item tiled-gallery-item-large\" itemprop=\"associatedMedia\" itemscope itemtype=\"http:\/\/schema.org\/ImageObject\"> <a href=\"https:\/\/i0.wp.com\/www.funktionsmodellbau.ch\/content\/wp-content\/uploads\/2017\/09\/lyss-1100315.jpg?ssl=1\" border=\"0\" itemprop=\"url\"> <meta itemprop=\"width\" content=\"335\"> <meta itemprop=\"height\" content=\"251\"> <img decoding=\"async\" class=\"\" data-attachment-id=\"8168\" data-orig-file=\"https:\/\/www.funktionsmodellbau.ch\/content\/wp-content\/uploads\/2017\/09\/lyss-1100315.jpg\" data-orig-size=\"2400,1800\" data-comments-opened=\"1\" data-image-meta=\"{&quot;aperture&quot;:&quot;5.4&quot;,&quot;credit&quot;:&quot;Fabian H\\u00fcsser&quot;,&quot;camera&quot;:&quot;DMC-GX8&quot;,&quot;caption&quot;:&quot;&quot;,&quot;created_timestamp&quot;:&quot;1503746485&quot;,&quot;copyright&quot;:&quot;Fabian H\\u00fcsser&quot;,&quot;focal_length&quot;:&quot;109&quot;,&quot;iso&quot;:&quot;200&quot;,&quot;shutter_speed&quot;:&quot;0.0025&quot;,&quot;title&quot;:&quot;&quot;,&quot;orientation&quot;:&quot;0&quot;}\" data-image-title=\"lyss-1100315\" data-image-description=\"\" data-medium-file=\"https:\/\/i0.wp.com\/www.funktionsmodellbau.ch\/content\/wp-content\/uploads\/2017\/09\/lyss-1100315.jpg?fit=300%2C225&#038;ssl=1\" data-large-file=\"https:\/\/i0.wp.com\/www.funktionsmodellbau.ch\/content\/wp-content\/uploads\/2017\/09\/lyss-1100315.jpg?fit=678%2C509&#038;ssl=1\" src=\"https:\/\/i0.wp.com\/www.funktionsmodellbau.ch\/content\/wp-content\/uploads\/2017\/09\/lyss-1100315.jpg?w=335&#038;h=251&#038;ssl=1\" srcset=\"https:\/\/i0.wp.com\/www.funktionsmodellbau.ch\/content\/wp-content\/uploads\/2017\/09\/lyss-1100315.jpg?w=2400&amp;ssl=1 2400w, https:\/\/i0.wp.com\/www.funktionsmodellbau.ch\/content\/wp-content\/uploads\/2017\/09\/lyss-1100315.jpg?resize=300%2C225&amp;ssl=1 300w, https:\/\/i0.wp.com\/www.funktionsmodellbau.ch\/content\/wp-content\/uploads\/2017\/09\/lyss-1100315.jpg?resize=768%2C576&amp;ssl=1 768w, https:\/\/i0.wp.com\/www.funktionsmodellbau.ch\/content\/wp-content\/uploads\/2017\/09\/lyss-1100315.jpg?resize=1024%2C768&amp;ssl=1 1024w, https:\/\/i0.wp.com\/www.funktionsmodellbau.ch\/content\/wp-content\/uploads\/2017\/09\/lyss-1100315.jpg?w=1356&amp;ssl=1 1356w, https:\/\/i0.wp.com\/www.funktionsmodellbau.ch\/content\/wp-content\/uploads\/2017\/09\/lyss-1100315.jpg?w=2034&amp;ssl=1 2034w\" width=\"335\" height=\"251\" loading=\"lazy\" data-original-width=\"335\" data-original-height=\"251\" itemprop=\"http:\/\/schema.org\/image\" title=\"lyss-1100315\" alt=\"RC Event Lyss 2017\" style=\"width: 335px; height: 251px;\" \/> <\/a> <\/div> <\/div> <!-- close group --> <div class=\"gallery-group images-1\" style=\"width: 339px; height: 255px;\" data-original-width=\"339\" data-original-height=\"255\" > <div class=\"tiled-gallery-item tiled-gallery-item-large\" itemprop=\"associatedMedia\" itemscope itemtype=\"http:\/\/schema.org\/ImageObject\"> <a href=\"https:\/\/i0.wp.com\/www.funktionsmodellbau.ch\/content\/wp-content\/uploads\/2017\/09\/lyss-1100312.jpg?ssl=1\" border=\"0\" itemprop=\"url\"> <meta itemprop=\"width\" content=\"335\"> <meta itemprop=\"height\" content=\"251\"> <img decoding=\"async\" class=\"\" data-attachment-id=\"8166\" data-orig-file=\"https:\/\/www.funktionsmodellbau.ch\/content\/wp-content\/uploads\/2017\/09\/lyss-1100312.jpg\" data-orig-size=\"2400,1800\" data-comments-opened=\"1\" data-image-meta=\"{&quot;aperture&quot;:&quot;4.4&quot;,&quot;credit&quot;:&quot;Fabian H\\u00fcsser&quot;,&quot;camera&quot;:&quot;DMC-GX8&quot;,&quot;caption&quot;:&quot;&quot;,&quot;created_timestamp&quot;:&quot;1503746399&quot;,&quot;copyright&quot;:&quot;Fabian H\\u00fcsser&quot;,&quot;focal_length&quot;:&quot;32&quot;,&quot;iso&quot;:&quot;100&quot;,&quot;shutter_speed&quot;:&quot;0.001&quot;,&quot;title&quot;:&quot;&quot;,&quot;orientation&quot;:&quot;0&quot;}\" data-image-title=\"lyss-1100312\" data-image-description=\"\" data-medium-file=\"https:\/\/i0.wp.com\/www.funktionsmodellbau.ch\/content\/wp-content\/uploads\/2017\/09\/lyss-1100312.jpg?fit=300%2C225&#038;ssl=1\" data-large-file=\"https:\/\/i0.wp.com\/www.funktionsmodellbau.ch\/content\/wp-content\/uploads\/2017\/09\/lyss-1100312.jpg?fit=678%2C509&#038;ssl=1\" src=\"https:\/\/i0.wp.com\/www.funktionsmodellbau.ch\/content\/wp-content\/uploads\/2017\/09\/lyss-1100312.jpg?w=335&#038;h=251&#038;ssl=1\" srcset=\"https:\/\/i0.wp.com\/www.funktionsmodellbau.ch\/content\/wp-content\/uploads\/2017\/09\/lyss-1100312.jpg?w=2400&amp;ssl=1 2400w, https:\/\/i0.wp.com\/www.funktionsmodellbau.ch\/content\/wp-content\/uploads\/2017\/09\/lyss-1100312.jpg?resize=300%2C225&amp;ssl=1 300w, https:\/\/i0.wp.com\/www.funktionsmodellbau.ch\/content\/wp-content\/uploads\/2017\/09\/lyss-1100312.jpg?resize=768%2C576&amp;ssl=1 768w, https:\/\/i0.wp.com\/www.funktionsmodellbau.ch\/content\/wp-content\/uploads\/2017\/09\/lyss-1100312.jpg?resize=1024%2C768&amp;ssl=1 1024w, https:\/\/i0.wp.com\/www.funktionsmodellbau.ch\/content\/wp-content\/uploads\/2017\/09\/lyss-1100312.jpg?w=1356&amp;ssl=1 1356w, https:\/\/i0.wp.com\/www.funktionsmodellbau.ch\/content\/wp-content\/uploads\/2017\/09\/lyss-1100312.jpg?w=2034&amp;ssl=1 2034w\" width=\"335\" height=\"251\" loading=\"lazy\" data-original-width=\"335\" data-original-height=\"251\" itemprop=\"http:\/\/schema.org\/image\" title=\"lyss-1100312\" alt=\"RC Event Lyss 2017\" style=\"width: 335px; height: 251px;\" \/> <\/a> <\/div> <\/div> <!-- close group --> <\/div> <!-- close row --> <div class=\"gallery-row\" style=\"width: 678px; height: 340px;\" data-original-width=\"678\" data-original-height=\"340\" > <div class=\"gallery-group images-1\" style=\"width: 452px; height: 340px;\" data-original-width=\"452\" data-original-height=\"340\" > <div class=\"tiled-gallery-item tiled-gallery-item-large\" itemprop=\"associatedMedia\" itemscope itemtype=\"http:\/\/schema.org\/ImageObject\"> <a href=\"https:\/\/i0.wp.com\/www.funktionsmodellbau.ch\/content\/wp-content\/uploads\/2017\/09\/lyss-1100313.jpg?ssl=1\" border=\"0\" itemprop=\"url\"> <meta itemprop=\"width\" content=\"448\"> <meta itemprop=\"height\" content=\"336\"> <img decoding=\"async\" class=\"\" data-attachment-id=\"8167\" data-orig-file=\"https:\/\/www.funktionsmodellbau.ch\/content\/wp-content\/uploads\/2017\/09\/lyss-1100313.jpg\" data-orig-size=\"2400,1800\" data-comments-opened=\"1\" data-image-meta=\"{&quot;aperture&quot;:&quot;8&quot;,&quot;credit&quot;:&quot;Fabian H\\u00fcsser&quot;,&quot;camera&quot;:&quot;DMC-GX8&quot;,&quot;caption&quot;:&quot;&quot;,&quot;created_timestamp&quot;:&quot;1503746449&quot;,&quot;copyright&quot;:&quot;Fabian H\\u00fcsser&quot;,&quot;focal_length&quot;:&quot;46&quot;,&quot;iso&quot;:&quot;200&quot;,&quot;shutter_speed&quot;:&quot;0.0025&quot;,&quot;title&quot;:&quot;&quot;,&quot;orientation&quot;:&quot;0&quot;}\" data-image-title=\"lyss-1100313\" data-image-description=\"\" data-medium-file=\"https:\/\/i0.wp.com\/www.funktionsmodellbau.ch\/content\/wp-content\/uploads\/2017\/09\/lyss-1100313.jpg?fit=300%2C225&#038;ssl=1\" data-large-file=\"https:\/\/i0.wp.com\/www.funktionsmodellbau.ch\/content\/wp-content\/uploads\/2017\/09\/lyss-1100313.jpg?fit=678%2C509&#038;ssl=1\" src=\"https:\/\/i0.wp.com\/www.funktionsmodellbau.ch\/content\/wp-content\/uploads\/2017\/09\/lyss-1100313.jpg?w=448&#038;h=336&#038;ssl=1\" srcset=\"https:\/\/i0.wp.com\/www.funktionsmodellbau.ch\/content\/wp-content\/uploads\/2017\/09\/lyss-1100313.jpg?w=2400&amp;ssl=1 2400w, https:\/\/i0.wp.com\/www.funktionsmodellbau.ch\/content\/wp-content\/uploads\/2017\/09\/lyss-1100313.jpg?resize=300%2C225&amp;ssl=1 300w, https:\/\/i0.wp.com\/www.funktionsmodellbau.ch\/content\/wp-content\/uploads\/2017\/09\/lyss-1100313.jpg?resize=768%2C576&amp;ssl=1 768w, https:\/\/i0.wp.com\/www.funktionsmodellbau.ch\/content\/wp-content\/uploads\/2017\/09\/lyss-1100313.jpg?resize=1024%2C768&amp;ssl=1 1024w, https:\/\/i0.wp.com\/www.funktionsmodellbau.ch\/content\/wp-content\/uploads\/2017\/09\/lyss-1100313.jpg?w=1356&amp;ssl=1 1356w, https:\/\/i0.wp.com\/www.funktionsmodellbau.ch\/content\/wp-content\/uploads\/2017\/09\/lyss-1100313.jpg?w=2034&amp;ssl=1 2034w\" width=\"448\" height=\"336\" loading=\"lazy\" data-original-width=\"448\" data-original-height=\"336\" itemprop=\"http:\/\/schema.org\/image\" title=\"lyss-1100313\" alt=\"RC Event Lyss 2017\" style=\"width: 448px; height: 336px;\" \/> <\/a> <\/div> <\/div> <!-- close group --> <div class=\"gallery-group images-2\" style=\"width: 226px; height: 340px;\" data-original-width=\"226\" data-original-height=\"340\" > <div class=\"tiled-gallery-item tiled-gallery-item-small\" itemprop=\"associatedMedia\" itemscope itemtype=\"http:\/\/schema.org\/ImageObject\"> <a href=\"https:\/\/i0.wp.com\/www.funktionsmodellbau.ch\/content\/wp-content\/uploads\/2017\/09\/lyss-1100304.jpg?ssl=1\" border=\"0\" itemprop=\"url\"> <meta itemprop=\"width\" content=\"222\"> <meta itemprop=\"height\" content=\"166\"> <img decoding=\"async\" class=\"\" data-attachment-id=\"8161\" data-orig-file=\"https:\/\/www.funktionsmodellbau.ch\/content\/wp-content\/uploads\/2017\/09\/lyss-1100304.jpg\" data-orig-size=\"2400,1800\" data-comments-opened=\"1\" data-image-meta=\"{&quot;aperture&quot;:&quot;6.3&quot;,&quot;credit&quot;:&quot;Fabian H\\u00fcsser&quot;,&quot;camera&quot;:&quot;DMC-GX8&quot;,&quot;caption&quot;:&quot;&quot;,&quot;created_timestamp&quot;:&quot;1503742531&quot;,&quot;copyright&quot;:&quot;Fabian H\\u00fcsser&quot;,&quot;focal_length&quot;:&quot;32&quot;,&quot;iso&quot;:&quot;200&quot;,&quot;shutter_speed&quot;:&quot;0.004&quot;,&quot;title&quot;:&quot;&quot;,&quot;orientation&quot;:&quot;0&quot;}\" data-image-title=\"lyss-1100304\" data-image-description=\"\" data-medium-file=\"https:\/\/i0.wp.com\/www.funktionsmodellbau.ch\/content\/wp-content\/uploads\/2017\/09\/lyss-1100304.jpg?fit=300%2C225&#038;ssl=1\" data-large-file=\"https:\/\/i0.wp.com\/www.funktionsmodellbau.ch\/content\/wp-content\/uploads\/2017\/09\/lyss-1100304.jpg?fit=678%2C509&#038;ssl=1\" src=\"https:\/\/i0.wp.com\/www.funktionsmodellbau.ch\/content\/wp-content\/uploads\/2017\/09\/lyss-1100304.jpg?w=222&#038;h=166&#038;ssl=1\" srcset=\"https:\/\/i0.wp.com\/www.funktionsmodellbau.ch\/content\/wp-content\/uploads\/2017\/09\/lyss-1100304.jpg?w=2400&amp;ssl=1 2400w, https:\/\/i0.wp.com\/www.funktionsmodellbau.ch\/content\/wp-content\/uploads\/2017\/09\/lyss-1100304.jpg?resize=300%2C225&amp;ssl=1 300w, https:\/\/i0.wp.com\/www.funktionsmodellbau.ch\/content\/wp-content\/uploads\/2017\/09\/lyss-1100304.jpg?resize=768%2C576&amp;ssl=1 768w, https:\/\/i0.wp.com\/www.funktionsmodellbau.ch\/content\/wp-content\/uploads\/2017\/09\/lyss-1100304.jpg?resize=1024%2C768&amp;ssl=1 1024w, https:\/\/i0.wp.com\/www.funktionsmodellbau.ch\/content\/wp-content\/uploads\/2017\/09\/lyss-1100304.jpg?w=1356&amp;ssl=1 1356w, https:\/\/i0.wp.com\/www.funktionsmodellbau.ch\/content\/wp-content\/uploads\/2017\/09\/lyss-1100304.jpg?w=2034&amp;ssl=1 2034w\" width=\"222\" height=\"166\" loading=\"lazy\" data-original-width=\"222\" data-original-height=\"166\" itemprop=\"http:\/\/schema.org\/image\" title=\"lyss-1100304\" alt=\"RC Event Lyss 2017\" style=\"width: 222px; height: 166px;\" \/> <\/a> <\/div> <div class=\"tiled-gallery-item tiled-gallery-item-small\" itemprop=\"associatedMedia\" itemscope itemtype=\"http:\/\/schema.org\/ImageObject\"> <a href=\"https:\/\/i0.wp.com\/www.funktionsmodellbau.ch\/content\/wp-content\/uploads\/2017\/09\/lyss-1100318.jpg?ssl=1\" border=\"0\" itemprop=\"url\"> <meta itemprop=\"width\" content=\"222\"> <meta itemprop=\"height\" content=\"166\"> <img decoding=\"async\" class=\"\" data-attachment-id=\"8171\" data-orig-file=\"https:\/\/www.funktionsmodellbau.ch\/content\/wp-content\/uploads\/2017\/09\/lyss-1100318.jpg\" data-orig-size=\"2400,1799\" data-comments-opened=\"1\" data-image-meta=\"{&quot;aperture&quot;:&quot;7.1&quot;,&quot;credit&quot;:&quot;Fabian H\\u00fcsser&quot;,&quot;camera&quot;:&quot;DMC-GX8&quot;,&quot;caption&quot;:&quot;&quot;,&quot;created_timestamp&quot;:&quot;1503747788&quot;,&quot;copyright&quot;:&quot;Fabian H\\u00fcsser&quot;,&quot;focal_length&quot;:&quot;88&quot;,&quot;iso&quot;:&quot;200&quot;,&quot;shutter_speed&quot;:&quot;0.0015625&quot;,&quot;title&quot;:&quot;&quot;,&quot;orientation&quot;:&quot;0&quot;}\" data-image-title=\"lyss-1100318\" data-image-description=\"\" data-medium-file=\"https:\/\/i0.wp.com\/www.funktionsmodellbau.ch\/content\/wp-content\/uploads\/2017\/09\/lyss-1100318.jpg?fit=300%2C225&#038;ssl=1\" data-large-file=\"https:\/\/i0.wp.com\/www.funktionsmodellbau.ch\/content\/wp-content\/uploads\/2017\/09\/lyss-1100318.jpg?fit=678%2C509&#038;ssl=1\" src=\"https:\/\/i0.wp.com\/www.funktionsmodellbau.ch\/content\/wp-content\/uploads\/2017\/09\/lyss-1100318.jpg?w=222&#038;h=166&#038;ssl=1\" srcset=\"https:\/\/i0.wp.com\/www.funktionsmodellbau.ch\/content\/wp-content\/uploads\/2017\/09\/lyss-1100318.jpg?w=2400&amp;ssl=1 2400w, https:\/\/i0.wp.com\/www.funktionsmodellbau.ch\/content\/wp-content\/uploads\/2017\/09\/lyss-1100318.jpg?resize=300%2C225&amp;ssl=1 300w, https:\/\/i0.wp.com\/www.funktionsmodellbau.ch\/content\/wp-content\/uploads\/2017\/09\/lyss-1100318.jpg?resize=768%2C576&amp;ssl=1 768w, https:\/\/i0.wp.com\/www.funktionsmodellbau.ch\/content\/wp-content\/uploads\/2017\/09\/lyss-1100318.jpg?resize=1024%2C768&amp;ssl=1 1024w, https:\/\/i0.wp.com\/www.funktionsmodellbau.ch\/content\/wp-content\/uploads\/2017\/09\/lyss-1100318.jpg?w=1356&amp;ssl=1 1356w, https:\/\/i0.wp.com\/www.funktionsmodellbau.ch\/content\/wp-content\/uploads\/2017\/09\/lyss-1100318.jpg?w=2034&amp;ssl=1 2034w\" width=\"222\" height=\"166\" loading=\"lazy\" data-original-width=\"222\" data-original-height=\"166\" itemprop=\"http:\/\/schema.org\/image\" title=\"lyss-1100318\" alt=\"RC Event Lyss 2017\" style=\"width: 222px; height: 166px;\" \/> <\/a> <\/div> <\/div> <!-- close group --> <\/div> <!-- close row --> <div class=\"gallery-row\" style=\"width: 678px; height: 171px;\" data-original-width=\"678\" data-original-height=\"171\" > <div class=\"gallery-group images-1\" style=\"width: 226px; height: 171px;\" data-original-width=\"226\" data-original-height=\"171\" > <div class=\"tiled-gallery-item tiled-gallery-item-small\" itemprop=\"associatedMedia\" itemscope itemtype=\"http:\/\/schema.org\/ImageObject\"> <a href=\"https:\/\/i0.wp.com\/www.funktionsmodellbau.ch\/content\/wp-content\/uploads\/2017\/09\/lyss-1100321.jpg?ssl=1\" border=\"0\" itemprop=\"url\"> <meta itemprop=\"width\" content=\"222\"> <meta itemprop=\"height\" content=\"167\"> <img decoding=\"async\" class=\"\" data-attachment-id=\"8172\" data-orig-file=\"https:\/\/www.funktionsmodellbau.ch\/content\/wp-content\/uploads\/2017\/09\/lyss-1100321.jpg\" data-orig-size=\"2400,1800\" data-comments-opened=\"1\" data-image-meta=\"{&quot;aperture&quot;:&quot;6.3&quot;,&quot;credit&quot;:&quot;Fabian H\\u00fcsser&quot;,&quot;camera&quot;:&quot;DMC-GX8&quot;,&quot;caption&quot;:&quot;&quot;,&quot;created_timestamp&quot;:&quot;1503747803&quot;,&quot;copyright&quot;:&quot;Fabian H\\u00fcsser&quot;,&quot;focal_length&quot;:&quot;84&quot;,&quot;iso&quot;:&quot;200&quot;,&quot;shutter_speed&quot;:&quot;0.002&quot;,&quot;title&quot;:&quot;&quot;,&quot;orientation&quot;:&quot;0&quot;}\" data-image-title=\"lyss-1100321\" data-image-description=\"\" data-medium-file=\"https:\/\/i0.wp.com\/www.funktionsmodellbau.ch\/content\/wp-content\/uploads\/2017\/09\/lyss-1100321.jpg?fit=300%2C225&#038;ssl=1\" data-large-file=\"https:\/\/i0.wp.com\/www.funktionsmodellbau.ch\/content\/wp-content\/uploads\/2017\/09\/lyss-1100321.jpg?fit=678%2C509&#038;ssl=1\" src=\"https:\/\/i0.wp.com\/www.funktionsmodellbau.ch\/content\/wp-content\/uploads\/2017\/09\/lyss-1100321.jpg?w=222&#038;h=167&#038;ssl=1\" srcset=\"https:\/\/i0.wp.com\/www.funktionsmodellbau.ch\/content\/wp-content\/uploads\/2017\/09\/lyss-1100321.jpg?w=2400&amp;ssl=1 2400w, https:\/\/i0.wp.com\/www.funktionsmodellbau.ch\/content\/wp-content\/uploads\/2017\/09\/lyss-1100321.jpg?resize=300%2C225&amp;ssl=1 300w, https:\/\/i0.wp.com\/www.funktionsmodellbau.ch\/content\/wp-content\/uploads\/2017\/09\/lyss-1100321.jpg?resize=768%2C576&amp;ssl=1 768w, https:\/\/i0.wp.com\/www.funktionsmodellbau.ch\/content\/wp-content\/uploads\/2017\/09\/lyss-1100321.jpg?resize=1024%2C768&amp;ssl=1 1024w, https:\/\/i0.wp.com\/www.funktionsmodellbau.ch\/content\/wp-content\/uploads\/2017\/09\/lyss-1100321.jpg?w=1356&amp;ssl=1 1356w, https:\/\/i0.wp.com\/www.funktionsmodellbau.ch\/content\/wp-content\/uploads\/2017\/09\/lyss-1100321.jpg?w=2034&amp;ssl=1 2034w\" width=\"222\" height=\"167\" loading=\"lazy\" data-original-width=\"222\" data-original-height=\"167\" itemprop=\"http:\/\/schema.org\/image\" title=\"lyss-1100321\" alt=\"RC Event Lyss 2017\" style=\"width: 222px; height: 167px;\" \/> <\/a> <\/div> <\/div> <!-- close group --> <div class=\"gallery-group images-1\" style=\"width: 226px; height: 171px;\" data-original-width=\"226\" data-original-height=\"171\" > <div class=\"tiled-gallery-item tiled-gallery-item-small\" itemprop=\"associatedMedia\" itemscope itemtype=\"http:\/\/schema.org\/ImageObject\"> <a href=\"https:\/\/i0.wp.com\/www.funktionsmodellbau.ch\/content\/wp-content\/uploads\/2017\/09\/lyss-1100335.jpg?ssl=1\" border=\"0\" itemprop=\"url\"> <meta itemprop=\"width\" content=\"222\"> <meta itemprop=\"height\" content=\"167\"> <img decoding=\"async\" class=\"\" data-attachment-id=\"8180\" data-orig-file=\"https:\/\/www.funktionsmodellbau.ch\/content\/wp-content\/uploads\/2017\/09\/lyss-1100335.jpg\" data-orig-size=\"2400,1800\" data-comments-opened=\"1\" data-image-meta=\"{&quot;aperture&quot;:&quot;7.1&quot;,&quot;credit&quot;:&quot;Fabian H\\u00fcsser&quot;,&quot;camera&quot;:&quot;DMC-GX8&quot;,&quot;caption&quot;:&quot;&quot;,&quot;created_timestamp&quot;:&quot;1503752874&quot;,&quot;copyright&quot;:&quot;Fabian H\\u00fcsser&quot;,&quot;focal_length&quot;:&quot;40&quot;,&quot;iso&quot;:&quot;200&quot;,&quot;shutter_speed&quot;:&quot;0.0025&quot;,&quot;title&quot;:&quot;&quot;,&quot;orientation&quot;:&quot;0&quot;}\" data-image-title=\"lyss-1100335\" data-image-description=\"\" data-medium-file=\"https:\/\/i0.wp.com\/www.funktionsmodellbau.ch\/content\/wp-content\/uploads\/2017\/09\/lyss-1100335.jpg?fit=300%2C225&#038;ssl=1\" data-large-file=\"https:\/\/i0.wp.com\/www.funktionsmodellbau.ch\/content\/wp-content\/uploads\/2017\/09\/lyss-1100335.jpg?fit=678%2C509&#038;ssl=1\" src=\"https:\/\/i0.wp.com\/www.funktionsmodellbau.ch\/content\/wp-content\/uploads\/2017\/09\/lyss-1100335.jpg?w=222&#038;h=167&#038;ssl=1\" srcset=\"https:\/\/i0.wp.com\/www.funktionsmodellbau.ch\/content\/wp-content\/uploads\/2017\/09\/lyss-1100335.jpg?w=2400&amp;ssl=1 2400w, https:\/\/i0.wp.com\/www.funktionsmodellbau.ch\/content\/wp-content\/uploads\/2017\/09\/lyss-1100335.jpg?resize=300%2C225&amp;ssl=1 300w, https:\/\/i0.wp.com\/www.funktionsmodellbau.ch\/content\/wp-content\/uploads\/2017\/09\/lyss-1100335.jpg?resize=768%2C576&amp;ssl=1 768w, https:\/\/i0.wp.com\/www.funktionsmodellbau.ch\/content\/wp-content\/uploads\/2017\/09\/lyss-1100335.jpg?resize=1024%2C768&amp;ssl=1 1024w, https:\/\/i0.wp.com\/www.funktionsmodellbau.ch\/content\/wp-content\/uploads\/2017\/09\/lyss-1100335.jpg?w=1356&amp;ssl=1 1356w, https:\/\/i0.wp.com\/www.funktionsmodellbau.ch\/content\/wp-content\/uploads\/2017\/09\/lyss-1100335.jpg?w=2034&amp;ssl=1 2034w\" width=\"222\" height=\"167\" loading=\"lazy\" data-original-width=\"222\" data-original-height=\"167\" itemprop=\"http:\/\/schema.org\/image\" title=\"lyss-1100335\" alt=\"RC Event Lyss 2017\" style=\"width: 222px; height: 167px;\" \/> <\/a> <\/div> <\/div> <!-- close group --> <div class=\"gallery-group images-1\" style=\"width: 226px; height: 171px;\" data-original-width=\"226\" data-original-height=\"171\" > <div class=\"tiled-gallery-item tiled-gallery-item-small\" itemprop=\"associatedMedia\" itemscope itemtype=\"http:\/\/schema.org\/ImageObject\"> <a href=\"https:\/\/i0.wp.com\/www.funktionsmodellbau.ch\/content\/wp-content\/uploads\/2017\/09\/lyss-1100331.jpg?ssl=1\" border=\"0\" itemprop=\"url\"> <meta itemprop=\"width\" content=\"222\"> <meta itemprop=\"height\" content=\"167\"> <img decoding=\"async\" class=\"\" data-attachment-id=\"8179\" data-orig-file=\"https:\/\/www.funktionsmodellbau.ch\/content\/wp-content\/uploads\/2017\/09\/lyss-1100331.jpg\" data-orig-size=\"2400,1800\" data-comments-opened=\"1\" data-image-meta=\"{&quot;aperture&quot;:&quot;7.1&quot;,&quot;credit&quot;:&quot;Fabian H\\u00fcsser&quot;,&quot;camera&quot;:&quot;DMC-GX8&quot;,&quot;caption&quot;:&quot;&quot;,&quot;created_timestamp&quot;:&quot;1503752780&quot;,&quot;copyright&quot;:&quot;Fabian H\\u00fcsser&quot;,&quot;focal_length&quot;:&quot;46&quot;,&quot;iso&quot;:&quot;200&quot;,&quot;shutter_speed&quot;:&quot;0.003125&quot;,&quot;title&quot;:&quot;&quot;,&quot;orientation&quot;:&quot;0&quot;}\" data-image-title=\"lyss-1100331\" data-image-description=\"\" data-medium-file=\"https:\/\/i0.wp.com\/www.funktionsmodellbau.ch\/content\/wp-content\/uploads\/2017\/09\/lyss-1100331.jpg?fit=300%2C225&#038;ssl=1\" data-large-file=\"https:\/\/i0.wp.com\/www.funktionsmodellbau.ch\/content\/wp-content\/uploads\/2017\/09\/lyss-1100331.jpg?fit=678%2C509&#038;ssl=1\" src=\"https:\/\/i0.wp.com\/www.funktionsmodellbau.ch\/content\/wp-content\/uploads\/2017\/09\/lyss-1100331.jpg?w=222&#038;h=167&#038;ssl=1\" srcset=\"https:\/\/i0.wp.com\/www.funktionsmodellbau.ch\/content\/wp-content\/uploads\/2017\/09\/lyss-1100331.jpg?w=2400&amp;ssl=1 2400w, https:\/\/i0.wp.com\/www.funktionsmodellbau.ch\/content\/wp-content\/uploads\/2017\/09\/lyss-1100331.jpg?resize=300%2C225&amp;ssl=1 300w, https:\/\/i0.wp.com\/www.funktionsmodellbau.ch\/content\/wp-content\/uploads\/2017\/09\/lyss-1100331.jpg?resize=768%2C576&amp;ssl=1 768w, https:\/\/i0.wp.com\/www.funktionsmodellbau.ch\/content\/wp-content\/uploads\/2017\/09\/lyss-1100331.jpg?resize=1024%2C768&amp;ssl=1 1024w, https:\/\/i0.wp.com\/www.funktionsmodellbau.ch\/content\/wp-content\/uploads\/2017\/09\/lyss-1100331.jpg?w=1356&amp;ssl=1 1356w, https:\/\/i0.wp.com\/www.funktionsmodellbau.ch\/content\/wp-content\/uploads\/2017\/09\/lyss-1100331.jpg?w=2034&amp;ssl=1 2034w\" width=\"222\" height=\"167\" loading=\"lazy\" data-original-width=\"222\" data-original-height=\"167\" itemprop=\"http:\/\/schema.org\/image\" title=\"lyss-1100331\" alt=\"RC Event Lyss 2017\" style=\"width: 222px; height: 167px;\" \/> <\/a> <\/div> <\/div> <!-- close group --> <\/div> <!-- close row --> <div class=\"gallery-row\" style=\"width: 678px; height: 340px;\" data-original-width=\"678\" data-original-height=\"340\" > <div class=\"gallery-group images-2\" style=\"width: 226px; height: 340px;\" data-original-width=\"226\" data-original-height=\"340\" > <div class=\"tiled-gallery-item tiled-gallery-item-small\" itemprop=\"associatedMedia\" itemscope itemtype=\"http:\/\/schema.org\/ImageObject\"> <a href=\"https:\/\/i0.wp.com\/www.funktionsmodellbau.ch\/content\/wp-content\/uploads\/2017\/09\/lyss-1100330.jpg?ssl=1\" border=\"0\" itemprop=\"url\"> <meta itemprop=\"width\" content=\"222\"> <meta itemprop=\"height\" content=\"166\"> <img decoding=\"async\" class=\"\" data-attachment-id=\"8178\" data-orig-file=\"https:\/\/www.funktionsmodellbau.ch\/content\/wp-content\/uploads\/2017\/09\/lyss-1100330.jpg\" data-orig-size=\"2400,1800\" data-comments-opened=\"1\" data-image-meta=\"{&quot;aperture&quot;:&quot;7.1&quot;,&quot;credit&quot;:&quot;Fabian H\\u00fcsser&quot;,&quot;camera&quot;:&quot;DMC-GX8&quot;,&quot;caption&quot;:&quot;&quot;,&quot;created_timestamp&quot;:&quot;1503752777&quot;,&quot;copyright&quot;:&quot;Fabian H\\u00fcsser&quot;,&quot;focal_length&quot;:&quot;46&quot;,&quot;iso&quot;:&quot;200&quot;,&quot;shutter_speed&quot;:&quot;0.003125&quot;,&quot;title&quot;:&quot;&quot;,&quot;orientation&quot;:&quot;0&quot;}\" data-image-title=\"lyss-1100330\" data-image-description=\"\" data-medium-file=\"https:\/\/i0.wp.com\/www.funktionsmodellbau.ch\/content\/wp-content\/uploads\/2017\/09\/lyss-1100330.jpg?fit=300%2C225&#038;ssl=1\" data-large-file=\"https:\/\/i0.wp.com\/www.funktionsmodellbau.ch\/content\/wp-content\/uploads\/2017\/09\/lyss-1100330.jpg?fit=678%2C509&#038;ssl=1\" src=\"https:\/\/i0.wp.com\/www.funktionsmodellbau.ch\/content\/wp-content\/uploads\/2017\/09\/lyss-1100330.jpg?w=222&#038;h=166&#038;ssl=1\" srcset=\"https:\/\/i0.wp.com\/www.funktionsmodellbau.ch\/content\/wp-content\/uploads\/2017\/09\/lyss-1100330.jpg?w=2400&amp;ssl=1 2400w, https:\/\/i0.wp.com\/www.funktionsmodellbau.ch\/content\/wp-content\/uploads\/2017\/09\/lyss-1100330.jpg?resize=300%2C225&amp;ssl=1 300w, https:\/\/i0.wp.com\/www.funktionsmodellbau.ch\/content\/wp-content\/uploads\/2017\/09\/lyss-1100330.jpg?resize=768%2C576&amp;ssl=1 768w, https:\/\/i0.wp.com\/www.funktionsmodellbau.ch\/content\/wp-content\/uploads\/2017\/09\/lyss-1100330.jpg?resize=1024%2C768&amp;ssl=1 1024w, https:\/\/i0.wp.com\/www.funktionsmodellbau.ch\/content\/wp-content\/uploads\/2017\/09\/lyss-1100330.jpg?w=1356&amp;ssl=1 1356w, https:\/\/i0.wp.com\/www.funktionsmodellbau.ch\/content\/wp-content\/uploads\/2017\/09\/lyss-1100330.jpg?w=2034&amp;ssl=1 2034w\" width=\"222\" height=\"166\" loading=\"lazy\" data-original-width=\"222\" data-original-height=\"166\" itemprop=\"http:\/\/schema.org\/image\" title=\"lyss-1100330\" alt=\"RC Event Lyss 2017\" style=\"width: 222px; height: 166px;\" \/> <\/a> <\/div> <div class=\"tiled-gallery-item tiled-gallery-item-small\" itemprop=\"associatedMedia\" itemscope itemtype=\"http:\/\/schema.org\/ImageObject\"> <a href=\"https:\/\/i0.wp.com\/www.funktionsmodellbau.ch\/content\/wp-content\/uploads\/2017\/09\/lyss-1100324.jpg?ssl=1\" border=\"0\" itemprop=\"url\"> <meta itemprop=\"width\" content=\"222\"> <meta itemprop=\"height\" content=\"166\"> <img decoding=\"async\" class=\"\" data-attachment-id=\"8175\" data-orig-file=\"https:\/\/www.funktionsmodellbau.ch\/content\/wp-content\/uploads\/2017\/09\/lyss-1100324.jpg\" data-orig-size=\"2400,1800\" data-comments-opened=\"1\" data-image-meta=\"{&quot;aperture&quot;:&quot;6.3&quot;,&quot;credit&quot;:&quot;Fabian H\\u00fcsser&quot;,&quot;camera&quot;:&quot;DMC-GX8&quot;,&quot;caption&quot;:&quot;&quot;,&quot;created_timestamp&quot;:&quot;1503749929&quot;,&quot;copyright&quot;:&quot;Fabian H\\u00fcsser&quot;,&quot;focal_length&quot;:&quot;140&quot;,&quot;iso&quot;:&quot;200&quot;,&quot;shutter_speed&quot;:&quot;0.0015625&quot;,&quot;title&quot;:&quot;&quot;,&quot;orientation&quot;:&quot;0&quot;}\" data-image-title=\"lyss-1100324\" data-image-description=\"\" data-medium-file=\"https:\/\/i0.wp.com\/www.funktionsmodellbau.ch\/content\/wp-content\/uploads\/2017\/09\/lyss-1100324.jpg?fit=300%2C225&#038;ssl=1\" data-large-file=\"https:\/\/i0.wp.com\/www.funktionsmodellbau.ch\/content\/wp-content\/uploads\/2017\/09\/lyss-1100324.jpg?fit=678%2C509&#038;ssl=1\" src=\"https:\/\/i0.wp.com\/www.funktionsmodellbau.ch\/content\/wp-content\/uploads\/2017\/09\/lyss-1100324.jpg?w=222&#038;h=166&#038;ssl=1\" srcset=\"https:\/\/i0.wp.com\/www.funktionsmodellbau.ch\/content\/wp-content\/uploads\/2017\/09\/lyss-1100324.jpg?w=2400&amp;ssl=1 2400w, https:\/\/i0.wp.com\/www.funktionsmodellbau.ch\/content\/wp-content\/uploads\/2017\/09\/lyss-1100324.jpg?resize=300%2C225&amp;ssl=1 300w, https:\/\/i0.wp.com\/www.funktionsmodellbau.ch\/content\/wp-content\/uploads\/2017\/09\/lyss-1100324.jpg?resize=768%2C576&amp;ssl=1 768w, https:\/\/i0.wp.com\/www.funktionsmodellbau.ch\/content\/wp-content\/uploads\/2017\/09\/lyss-1100324.jpg?resize=1024%2C768&amp;ssl=1 1024w, https:\/\/i0.wp.com\/www.funktionsmodellbau.ch\/content\/wp-content\/uploads\/2017\/09\/lyss-1100324.jpg?w=1356&amp;ssl=1 1356w, https:\/\/i0.wp.com\/www.funktionsmodellbau.ch\/content\/wp-content\/uploads\/2017\/09\/lyss-1100324.jpg?w=2034&amp;ssl=1 2034w\" width=\"222\" height=\"166\" loading=\"lazy\" data-original-width=\"222\" data-original-height=\"166\" itemprop=\"http:\/\/schema.org\/image\" title=\"lyss-1100324\" alt=\"lyss-1100324\" style=\"width: 222px; height: 166px;\" \/> <\/a> <\/div> <\/div> <!-- close group --> <div class=\"gallery-group images-1\" style=\"width: 452px; height: 340px;\" data-original-width=\"452\" data-original-height=\"340\" > <div class=\"tiled-gallery-item tiled-gallery-item-large\" itemprop=\"associatedMedia\" itemscope itemtype=\"http:\/\/schema.org\/ImageObject\"> <a href=\"https:\/\/i0.wp.com\/www.funktionsmodellbau.ch\/content\/wp-content\/uploads\/2017\/09\/lyss-1100325.jpg?ssl=1\" border=\"0\" itemprop=\"url\"> <meta itemprop=\"width\" content=\"448\"> <meta itemprop=\"height\" content=\"336\"> <img decoding=\"async\" class=\"\" data-attachment-id=\"8176\" data-orig-file=\"https:\/\/www.funktionsmodellbau.ch\/content\/wp-content\/uploads\/2017\/09\/lyss-1100325.jpg\" data-orig-size=\"2400,1800\" data-comments-opened=\"1\" data-image-meta=\"{&quot;aperture&quot;:&quot;6.3&quot;,&quot;credit&quot;:&quot;Fabian H\\u00fcsser&quot;,&quot;camera&quot;:&quot;DMC-GX8&quot;,&quot;caption&quot;:&quot;&quot;,&quot;created_timestamp&quot;:&quot;1503749930&quot;,&quot;copyright&quot;:&quot;Fabian H\\u00fcsser&quot;,&quot;focal_length&quot;:&quot;140&quot;,&quot;iso&quot;:&quot;200&quot;,&quot;shutter_speed&quot;:&quot;0.00125&quot;,&quot;title&quot;:&quot;&quot;,&quot;orientation&quot;:&quot;0&quot;}\" data-image-title=\"lyss-1100325\" data-image-description=\"\" data-medium-file=\"https:\/\/i0.wp.com\/www.funktionsmodellbau.ch\/content\/wp-content\/uploads\/2017\/09\/lyss-1100325.jpg?fit=300%2C225&#038;ssl=1\" data-large-file=\"https:\/\/i0.wp.com\/www.funktionsmodellbau.ch\/content\/wp-content\/uploads\/2017\/09\/lyss-1100325.jpg?fit=678%2C509&#038;ssl=1\" src=\"https:\/\/i0.wp.com\/www.funktionsmodellbau.ch\/content\/wp-content\/uploads\/2017\/09\/lyss-1100325.jpg?w=448&#038;h=336&#038;ssl=1\" srcset=\"https:\/\/i0.wp.com\/www.funktionsmodellbau.ch\/content\/wp-content\/uploads\/2017\/09\/lyss-1100325.jpg?w=2400&amp;ssl=1 2400w, https:\/\/i0.wp.com\/www.funktionsmodellbau.ch\/content\/wp-content\/uploads\/2017\/09\/lyss-1100325.jpg?resize=300%2C225&amp;ssl=1 300w, https:\/\/i0.wp.com\/www.funktionsmodellbau.ch\/content\/wp-content\/uploads\/2017\/09\/lyss-1100325.jpg?resize=768%2C576&amp;ssl=1 768w, https:\/\/i0.wp.com\/www.funktionsmodellbau.ch\/content\/wp-content\/uploads\/2017\/09\/lyss-1100325.jpg?resize=1024%2C768&amp;ssl=1 1024w, https:\/\/i0.wp.com\/www.funktionsmodellbau.ch\/content\/wp-content\/uploads\/2017\/09\/lyss-1100325.jpg?w=1356&amp;ssl=1 1356w, https:\/\/i0.wp.com\/www.funktionsmodellbau.ch\/content\/wp-content\/uploads\/2017\/09\/lyss-1100325.jpg?w=2034&amp;ssl=1 2034w\" width=\"448\" height=\"336\" loading=\"lazy\" data-original-width=\"448\" data-original-height=\"336\" itemprop=\"http:\/\/schema.org\/image\" title=\"lyss-1100325\" alt=\"RC Event Lyss 2017\" style=\"width: 448px; height: 336px;\" \/> <\/a> <\/div> <\/div> <!-- close group --> <\/div> <!-- close row --> <div class=\"gallery-row\" style=\"width: 678px; height: 255px;\" data-original-width=\"678\" data-original-height=\"255\" > <div class=\"gallery-group images-1\" style=\"width: 339px; height: 255px;\" data-original-width=\"339\" data-original-height=\"255\" > <div class=\"tiled-gallery-item tiled-gallery-item-large\" itemprop=\"associatedMedia\" itemscope itemtype=\"http:\/\/schema.org\/ImageObject\"> <a href=\"https:\/\/i0.wp.com\/www.funktionsmodellbau.ch\/content\/wp-content\/uploads\/2017\/09\/lyss-1100327.jpg?ssl=1\" border=\"0\" itemprop=\"url\"> <meta itemprop=\"width\" content=\"335\"> <meta itemprop=\"height\" content=\"251\"> <img decoding=\"async\" class=\"\" data-attachment-id=\"8177\" data-orig-file=\"https:\/\/www.funktionsmodellbau.ch\/content\/wp-content\/uploads\/2017\/09\/lyss-1100327.jpg\" data-orig-size=\"2400,1800\" data-comments-opened=\"1\" data-image-meta=\"{&quot;aperture&quot;:&quot;6.3&quot;,&quot;credit&quot;:&quot;Fabian H\\u00fcsser&quot;,&quot;camera&quot;:&quot;DMC-GX8&quot;,&quot;caption&quot;:&quot;&quot;,&quot;created_timestamp&quot;:&quot;1503750113&quot;,&quot;copyright&quot;:&quot;Fabian H\\u00fcsser&quot;,&quot;focal_length&quot;:&quot;69&quot;,&quot;iso&quot;:&quot;200&quot;,&quot;shutter_speed&quot;:&quot;0.0025&quot;,&quot;title&quot;:&quot;&quot;,&quot;orientation&quot;:&quot;0&quot;}\" data-image-title=\"lyss-1100327\" data-image-description=\"\" data-medium-file=\"https:\/\/i0.wp.com\/www.funktionsmodellbau.ch\/content\/wp-content\/uploads\/2017\/09\/lyss-1100327.jpg?fit=300%2C225&#038;ssl=1\" data-large-file=\"https:\/\/i0.wp.com\/www.funktionsmodellbau.ch\/content\/wp-content\/uploads\/2017\/09\/lyss-1100327.jpg?fit=678%2C509&#038;ssl=1\" src=\"https:\/\/i0.wp.com\/www.funktionsmodellbau.ch\/content\/wp-content\/uploads\/2017\/09\/lyss-1100327.jpg?w=335&#038;h=251&#038;ssl=1\" srcset=\"https:\/\/i0.wp.com\/www.funktionsmodellbau.ch\/content\/wp-content\/uploads\/2017\/09\/lyss-1100327.jpg?w=2400&amp;ssl=1 2400w, https:\/\/i0.wp.com\/www.funktionsmodellbau.ch\/content\/wp-content\/uploads\/2017\/09\/lyss-1100327.jpg?resize=300%2C225&amp;ssl=1 300w, https:\/\/i0.wp.com\/www.funktionsmodellbau.ch\/content\/wp-content\/uploads\/2017\/09\/lyss-1100327.jpg?resize=768%2C576&amp;ssl=1 768w, https:\/\/i0.wp.com\/www.funktionsmodellbau.ch\/content\/wp-content\/uploads\/2017\/09\/lyss-1100327.jpg?resize=1024%2C768&amp;ssl=1 1024w, https:\/\/i0.wp.com\/www.funktionsmodellbau.ch\/content\/wp-content\/uploads\/2017\/09\/lyss-1100327.jpg?w=1356&amp;ssl=1 1356w, https:\/\/i0.wp.com\/www.funktionsmodellbau.ch\/content\/wp-content\/uploads\/2017\/09\/lyss-1100327.jpg?w=2034&amp;ssl=1 2034w\" width=\"335\" height=\"251\" loading=\"lazy\" data-original-width=\"335\" data-original-height=\"251\" itemprop=\"http:\/\/schema.org\/image\" title=\"lyss-1100327\" alt=\"RC Event Lyss 2017\" style=\"width: 335px; height: 251px;\" \/> <\/a> <\/div> <\/div> <!-- close group --> <div class=\"gallery-group images-1\" style=\"width: 339px; height: 255px;\" data-original-width=\"339\" data-original-height=\"255\" > <div class=\"tiled-gallery-item tiled-gallery-item-large\" itemprop=\"associatedMedia\" itemscope itemtype=\"http:\/\/schema.org\/ImageObject\"> <a href=\"https:\/\/i0.wp.com\/www.funktionsmodellbau.ch\/content\/wp-content\/uploads\/2017\/09\/lyss-1100323.jpg?ssl=1\" border=\"0\" itemprop=\"url\"> <meta itemprop=\"width\" content=\"335\"> <meta itemprop=\"height\" content=\"251\"> <img decoding=\"async\" class=\"\" data-attachment-id=\"8174\" data-orig-file=\"https:\/\/www.funktionsmodellbau.ch\/content\/wp-content\/uploads\/2017\/09\/lyss-1100323.jpg\" data-orig-size=\"2400,1800\" data-comments-opened=\"1\" data-image-meta=\"{&quot;aperture&quot;:&quot;6.3&quot;,&quot;credit&quot;:&quot;Fabian H\\u00fcsser&quot;,&quot;camera&quot;:&quot;DMC-GX8&quot;,&quot;caption&quot;:&quot;&quot;,&quot;created_timestamp&quot;:&quot;1503748404&quot;,&quot;copyright&quot;:&quot;Fabian H\\u00fcsser&quot;,&quot;focal_length&quot;:&quot;77&quot;,&quot;iso&quot;:&quot;200&quot;,&quot;shutter_speed&quot;:&quot;0.0025&quot;,&quot;title&quot;:&quot;&quot;,&quot;orientation&quot;:&quot;0&quot;}\" data-image-title=\"lyss-1100323\" data-image-description=\"\" data-medium-file=\"https:\/\/i0.wp.com\/www.funktionsmodellbau.ch\/content\/wp-content\/uploads\/2017\/09\/lyss-1100323.jpg?fit=300%2C225&#038;ssl=1\" data-large-file=\"https:\/\/i0.wp.com\/www.funktionsmodellbau.ch\/content\/wp-content\/uploads\/2017\/09\/lyss-1100323.jpg?fit=678%2C509&#038;ssl=1\" src=\"https:\/\/i0.wp.com\/www.funktionsmodellbau.ch\/content\/wp-content\/uploads\/2017\/09\/lyss-1100323.jpg?w=335&#038;h=251&#038;ssl=1\" srcset=\"https:\/\/i0.wp.com\/www.funktionsmodellbau.ch\/content\/wp-content\/uploads\/2017\/09\/lyss-1100323.jpg?w=2400&amp;ssl=1 2400w, https:\/\/i0.wp.com\/www.funktionsmodellbau.ch\/content\/wp-content\/uploads\/2017\/09\/lyss-1100323.jpg?resize=300%2C225&amp;ssl=1 300w, https:\/\/i0.wp.com\/www.funktionsmodellbau.ch\/content\/wp-content\/uploads\/2017\/09\/lyss-1100323.jpg?resize=768%2C576&amp;ssl=1 768w, https:\/\/i0.wp.com\/www.funktionsmodellbau.ch\/content\/wp-content\/uploads\/2017\/09\/lyss-1100323.jpg?resize=1024%2C768&amp;ssl=1 1024w, https:\/\/i0.wp.com\/www.funktionsmodellbau.ch\/content\/wp-content\/uploads\/2017\/09\/lyss-1100323.jpg?w=1356&amp;ssl=1 1356w, https:\/\/i0.wp.com\/www.funktionsmodellbau.ch\/content\/wp-content\/uploads\/2017\/09\/lyss-1100323.jpg?w=2034&amp;ssl=1 2034w\" width=\"335\" height=\"251\" loading=\"lazy\" data-original-width=\"335\" data-original-height=\"251\" itemprop=\"http:\/\/schema.org\/image\" title=\"lyss-1100323\" alt=\"RC Event Lyss 2017\" style=\"width: 335px; height: 251px;\" \/> <\/a> <\/div> <\/div> <!-- close group --> <\/div> <!-- close row --> <div class=\"gallery-row\" style=\"width: 678px; height: 510px;\" data-original-width=\"678\" data-original-height=\"510\" > <div class=\"gallery-group images-1\" style=\"width: 678px; height: 510px;\" data-original-width=\"678\" data-original-height=\"510\" > <div class=\"tiled-gallery-item tiled-gallery-item-large\" itemprop=\"associatedMedia\" itemscope itemtype=\"http:\/\/schema.org\/ImageObject\"> <a href=\"https:\/\/i0.wp.com\/www.funktionsmodellbau.ch\/content\/wp-content\/uploads\/2017\/09\/lyss-1100322.jpg?ssl=1\" border=\"0\" itemprop=\"url\"> <meta itemprop=\"width\" content=\"674\"> <meta itemprop=\"height\" content=\"506\"> <img decoding=\"async\" class=\"\" data-attachment-id=\"8173\" data-orig-file=\"https:\/\/www.funktionsmodellbau.ch\/content\/wp-content\/uploads\/2017\/09\/lyss-1100322.jpg\" data-orig-size=\"2400,1800\" data-comments-opened=\"1\" data-image-meta=\"{&quot;aperture&quot;:&quot;5.6&quot;,&quot;credit&quot;:&quot;Fabian H\\u00fcsser&quot;,&quot;camera&quot;:&quot;DMC-GX8&quot;,&quot;caption&quot;:&quot;&quot;,&quot;created_timestamp&quot;:&quot;1503748392&quot;,&quot;copyright&quot;:&quot;Fabian H\\u00fcsser&quot;,&quot;focal_length&quot;:&quot;46&quot;,&quot;iso&quot;:&quot;200&quot;,&quot;shutter_speed&quot;:&quot;0.005&quot;,&quot;title&quot;:&quot;&quot;,&quot;orientation&quot;:&quot;0&quot;}\" data-image-title=\"lyss-1100322\" data-image-description=\"\" data-medium-file=\"https:\/\/i0.wp.com\/www.funktionsmodellbau.ch\/content\/wp-content\/uploads\/2017\/09\/lyss-1100322.jpg?fit=300%2C225&#038;ssl=1\" data-large-file=\"https:\/\/i0.wp.com\/www.funktionsmodellbau.ch\/content\/wp-content\/uploads\/2017\/09\/lyss-1100322.jpg?fit=678%2C509&#038;ssl=1\" src=\"https:\/\/i0.wp.com\/www.funktionsmodellbau.ch\/content\/wp-content\/uploads\/2017\/09\/lyss-1100322.jpg?w=674&#038;h=506&#038;ssl=1\" srcset=\"https:\/\/i0.wp.com\/www.funktionsmodellbau.ch\/content\/wp-content\/uploads\/2017\/09\/lyss-1100322.jpg?w=2400&amp;ssl=1 2400w, https:\/\/i0.wp.com\/www.funktionsmodellbau.ch\/content\/wp-content\/uploads\/2017\/09\/lyss-1100322.jpg?resize=300%2C225&amp;ssl=1 300w, https:\/\/i0.wp.com\/www.funktionsmodellbau.ch\/content\/wp-content\/uploads\/2017\/09\/lyss-1100322.jpg?resize=768%2C576&amp;ssl=1 768w, https:\/\/i0.wp.com\/www.funktionsmodellbau.ch\/content\/wp-content\/uploads\/2017\/09\/lyss-1100322.jpg?resize=1024%2C768&amp;ssl=1 1024w, https:\/\/i0.wp.com\/www.funktionsmodellbau.ch\/content\/wp-content\/uploads\/2017\/09\/lyss-1100322.jpg?w=1356&amp;ssl=1 1356w, https:\/\/i0.wp.com\/www.funktionsmodellbau.ch\/content\/wp-content\/uploads\/2017\/09\/lyss-1100322.jpg?w=2034&amp;ssl=1 2034w\" width=\"674\" height=\"506\" loading=\"lazy\" data-original-width=\"674\" data-original-height=\"506\" itemprop=\"http:\/\/schema.org\/image\" title=\"lyss-1100322\" alt=\"RC Event Lyss 2017\" style=\"width: 674px; height: 506px;\" \/> <\/a> <\/div> <\/div> <!-- close group --> <\/div> <!-- close row --> <\/div>\n<p>Und nun viel Spass mit dem Video:<\/p>\n<p><iframe loading=\"lazy\" title=\"Best of RC Truck Event in Lyss, Switzerland - 2017 - RC Trucks, Excavator, Wheel Loader, Fire Trucks\" width=\"678\" height=\"381\" src=\"https:\/\/www.youtube.com\/embed\/cyvisnOU2V0?feature=oembed\" frameborder=\"0\" allow=\"accelerometer; autoplay; clipboard-write; encrypted-media; gyroscope; picture-in-picture\" allowfullscreen><\/iframe><\/p>\n<div><\/div>\n<p><span style=\"border-top-left-radius: 2px; border-top-right-radius: 2px; border-bottom-right-radius: 2px; border-bottom-left-radius: 2px; text-indent: 20px; width: auto; padding: 0px 4px 0px 0px; text-align: center; font-style: normal; font-variant-caps: normal; font-weight: bold; font-stretch: normal; font-size: 11px; line-height: 20px; font-family: 'Helvetica Neue', Helvetica, sans-serif; color: #ffffff; background-image: url(data:image\/svg+xml; base64,phn2zyb4bwxucz0iahr0cdovl3d3dy53my5vcmcvmjawmc9zdmciighlawdodd0imzbwecigd2lkdgg9ijmwchgiihzpzxdcb3g9ii0xic0xidmxidmxij48zz48cgf0acbkpsjnmjkundq5lde0ljy2mibdmjkundq5ldiyljcymiaymi44njgsmjkumju2ide0ljc1ldi5lji1nibdni42mzismjkumju2idaumduxldiyljcymiawlja1mswxnc42njigqzaumduxldyunjaxidyunjmyldaumdy3ide0ljc1ldaumdy3iemymi44njgsmc4wnjcgmjkundq5ldyunjaxidi5ljq0oswxnc42njiiigzpbgw9iinmzmyiihn0cm9rzt0ii2zmziigc3ryb2tllxdpzhropsixij48l3bhdgg+phbhdgggzd0itte0ljczmywxljy4nibdny41mtysms42odygms42njusny40otugms42njusmtqunjyyiemxljy2nswymc4xntkgns4xmdksmjquodu0idkuotcsmjyunzq0iem5ljg1niwyns43mtggos43ntmsmjqumtqzidewljaxniwymy4wmjigqzewlji1mywymi4wmsaxms41ndgsmtyuntcyidexlju0ocwxni41nzigqzexlju0ocwxni41nzigmteumtu3lde1ljc5nsaxms4xntcsmtqunjq2iemxms4xntcsmtiuodqyideyljixmswxms40otugmtmuntiyldexljq5nsbdmtqunjm3ldexljq5nsaxns4xnzusmtiumzi2ide1lje3nswxmy4zmjmgqze1lje3nswxnc40mzygmtqundyylde2ljegmtqumdkzlde3ljy0mybdmtmunzg1lde4ljkznsaxnc43ndusmtkuotg4ide2ljayocwxos45odggqze4ljm1mswxos45odggmjaumtm2lde3lju1niaymc4xmzysmtqumdq2iemymc4xmzysmtauotm5ide3ljg4ocw4ljc2nyaxnc42nzgsoc43njcgqzewljk1osw4ljc2nya4ljc3nywxms41mzygoc43nzcsmtqumzk4iem4ljc3nywxns41mtmgos4ymswxni43mdkgos43ndksmtcumzu5iem5ljg1niwxny40odggos44nzismtcunia5ljg0lde3ljczmsbdos43ndesmtgumtqxidkuntismtkumdizidkundc3lde5ljiwmybdos40miwxos40nca5lji4ocwxos40otegos4wncwxos4znzygqzcunda4lde4ljyymia2ljm4nywxni4yntigni4zodcsmtqumzq5iem2ljm4nywxmc4yntygos4zodmsni40otcgmtuumdiyldyundk3iemxos41ntusni40otcgmjmumdc4ldkunza1idizlja3ocwxmy45otegqzizlja3ocwxoc40njmgmjaumjm5ldiylja2miaxni4yotcsmjiumdyyiemxnc45nzmsmjiumdyyidezljcyocwyms4znzkgmtmumzayldiwlju3mibdmtmumzayldiwlju3miaxmi42ndcsmjmumdugmtiundg4ldizljy1nybdmtiumtkzldi0ljc4ncaxms4zotysmjyumtk2idewljg2mywyny4wntggqzeylja4niwyny40mzqgmtmumzg2ldi3ljyznyaxnc43mzmsmjcunjm3iemyms45nswyny42mzcgmjcuodaxldixljgyocayny44mdesmtqunjyyiemyny44mdesny40otugmjeuotusms42odygmtqunzmzldeunjg2iibmawxspsijymqwodfjij48l3bhdgg+pc9npjwvc3znpg==); background-size: 14px 14px; background-color: #bd081c; position: absolute; opacity: 1; z-index: 8675309; display: none; cursor: pointer; border: none; -webkit-font-smoothing: antialiased; top: 41px; left: 20px; background-position: 3px 50%; background-repeat: no-repeat no-repeat;\">Merken<\/span><span style=\"border-top-left-radius: 2px; border-top-right-radius: 2px; border-bottom-right-radius: 2px; border-bottom-left-radius: 2px; text-indent: 20px; width: auto; padding: 0px 4px 0px 0px; text-align: center; font-style: normal; font-variant-caps: normal; font-weight: bold; font-stretch: normal; font-size: 11px; line-height: 20px; font-family: 'Helvetica Neue', Helvetica, sans-serif; color: #ffffff; background-image: url(data:image\/svg+xml; base64,phn2zyb4bwxucz0iahr0cdovl3d3dy53my5vcmcvmjawmc9zdmciighlawdodd0imzbwecigd2lkdgg9ijmwchgiihzpzxdcb3g9ii0xic0xidmxidmxij48zz48cgf0acbkpsjnmjkundq5lde0ljy2mibdmjkundq5ldiyljcymiaymi44njgsmjkumju2ide0ljc1ldi5lji1nibdni42mzismjkumju2idaumduxldiyljcymiawlja1mswxnc42njigqzaumduxldyunjaxidyunjmyldaumdy3ide0ljc1ldaumdy3iemymi44njgsmc4wnjcgmjkundq5ldyunjaxidi5ljq0oswxnc42njiiigzpbgw9iinmzmyiihn0cm9rzt0ii2zmziigc3ryb2tllxdpzhropsixij48l3bhdgg+phbhdgggzd0itte0ljczmywxljy4nibdny41mtysms42odygms42njusny40otugms42njusmtqunjyyiemxljy2nswymc4xntkgns4xmdksmjquodu0idkuotcsmjyunzq0iem5ljg1niwyns43mtggos43ntmsmjqumtqzidewljaxniwymy4wmjigqzewlji1mywymi4wmsaxms41ndgsmtyuntcyidexlju0ocwxni41nzigqzexlju0ocwxni41nzigmteumtu3lde1ljc5nsaxms4xntcsmtqunjq2iemxms4xntcsmtiuodqyideyljixmswxms40otugmtmuntiyldexljq5nsbdmtqunjm3ldexljq5nsaxns4xnzusmtiumzi2ide1lje3nswxmy4zmjmgqze1lje3nswxnc40mzygmtqundyylde2ljegmtqumdkzlde3ljy0mybdmtmunzg1lde4ljkznsaxnc43ndusmtkuotg4ide2ljayocwxos45odggqze4ljm1mswxos45odggmjaumtm2lde3lju1niaymc4xmzysmtqumdq2iemymc4xmzysmtauotm5ide3ljg4ocw4ljc2nyaxnc42nzgsoc43njcgqzewljk1osw4ljc2nya4ljc3nywxms41mzygoc43nzcsmtqumzk4iem4ljc3nywxns41mtmgos4ymswxni43mdkgos43ndksmtcumzu5iem5ljg1niwxny40odggos44nzismtcunia5ljg0lde3ljczmsbdos43ndesmtgumtqxidkuntismtkumdizidkundc3lde5ljiwmybdos40miwxos40nca5lji4ocwxos40otegos4wncwxos4znzygqzcunda4lde4ljyymia2ljm4nywxni4yntigni4zodcsmtqumzq5iem2ljm4nywxmc4yntygos4zodmsni40otcgmtuumdiyldyundk3iemxos41ntusni40otcgmjmumdc4ldkunza1idizlja3ocwxmy45otegqzizlja3ocwxoc40njmgmjaumjm5ldiylja2miaxni4yotcsmjiumdyyiemxnc45nzmsmjiumdyyidezljcyocwyms4znzkgmtmumzayldiwlju3mibdmtmumzayldiwlju3miaxmi42ndcsmjmumdugmtiundg4ldizljy1nybdmtiumtkzldi0ljc4ncaxms4zotysmjyumtk2idewljg2mywyny4wntggqzeylja4niwyny40mzqgmtmumzg2ldi3ljyznyaxnc43mzmsmjcunjm3iemyms45nswyny42mzcgmjcuodaxldixljgyocayny44mdesmtqunjyyiemyny44mdesny40otugmjeuotusms42odygmtqunzmzldeunjg2iibmawxspsijymqwodfjij48l3bhdgg+pc9npjwvc3znpg==); background-size: 14px 14px; background-color: #bd081c; position: absolute; opacity: 1; z-index: 8675309; display: none; cursor: pointer; border: none; -webkit-font-smoothing: antialiased; top: 41px; left: 20px; background-position: 3px 50%; background-repeat: no-repeat no-repeat;\">Merken<\/span><\/p>\n","protected":false},"excerpt":{"rendered":"<p>Bei sch\u00f6nstem Wetter, fand am 26. und 27. August 2017, ein weiterer RC-Event in Lyss (BE\/CH) statt. Ich machte mich am Samstag auf den Weg, denn ich wollte das letzte <a class=\"more-link\" href=\"https:\/\/www.funktionsmodellbau.ch\/content\/rc-modelltruck-event-mini-trucker-lyss-aug-2017\/\">Weiter lesen \u2192<\/a><\/p>\n","protected":false},"author":1,"featured_media":0,"comment_status":"open","ping_status":"open","sticky":false,"template":"","format":"standard","meta":{"jetpack_post_was_ever_published":false,"_jetpack_newsletter_access":"","_jetpack_dont_email_post_to_subs":false,"_jetpack_newsletter_tier_id":0,"_jetpack_memberships_contains_paywalled_content":false,"_jetpack_memberships_contains_paid_content":false,"footnotes":""},"categories":[60,11,720,721],"tags":[681,371,191,300],"series":[],"yoast_head":"<!-- This site is optimized with the Yoast SEO plugin v24.5 - https:\/\/yoast.com\/wordpress\/plugins\/seo\/ -->\n<title>RC Modelltruck Event: Mini Trucker Lyss, Aug 2017 - funktionsmodellbau.ch<\/title>\n<meta name=\"robots\" content=\"index, follow, max-snippet:-1, max-image-preview:large, max-video-preview:-1\" \/>\n<link rel=\"canonical\" href=\"https:\/\/www.funktionsmodellbau.ch\/content\/rc-modelltruck-event-mini-trucker-lyss-aug-2017\/\" \/>\n<meta property=\"og:locale\" content=\"de_DE\" \/>\n<meta property=\"og:type\" content=\"article\" \/>\n<meta property=\"og:title\" content=\"RC Modelltruck Event: Mini Trucker Lyss, Aug 2017 - funktionsmodellbau.ch\" \/>\n<meta property=\"og:description\" content=\"Bei sch\u00f6nstem Wetter, fand am 26. und 27. August 2017, ein weiterer RC-Event in Lyss (BE\/CH) statt. Ich machte mich am Samstag auf den Weg, denn ich wollte das letzte Weiter lesen \u2192\" \/>\n<meta property=\"og:url\" content=\"https:\/\/www.funktionsmodellbau.ch\/content\/rc-modelltruck-event-mini-trucker-lyss-aug-2017\/\" \/>\n<meta property=\"og:site_name\" content=\"funktionsmodellbau.ch\" \/>\n<meta property=\"article:publisher\" content=\"https:\/\/www.facebook.com\/funktionsmodellbau\/\" \/>\n<meta property=\"article:published_time\" content=\"2017-09-22T12:04:05+00:00\" \/>\n<meta property=\"article:modified_time\" content=\"2017-09-23T10:12:24+00:00\" \/>\n<meta property=\"og:image\" content=\"https:\/\/i2.wp.com\/www.funktionsmodellbau.ch\/content\/wp-content\/uploads\/2017\/09\/lyss-1100301.jpg?w=448&#038;h=336&#038;ssl=1\" \/>\n<meta name=\"author\" content=\"chef\" \/>\n<meta name=\"twitter:card\" content=\"summary_large_image\" \/>\n<meta name=\"twitter:creator\" content=\"@funktionsmodell\" \/>\n<meta name=\"twitter:site\" content=\"@funktionsmodell\" \/>\n<meta name=\"twitter:label1\" content=\"Verfasst von\" \/>\n\t<meta name=\"twitter:data1\" content=\"chef\" \/>\n<script type=\"application\/ld+json\" class=\"yoast-schema-graph\">{\"@context\":\"https:\/\/schema.org\",\"@graph\":[{\"@type\":\"WebPage\",\"@id\":\"https:\/\/www.funktionsmodellbau.ch\/content\/rc-modelltruck-event-mini-trucker-lyss-aug-2017\/\",\"url\":\"https:\/\/www.funktionsmodellbau.ch\/content\/rc-modelltruck-event-mini-trucker-lyss-aug-2017\/\",\"name\":\"RC Modelltruck Event: Mini Trucker Lyss, Aug 2017 - funktionsmodellbau.ch\",\"isPartOf\":{\"@id\":\"https:\/\/www.funktionsmodellbau.ch\/content\/#website\"},\"primaryImageOfPage\":{\"@id\":\"https:\/\/www.funktionsmodellbau.ch\/content\/rc-modelltruck-event-mini-trucker-lyss-aug-2017\/#primaryimage\"},\"image\":{\"@id\":\"https:\/\/www.funktionsmodellbau.ch\/content\/rc-modelltruck-event-mini-trucker-lyss-aug-2017\/#primaryimage\"},\"thumbnailUrl\":\"https:\/\/www.funktionsmodellbau.ch\/content\/wp-content\/uploads\/2017\/09\/blog_thumbnail_teaser_lyss_aug2017.jpg\",\"datePublished\":\"2017-09-22T12:04:05+00:00\",\"dateModified\":\"2017-09-23T10:12:24+00:00\",\"author\":{\"@id\":\"https:\/\/www.funktionsmodellbau.ch\/content\/#\/schema\/person\/51e2b2a5a18752596eee2eadbbb2d6a7\"},\"breadcrumb\":{\"@id\":\"https:\/\/www.funktionsmodellbau.ch\/content\/rc-modelltruck-event-mini-trucker-lyss-aug-2017\/#breadcrumb\"},\"inLanguage\":\"de\",\"potentialAction\":[{\"@type\":\"ReadAction\",\"target\":[\"https:\/\/www.funktionsmodellbau.ch\/content\/rc-modelltruck-event-mini-trucker-lyss-aug-2017\/\"]}]},{\"@type\":\"ImageObject\",\"inLanguage\":\"de\",\"@id\":\"https:\/\/www.funktionsmodellbau.ch\/content\/rc-modelltruck-event-mini-trucker-lyss-aug-2017\/#primaryimage\",\"url\":\"https:\/\/i0.wp.com\/www.funktionsmodellbau.ch\/content\/wp-content\/uploads\/2017\/09\/blog_thumbnail_teaser_lyss_aug2017.jpg?fit=3264%2C1840&ssl=1\",\"contentUrl\":\"https:\/\/i0.wp.com\/www.funktionsmodellbau.ch\/content\/wp-content\/uploads\/2017\/09\/blog_thumbnail_teaser_lyss_aug2017.jpg?fit=3264%2C1840&ssl=1\",\"width\":3264,\"height\":1840},{\"@type\":\"BreadcrumbList\",\"@id\":\"https:\/\/www.funktionsmodellbau.ch\/content\/rc-modelltruck-event-mini-trucker-lyss-aug-2017\/#breadcrumb\",\"itemListElement\":[{\"@type\":\"ListItem\",\"position\":1,\"name\":\"Startseite\",\"item\":\"https:\/\/www.funktionsmodellbau.ch\/content\/\"},{\"@type\":\"ListItem\",\"position\":2,\"name\":\"RC Modelltruck Event: Mini Trucker Lyss, Aug 2017\"}]},{\"@type\":\"WebSite\",\"@id\":\"https:\/\/www.funktionsmodellbau.ch\/content\/#website\",\"url\":\"https:\/\/www.funktionsmodellbau.ch\/content\/\",\"name\":\"funktionsmodellbau.ch\",\"description\":\"RC MODELLNUTZFAHRZEUGE | RC TRUCK-MODELLBAU | RC SCALE CARS | RC BOOTE\",\"potentialAction\":[{\"@type\":\"SearchAction\",\"target\":{\"@type\":\"EntryPoint\",\"urlTemplate\":\"https:\/\/www.funktionsmodellbau.ch\/content\/?s={search_term_string}\"},\"query-input\":{\"@type\":\"PropertyValueSpecification\",\"valueRequired\":true,\"valueName\":\"search_term_string\"}}],\"inLanguage\":\"de\"},{\"@type\":\"Person\",\"@id\":\"https:\/\/www.funktionsmodellbau.ch\/content\/#\/schema\/person\/51e2b2a5a18752596eee2eadbbb2d6a7\",\"name\":\"chef\",\"image\":{\"@type\":\"ImageObject\",\"inLanguage\":\"de\",\"@id\":\"https:\/\/www.funktionsmodellbau.ch\/content\/#\/schema\/person\/image\/\",\"url\":\"https:\/\/secure.gravatar.com\/avatar\/30a0ceeb5c6accda997741393cc0673d?s=96&r=g\",\"contentUrl\":\"https:\/\/secure.gravatar.com\/avatar\/30a0ceeb5c6accda997741393cc0673d?s=96&r=g\",\"caption\":\"chef\"},\"description\":\"Hallo, ich heisse Fabian und bin hier der Hausmeister. Mich interessiert zwar die ganze Bandbreite im Modellbau, mein Fokus ist aber der Funktionsmodellbau. Speziell RC-Modellnutzfahrzeuge. Ihr findet mich auch auf Twitter, Facebook und Google+\",\"sameAs\":[\"https:\/\/www.funktionsmodellbau.ch\"],\"url\":\"https:\/\/www.funktionsmodellbau.ch\/content\/author\/admin\/\"}]}<\/script>\n<!-- \/ Yoast SEO plugin. -->","yoast_head_json":{"title":"RC Modelltruck Event: Mini Trucker Lyss, Aug 2017 - funktionsmodellbau.ch","robots":{"index":"index","follow":"follow","max-snippet":"max-snippet:-1","max-image-preview":"max-image-preview:large","max-video-preview":"max-video-preview:-1"},"canonical":"https:\/\/www.funktionsmodellbau.ch\/content\/rc-modelltruck-event-mini-trucker-lyss-aug-2017\/","og_locale":"de_DE","og_type":"article","og_title":"RC Modelltruck Event: Mini Trucker Lyss, Aug 2017 - funktionsmodellbau.ch","og_description":"Bei sch\u00f6nstem Wetter, fand am 26. und 27. August 2017, ein weiterer RC-Event in Lyss (BE\/CH) statt. Ich machte mich am Samstag auf den Weg, denn ich wollte das letzte Weiter lesen \u2192","og_url":"https:\/\/www.funktionsmodellbau.ch\/content\/rc-modelltruck-event-mini-trucker-lyss-aug-2017\/","og_site_name":"funktionsmodellbau.ch","article_publisher":"https:\/\/www.facebook.com\/funktionsmodellbau\/","article_published_time":"2017-09-22T12:04:05+00:00","article_modified_time":"2017-09-23T10:12:24+00:00","og_image":[{"url":"https:\/\/i2.wp.com\/www.funktionsmodellbau.ch\/content\/wp-content\/uploads\/2017\/09\/lyss-1100301.jpg?w=448&#038;h=336&#038;ssl=1","type":"","width":"","height":""}],"author":"chef","twitter_card":"summary_large_image","twitter_creator":"@funktionsmodell","twitter_site":"@funktionsmodell","twitter_misc":{"Verfasst von":"chef"},"schema":{"@context":"https:\/\/schema.org","@graph":[{"@type":"WebPage","@id":"https:\/\/www.funktionsmodellbau.ch\/content\/rc-modelltruck-event-mini-trucker-lyss-aug-2017\/","url":"https:\/\/www.funktionsmodellbau.ch\/content\/rc-modelltruck-event-mini-trucker-lyss-aug-2017\/","name":"RC Modelltruck Event: Mini Trucker Lyss, Aug 2017 - funktionsmodellbau.ch","isPartOf":{"@id":"https:\/\/www.funktionsmodellbau.ch\/content\/#website"},"primaryImageOfPage":{"@id":"https:\/\/www.funktionsmodellbau.ch\/content\/rc-modelltruck-event-mini-trucker-lyss-aug-2017\/#primaryimage"},"image":{"@id":"https:\/\/www.funktionsmodellbau.ch\/content\/rc-modelltruck-event-mini-trucker-lyss-aug-2017\/#primaryimage"},"thumbnailUrl":"https:\/\/www.funktionsmodellbau.ch\/content\/wp-content\/uploads\/2017\/09\/blog_thumbnail_teaser_lyss_aug2017.jpg","datePublished":"2017-09-22T12:04:05+00:00","dateModified":"2017-09-23T10:12:24+00:00","author":{"@id":"https:\/\/www.funktionsmodellbau.ch\/content\/#\/schema\/person\/51e2b2a5a18752596eee2eadbbb2d6a7"},"breadcrumb":{"@id":"https:\/\/www.funktionsmodellbau.ch\/content\/rc-modelltruck-event-mini-trucker-lyss-aug-2017\/#breadcrumb"},"inLanguage":"de","potentialAction":[{"@type":"ReadAction","target":["https:\/\/www.funktionsmodellbau.ch\/content\/rc-modelltruck-event-mini-trucker-lyss-aug-2017\/"]}]},{"@type":"ImageObject","inLanguage":"de","@id":"https:\/\/www.funktionsmodellbau.ch\/content\/rc-modelltruck-event-mini-trucker-lyss-aug-2017\/#primaryimage","url":"https:\/\/i0.wp.com\/www.funktionsmodellbau.ch\/content\/wp-content\/uploads\/2017\/09\/blog_thumbnail_teaser_lyss_aug2017.jpg?fit=3264%2C1840&ssl=1","contentUrl":"https:\/\/i0.wp.com\/www.funktionsmodellbau.ch\/content\/wp-content\/uploads\/2017\/09\/blog_thumbnail_teaser_lyss_aug2017.jpg?fit=3264%2C1840&ssl=1","width":3264,"height":1840},{"@type":"BreadcrumbList","@id":"https:\/\/www.funktionsmodellbau.ch\/content\/rc-modelltruck-event-mini-trucker-lyss-aug-2017\/#breadcrumb","itemListElement":[{"@type":"ListItem","position":1,"name":"Startseite","item":"https:\/\/www.funktionsmodellbau.ch\/content\/"},{"@type":"ListItem","position":2,"name":"RC Modelltruck Event: Mini Trucker Lyss, Aug 2017"}]},{"@type":"WebSite","@id":"https:\/\/www.funktionsmodellbau.ch\/content\/#website","url":"https:\/\/www.funktionsmodellbau.ch\/content\/","name":"funktionsmodellbau.ch","description":"RC MODELLNUTZFAHRZEUGE | RC TRUCK-MODELLBAU | RC SCALE CARS | RC BOOTE","potentialAction":[{"@type":"SearchAction","target":{"@type":"EntryPoint","urlTemplate":"https:\/\/www.funktionsmodellbau.ch\/content\/?s={search_term_string}"},"query-input":{"@type":"PropertyValueSpecification","valueRequired":true,"valueName":"search_term_string"}}],"inLanguage":"de"},{"@type":"Person","@id":"https:\/\/www.funktionsmodellbau.ch\/content\/#\/schema\/person\/51e2b2a5a18752596eee2eadbbb2d6a7","name":"chef","image":{"@type":"ImageObject","inLanguage":"de","@id":"https:\/\/www.funktionsmodellbau.ch\/content\/#\/schema\/person\/image\/","url":"https:\/\/secure.gravatar.com\/avatar\/30a0ceeb5c6accda997741393cc0673d?s=96&r=g","contentUrl":"https:\/\/secure.gravatar.com\/avatar\/30a0ceeb5c6accda997741393cc0673d?s=96&r=g","caption":"chef"},"description":"Hallo, ich heisse Fabian und bin hier der Hausmeister. Mich interessiert zwar die ganze Bandbreite im Modellbau, mein Fokus ist aber der Funktionsmodellbau. Speziell RC-Modellnutzfahrzeuge. Ihr findet mich auch auf Twitter, Facebook und Google+","sameAs":["https:\/\/www.funktionsmodellbau.ch"],"url":"https:\/\/www.funktionsmodellbau.ch\/content\/author\/admin\/"}]}},"jetpack_sharing_enabled":true,"jetpack_featured_media_url":"","_links":{"self":[{"href":"https:\/\/www.funktionsmodellbau.ch\/content\/wp-json\/wp\/v2\/posts\/8157"}],"collection":[{"href":"https:\/\/www.funktionsmodellbau.ch\/content\/wp-json\/wp\/v2\/posts"}],"about":[{"href":"https:\/\/www.funktionsmodellbau.ch\/content\/wp-json\/wp\/v2\/types\/post"}],"author":[{"embeddable":true,"href":"https:\/\/www.funktionsmodellbau.ch\/content\/wp-json\/wp\/v2\/users\/1"}],"replies":[{"embeddable":true,"href":"https:\/\/www.funktionsmodellbau.ch\/content\/wp-json\/wp\/v2\/comments?post=8157"}],"version-history":[{"count":4,"href":"https:\/\/www.funktionsmodellbau.ch\/content\/wp-json\/wp\/v2\/posts\/8157\/revisions"}],"predecessor-version":[{"id":8223,"href":"https:\/\/www.funktionsmodellbau.ch\/content\/wp-json\/wp\/v2\/posts\/8157\/revisions\/8223"}],"wp:attachment":[{"href":"https:\/\/www.funktionsmodellbau.ch\/content\/wp-json\/wp\/v2\/media?parent=8157"}],"wp:term":[{"taxonomy":"category","embeddable":true,"href":"https:\/\/www.funktionsmodellbau.ch\/content\/wp-json\/wp\/v2\/categories?post=8157"},{"taxonomy":"post_tag","embeddable":true,"href":"https:\/\/www.funktionsmodellbau.ch\/content\/wp-json\/wp\/v2\/tags?post=8157"},{"taxonomy":"series","embeddable":true,"href":"https:\/\/www.funktionsmodellbau.ch\/content\/wp-json\/wp\/v2\/series?post=8157"}],"curies":[{"name":"wp","href":"https:\/\/api.w.org\/{rel}","templated":true}]}}