{"id":7648,"date":"2016-12-12T17:35:04","date_gmt":"2016-12-12T16:35:04","guid":{"rendered":"https:\/\/www.funktionsmodellbau.ch\/content\/?p=7648"},"modified":"2017-08-10T12:44:57","modified_gmt":"2017-08-10T11:44:57","slug":"ewige-baustelle-mein-mercedes-benz-unimog","status":"publish","type":"post","link":"https:\/\/www.funktionsmodellbau.ch\/content\/ewige-baustelle-mein-mercedes-benz-unimog\/","title":{"rendered":"Ewige Baustelle &#8211; mein Mercedes-Benz Unimog"},"content":{"rendered":"<p><a href=\"https:\/\/i0.wp.com\/www.funktionsmodellbau.ch\/content\/wp-content\/uploads\/2016\/12\/mercedes-benz-unimog_thumbnail.jpg?ssl=1\"><img data-recalc-dims=\"1\" loading=\"lazy\" decoding=\"async\" data-attachment-id=\"7652\" data-permalink=\"https:\/\/www.funktionsmodellbau.ch\/content\/ewige-baustelle-mein-mercedes-benz-unimog\/mercedes-benz-unimog_thumbnail\/\" data-orig-file=\"https:\/\/i0.wp.com\/www.funktionsmodellbau.ch\/content\/wp-content\/uploads\/2016\/12\/mercedes-benz-unimog_thumbnail.jpg?fit=3264%2C1840&amp;ssl=1\" data-orig-size=\"3264,1840\" data-comments-opened=\"1\" data-image-meta=\"{&quot;aperture&quot;:&quot;0&quot;,&quot;credit&quot;:&quot;&quot;,&quot;camera&quot;:&quot;&quot;,&quot;caption&quot;:&quot;&quot;,&quot;created_timestamp&quot;:&quot;0&quot;,&quot;copyright&quot;:&quot;&quot;,&quot;focal_length&quot;:&quot;0&quot;,&quot;iso&quot;:&quot;0&quot;,&quot;shutter_speed&quot;:&quot;0&quot;,&quot;title&quot;:&quot;&quot;,&quot;orientation&quot;:&quot;0&quot;}\" data-image-title=\"mercedes-benz-unimog_thumbnail\" data-image-description=\"&lt;p&gt;Projekt Unimog&lt;\/p&gt;\n\" data-image-caption=\"\" data-medium-file=\"https:\/\/i0.wp.com\/www.funktionsmodellbau.ch\/content\/wp-content\/uploads\/2016\/12\/mercedes-benz-unimog_thumbnail.jpg?fit=300%2C169&amp;ssl=1\" data-large-file=\"https:\/\/i0.wp.com\/www.funktionsmodellbau.ch\/content\/wp-content\/uploads\/2016\/12\/mercedes-benz-unimog_thumbnail.jpg?fit=678%2C382&amp;ssl=1\" class=\"alignnone size-full wp-image-7652\" src=\"https:\/\/i0.wp.com\/www.funktionsmodellbau.ch\/content\/wp-content\/uploads\/2016\/12\/mercedes-benz-unimog_thumbnail.jpg?resize=678%2C382&#038;ssl=1\" alt=\"Mercedes-Benz Unimog\" width=\"678\" height=\"382\" srcset=\"https:\/\/i0.wp.com\/www.funktionsmodellbau.ch\/content\/wp-content\/uploads\/2016\/12\/mercedes-benz-unimog_thumbnail.jpg?w=3264&amp;ssl=1 3264w, https:\/\/i0.wp.com\/www.funktionsmodellbau.ch\/content\/wp-content\/uploads\/2016\/12\/mercedes-benz-unimog_thumbnail.jpg?resize=300%2C169&amp;ssl=1 300w, https:\/\/i0.wp.com\/www.funktionsmodellbau.ch\/content\/wp-content\/uploads\/2016\/12\/mercedes-benz-unimog_thumbnail.jpg?resize=768%2C433&amp;ssl=1 768w, https:\/\/i0.wp.com\/www.funktionsmodellbau.ch\/content\/wp-content\/uploads\/2016\/12\/mercedes-benz-unimog_thumbnail.jpg?resize=1024%2C577&amp;ssl=1 1024w, https:\/\/i0.wp.com\/www.funktionsmodellbau.ch\/content\/wp-content\/uploads\/2016\/12\/mercedes-benz-unimog_thumbnail.jpg?w=1356&amp;ssl=1 1356w, https:\/\/i0.wp.com\/www.funktionsmodellbau.ch\/content\/wp-content\/uploads\/2016\/12\/mercedes-benz-unimog_thumbnail.jpg?w=2034&amp;ssl=1 2034w\" sizes=\"(max-width: 678px) 100vw, 678px\" \/><\/a><\/p>\n<p><img data-recalc-dims=\"1\" loading=\"lazy\" decoding=\"async\" class=\"alignleft\" src=\"https:\/\/i0.wp.com\/www.carson-modelsport.com\/CommonFiles\/Dickie-Tamiya\/PDM_Products\/Carson\/500907170\/500907170_01-1.jpg?resize=254%2C149\" alt=\"Carson Unimog\" width=\"254\" height=\"149\"><\/p>\n<p>Als ich irgendwann um das Jahr 2004 meinen ersten Modelltruck, den <a href=\"https:\/\/www.funktionsmodellbau.ch\/content\/tamiya-globeliner-baubericht\/\">Tamiya Globe Liner<\/a> baute, interessierten mich schon m\u00f6gliche Umbauten, die aus einem Dickie- oder einem Carson-Unimog mit einem Tamiya CC01\/XC ein prima Fahrzeug m\u00f6glich machten.<\/p>\n<p><!--more--><\/p>\n<p>Der Dickie- der Carson-Unimog sind fahrfertige RC-Fahrzeuge f\u00fcr den Einsteiger. Sie sind bei vielen beliebt, weil die Karosserie sehr sch\u00f6n nachgebildet ist und weil sich dieses Einstiegsmodell auch relativ einfach mit diversen Umbauten massiv verbessern l\u00e4sst.<\/p>\n<p>Deshalb war bei mir ein solcher Mercedes-Benz Unimog schnell&nbsp;bestellt. Er ist zum Beispiel <a href=\"http:\/\/www.modellhobby.de\/RC-Cars-Boote\/RC-Cars\/RC-Trucks-Funktionsfahrzeuge.htm?shop=k_staufenb&amp;SessionId=&amp;a=catalog&amp;t=31211&amp;c=36876&amp;p=36876\" target=\"_blank\">hier<\/a> erh\u00e4ltlich. Mein Unimog wartet aber leider seit mehreren&nbsp;Jahren auf die Fertigstellung des Umbaus.<\/p>\n<p><img data-recalc-dims=\"1\" loading=\"lazy\" decoding=\"async\" class=\"alignleft\" src=\"https:\/\/i0.wp.com\/www.tamiya.com\/english\/products\/58445_land_cruiser\/chassis%283%29550.jpg?resize=246%2C134\" alt=\"Tamiya CC01 Chassis\" width=\"246\" height=\"134\">Ich machte zwar keine Modifikationen am originalen Chassis, sondern ersetzte diese gleich&nbsp;mit einem Tamiya XC-, bzw. einem CC01-Chassis, ebenfalls von Tamiya. Diese Chassis werden f\u00fcr diverse Gel\u00e4ndefahrzeuge (Pajero, Jeep Wrangler etc.) auch bei Tamiya Modellen eingesetzt. Dieses Chassis ist zwar besser, als die von Dickie oder Carson. Aber auch dort m\u00fcssen noch einige Modifikationen vorgenommen werden.<\/p>\n<p><img data-recalc-dims=\"1\" loading=\"lazy\" decoding=\"async\" class=\"alignright\" src=\"https:\/\/i0.wp.com\/gpmracing.com.hk\/p\/CC048-B.jpg?resize=180%2C122\" alt=\"GPM\" width=\"180\" height=\"122\">Das Wichtigste ist das komplette Auswechseln der Lenkung. Daf\u00fcr verwendete ich die Teile von <a href=\"http:\/\/gpmracing.com.hk\/en\/products?cat=CC-01-CHASSIS&amp;fid=75\" target=\"_blank\">GPM<\/a>. Damit verschwindet das l\u00e4stige Spiel in der originalen Lenkung und der Radeinschlag wird auch etwas vergr\u00f6ssert. Weiter ist sicher ein anderer Motor zu empfehlen. Und wenn man schon dabei ist, empfiehlt es sich auch gleich ein sogenannter Crawler Regler oder einen aus dem Truckbereich einzusetzen. Die haben den Vorteil, dass sie eine Art Bremse eingebaut haben. Das bedeutet, das Fahrzeug rollt in einer Neigung nicht weg, sondern bleibt stehen. Eine komplette Differenzialsperre ist ebenfalls auch fast ein Muss, will man sp\u00e4ter im Gel\u00e4nde vorw\u00e4rts kommen oder mit dem Schneepflug den Schnee r\u00e4umen.<\/p>\n<p>Und genau etwa da klemmt mein Umbau. Ich stehe vor der Umsetzung des Schneepflugs. &nbsp; Mittlerweile werde ich zum wiederholten&nbsp;Male im Monat November nerv\u00f6s, weil ja bald der erste Schnee kommen k\u00f6nnte. Aber der Pflug ist immer noch nicht begonnen. Auch dieses Jahr ist der November bereits vor\u00fcber &#8211; aber jetzt m\u00f6chte ich dran bleiben. Damit ich es auf das n\u00e4chste Jahr schaffe.<\/p>\n<div class=\"tiled-gallery type-rectangular tiled-gallery-unresized\" data-original-width=\"678\" data-carousel-extra='{&quot;blog_id&quot;:1,&quot;permalink&quot;:&quot;https:\\\/\\\/www.funktionsmodellbau.ch\\\/content\\\/ewige-baustelle-mein-mercedes-benz-unimog\\\/&quot;,&quot;likes_blog_id&quot;:29068213}' itemscope itemtype=\"http:\/\/schema.org\/ImageGallery\" > <div class=\"gallery-row\" style=\"width: 678px; height: 325px;\" data-original-width=\"678\" data-original-height=\"325\" > <div class=\"gallery-group images-2\" style=\"width: 246px; height: 325px;\" data-original-width=\"246\" data-original-height=\"325\" > <div class=\"tiled-gallery-item tiled-gallery-item-small\" itemprop=\"associatedMedia\" itemscope itemtype=\"http:\/\/schema.org\/ImageObject\"> <a href=\"https:\/\/www.funktionsmodellbau.ch\/content\/ewige-baustelle-mein-mercedes-benz-unimog\/unimog\/\" border=\"0\" itemprop=\"url\"> <meta itemprop=\"width\" content=\"242\"> <meta itemprop=\"height\" content=\"136\"> <img decoding=\"async\" class=\"\" data-attachment-id=\"7653\" data-orig-file=\"https:\/\/www.funktionsmodellbau.ch\/content\/wp-content\/uploads\/2016\/12\/Unimog.jpg\" data-orig-size=\"2048,1152\" data-comments-opened=\"1\" data-image-meta=\"{&quot;aperture&quot;:&quot;0&quot;,&quot;credit&quot;:&quot;&quot;,&quot;camera&quot;:&quot;&quot;,&quot;caption&quot;:&quot;&quot;,&quot;created_timestamp&quot;:&quot;0&quot;,&quot;copyright&quot;:&quot;&quot;,&quot;focal_length&quot;:&quot;0&quot;,&quot;iso&quot;:&quot;0&quot;,&quot;shutter_speed&quot;:&quot;0&quot;,&quot;title&quot;:&quot;&quot;,&quot;orientation&quot;:&quot;0&quot;}\" data-image-title=\"unimog\" data-image-description=\"&lt;p&gt;Mercedes-Benz Unimog&lt;\/p&gt; \" data-medium-file=\"https:\/\/i0.wp.com\/www.funktionsmodellbau.ch\/content\/wp-content\/uploads\/2016\/12\/Unimog.jpg?fit=300%2C169&#038;ssl=1\" data-large-file=\"https:\/\/i0.wp.com\/www.funktionsmodellbau.ch\/content\/wp-content\/uploads\/2016\/12\/Unimog.jpg?fit=678%2C381&#038;ssl=1\" src=\"https:\/\/i0.wp.com\/www.funktionsmodellbau.ch\/content\/wp-content\/uploads\/2016\/12\/Unimog.jpg?w=242&#038;h=136&#038;ssl=1\" srcset=\"https:\/\/i0.wp.com\/www.funktionsmodellbau.ch\/content\/wp-content\/uploads\/2016\/12\/Unimog.jpg?w=2048&amp;ssl=1 2048w, https:\/\/i0.wp.com\/www.funktionsmodellbau.ch\/content\/wp-content\/uploads\/2016\/12\/Unimog.jpg?resize=300%2C169&amp;ssl=1 300w, https:\/\/i0.wp.com\/www.funktionsmodellbau.ch\/content\/wp-content\/uploads\/2016\/12\/Unimog.jpg?resize=768%2C432&amp;ssl=1 768w, https:\/\/i0.wp.com\/www.funktionsmodellbau.ch\/content\/wp-content\/uploads\/2016\/12\/Unimog.jpg?resize=1024%2C576&amp;ssl=1 1024w, https:\/\/i0.wp.com\/www.funktionsmodellbau.ch\/content\/wp-content\/uploads\/2016\/12\/Unimog.jpg?w=1356&amp;ssl=1 1356w\" width=\"242\" height=\"136\" loading=\"lazy\" data-original-width=\"242\" data-original-height=\"136\" itemprop=\"http:\/\/schema.org\/image\" title=\"unimog\" alt=\"Mercedes-Benz Unimog\" style=\"width: 242px; height: 136px;\" \/> <\/a> <\/div> <div class=\"tiled-gallery-item tiled-gallery-item-small\" itemprop=\"associatedMedia\" itemscope itemtype=\"http:\/\/schema.org\/ImageObject\"> <a href=\"https:\/\/www.funktionsmodellbau.ch\/content\/ewige-baustelle-mein-mercedes-benz-unimog\/unimog2\/\" border=\"0\" itemprop=\"url\"> <meta itemprop=\"width\" content=\"242\"> <meta itemprop=\"height\" content=\"181\"> <img decoding=\"async\" class=\"\" data-attachment-id=\"7654\" data-orig-file=\"https:\/\/www.funktionsmodellbau.ch\/content\/wp-content\/uploads\/2016\/12\/Unimog2.jpg\" data-orig-size=\"2048,1536\" data-comments-opened=\"1\" data-image-meta=\"{&quot;aperture&quot;:&quot;0&quot;,&quot;credit&quot;:&quot;&quot;,&quot;camera&quot;:&quot;&quot;,&quot;caption&quot;:&quot;&quot;,&quot;created_timestamp&quot;:&quot;0&quot;,&quot;copyright&quot;:&quot;&quot;,&quot;focal_length&quot;:&quot;0&quot;,&quot;iso&quot;:&quot;0&quot;,&quot;shutter_speed&quot;:&quot;0&quot;,&quot;title&quot;:&quot;&quot;,&quot;orientation&quot;:&quot;0&quot;}\" data-image-title=\"unimog2\" data-image-description=\"&lt;p&gt;Mercedes-Benz Unimog&lt;\/p&gt; \" data-medium-file=\"https:\/\/i0.wp.com\/www.funktionsmodellbau.ch\/content\/wp-content\/uploads\/2016\/12\/Unimog2.jpg?fit=300%2C225&#038;ssl=1\" data-large-file=\"https:\/\/i0.wp.com\/www.funktionsmodellbau.ch\/content\/wp-content\/uploads\/2016\/12\/Unimog2.jpg?fit=678%2C509&#038;ssl=1\" src=\"https:\/\/i0.wp.com\/www.funktionsmodellbau.ch\/content\/wp-content\/uploads\/2016\/12\/Unimog2.jpg?w=242&#038;h=181&#038;ssl=1\" srcset=\"https:\/\/i0.wp.com\/www.funktionsmodellbau.ch\/content\/wp-content\/uploads\/2016\/12\/Unimog2.jpg?w=2048&amp;ssl=1 2048w, https:\/\/i0.wp.com\/www.funktionsmodellbau.ch\/content\/wp-content\/uploads\/2016\/12\/Unimog2.jpg?resize=300%2C225&amp;ssl=1 300w, https:\/\/i0.wp.com\/www.funktionsmodellbau.ch\/content\/wp-content\/uploads\/2016\/12\/Unimog2.jpg?resize=768%2C576&amp;ssl=1 768w, https:\/\/i0.wp.com\/www.funktionsmodellbau.ch\/content\/wp-content\/uploads\/2016\/12\/Unimog2.jpg?resize=1024%2C768&amp;ssl=1 1024w, https:\/\/i0.wp.com\/www.funktionsmodellbau.ch\/content\/wp-content\/uploads\/2016\/12\/Unimog2.jpg?w=1356&amp;ssl=1 1356w\" width=\"242\" height=\"181\" loading=\"lazy\" data-original-width=\"242\" data-original-height=\"181\" itemprop=\"http:\/\/schema.org\/image\" title=\"unimog2\" alt=\"Mercedes-Benz Unimog\" style=\"width: 242px; height: 181px;\" \/> <\/a> <\/div> <\/div> <!-- close group --> <div class=\"gallery-group images-1\" style=\"width: 432px; height: 325px;\" data-original-width=\"432\" data-original-height=\"325\" > <div class=\"tiled-gallery-item tiled-gallery-item-large\" itemprop=\"associatedMedia\" itemscope itemtype=\"http:\/\/schema.org\/ImageObject\"> <a href=\"https:\/\/www.funktionsmodellbau.ch\/content\/ewige-baustelle-mein-mercedes-benz-unimog\/unimog3\/\" border=\"0\" itemprop=\"url\"> <meta itemprop=\"width\" content=\"428\"> <meta itemprop=\"height\" content=\"321\"> <img decoding=\"async\" class=\"\" data-attachment-id=\"7655\" data-orig-file=\"https:\/\/www.funktionsmodellbau.ch\/content\/wp-content\/uploads\/2016\/12\/unimog3.jpg\" data-orig-size=\"2048,1536\" data-comments-opened=\"1\" data-image-meta=\"{&quot;aperture&quot;:&quot;0&quot;,&quot;credit&quot;:&quot;&quot;,&quot;camera&quot;:&quot;&quot;,&quot;caption&quot;:&quot;&quot;,&quot;created_timestamp&quot;:&quot;0&quot;,&quot;copyright&quot;:&quot;&quot;,&quot;focal_length&quot;:&quot;0&quot;,&quot;iso&quot;:&quot;0&quot;,&quot;shutter_speed&quot;:&quot;0&quot;,&quot;title&quot;:&quot;&quot;,&quot;orientation&quot;:&quot;0&quot;}\" data-image-title=\"unimog3\" data-image-description=\"&lt;p&gt;Mercedes-Benz Unimog&lt;\/p&gt; \" data-medium-file=\"https:\/\/i0.wp.com\/www.funktionsmodellbau.ch\/content\/wp-content\/uploads\/2016\/12\/unimog3.jpg?fit=300%2C225&#038;ssl=1\" data-large-file=\"https:\/\/i0.wp.com\/www.funktionsmodellbau.ch\/content\/wp-content\/uploads\/2016\/12\/unimog3.jpg?fit=678%2C509&#038;ssl=1\" src=\"https:\/\/i0.wp.com\/www.funktionsmodellbau.ch\/content\/wp-content\/uploads\/2016\/12\/unimog3.jpg?w=428&#038;h=321&#038;ssl=1\" srcset=\"https:\/\/i0.wp.com\/www.funktionsmodellbau.ch\/content\/wp-content\/uploads\/2016\/12\/unimog3.jpg?w=2048&amp;ssl=1 2048w, https:\/\/i0.wp.com\/www.funktionsmodellbau.ch\/content\/wp-content\/uploads\/2016\/12\/unimog3.jpg?resize=300%2C225&amp;ssl=1 300w, https:\/\/i0.wp.com\/www.funktionsmodellbau.ch\/content\/wp-content\/uploads\/2016\/12\/unimog3.jpg?resize=768%2C576&amp;ssl=1 768w, https:\/\/i0.wp.com\/www.funktionsmodellbau.ch\/content\/wp-content\/uploads\/2016\/12\/unimog3.jpg?resize=1024%2C768&amp;ssl=1 1024w, https:\/\/i0.wp.com\/www.funktionsmodellbau.ch\/content\/wp-content\/uploads\/2016\/12\/unimog3.jpg?w=1356&amp;ssl=1 1356w\" width=\"428\" height=\"321\" loading=\"lazy\" data-original-width=\"428\" data-original-height=\"321\" itemprop=\"http:\/\/schema.org\/image\" title=\"unimog3\" alt=\"Mercedes-Benz Unimog\" style=\"width: 428px; height: 321px;\" \/> <\/a> <\/div> <\/div> <!-- close group --> <\/div> <!-- close row --> <div class=\"gallery-row\" style=\"width: 678px; height: 255px;\" data-original-width=\"678\" data-original-height=\"255\" > <div class=\"gallery-group images-1\" style=\"width: 339px; height: 255px;\" data-original-width=\"339\" data-original-height=\"255\" > <div class=\"tiled-gallery-item tiled-gallery-item-large\" itemprop=\"associatedMedia\" itemscope itemtype=\"http:\/\/schema.org\/ImageObject\"> <a href=\"https:\/\/www.funktionsmodellbau.ch\/content\/ewige-baustelle-mein-mercedes-benz-unimog\/unimog4\/\" border=\"0\" itemprop=\"url\"> <meta itemprop=\"width\" content=\"335\"> <meta itemprop=\"height\" content=\"251\"> <img decoding=\"async\" class=\"\" data-attachment-id=\"7656\" data-orig-file=\"https:\/\/www.funktionsmodellbau.ch\/content\/wp-content\/uploads\/2016\/12\/unimog4.jpg\" data-orig-size=\"2048,1536\" data-comments-opened=\"1\" data-image-meta=\"{&quot;aperture&quot;:&quot;0&quot;,&quot;credit&quot;:&quot;&quot;,&quot;camera&quot;:&quot;&quot;,&quot;caption&quot;:&quot;&quot;,&quot;created_timestamp&quot;:&quot;0&quot;,&quot;copyright&quot;:&quot;&quot;,&quot;focal_length&quot;:&quot;0&quot;,&quot;iso&quot;:&quot;0&quot;,&quot;shutter_speed&quot;:&quot;0&quot;,&quot;title&quot;:&quot;&quot;,&quot;orientation&quot;:&quot;0&quot;}\" data-image-title=\"unimog4\" data-image-description=\"&lt;p&gt;Mercedes-Benz Unimog&lt;\/p&gt; \" data-medium-file=\"https:\/\/i0.wp.com\/www.funktionsmodellbau.ch\/content\/wp-content\/uploads\/2016\/12\/unimog4.jpg?fit=300%2C225&#038;ssl=1\" data-large-file=\"https:\/\/i0.wp.com\/www.funktionsmodellbau.ch\/content\/wp-content\/uploads\/2016\/12\/unimog4.jpg?fit=678%2C509&#038;ssl=1\" src=\"https:\/\/i0.wp.com\/www.funktionsmodellbau.ch\/content\/wp-content\/uploads\/2016\/12\/unimog4.jpg?w=335&#038;h=251&#038;ssl=1\" srcset=\"https:\/\/i0.wp.com\/www.funktionsmodellbau.ch\/content\/wp-content\/uploads\/2016\/12\/unimog4.jpg?w=2048&amp;ssl=1 2048w, https:\/\/i0.wp.com\/www.funktionsmodellbau.ch\/content\/wp-content\/uploads\/2016\/12\/unimog4.jpg?resize=300%2C225&amp;ssl=1 300w, https:\/\/i0.wp.com\/www.funktionsmodellbau.ch\/content\/wp-content\/uploads\/2016\/12\/unimog4.jpg?resize=768%2C576&amp;ssl=1 768w, https:\/\/i0.wp.com\/www.funktionsmodellbau.ch\/content\/wp-content\/uploads\/2016\/12\/unimog4.jpg?resize=1024%2C768&amp;ssl=1 1024w, https:\/\/i0.wp.com\/www.funktionsmodellbau.ch\/content\/wp-content\/uploads\/2016\/12\/unimog4.jpg?w=1356&amp;ssl=1 1356w\" width=\"335\" height=\"251\" loading=\"lazy\" data-original-width=\"335\" data-original-height=\"251\" itemprop=\"http:\/\/schema.org\/image\" title=\"unimog4\" alt=\"Mercedes-Benz Unimog\" style=\"width: 335px; height: 251px;\" \/> <\/a> <\/div> <\/div> <!-- close group --> <div class=\"gallery-group images-1\" style=\"width: 339px; height: 255px;\" data-original-width=\"339\" data-original-height=\"255\" > <div class=\"tiled-gallery-item tiled-gallery-item-large\" itemprop=\"associatedMedia\" itemscope itemtype=\"http:\/\/schema.org\/ImageObject\"> <a href=\"https:\/\/www.funktionsmodellbau.ch\/content\/ewige-baustelle-mein-mercedes-benz-unimog\/unimog5\/\" border=\"0\" itemprop=\"url\"> <meta itemprop=\"width\" content=\"335\"> <meta itemprop=\"height\" content=\"251\"> <img decoding=\"async\" class=\"\" data-attachment-id=\"7657\" data-orig-file=\"https:\/\/www.funktionsmodellbau.ch\/content\/wp-content\/uploads\/2016\/12\/unimog5.jpg\" data-orig-size=\"2048,1536\" data-comments-opened=\"1\" data-image-meta=\"{&quot;aperture&quot;:&quot;0&quot;,&quot;credit&quot;:&quot;&quot;,&quot;camera&quot;:&quot;&quot;,&quot;caption&quot;:&quot;&quot;,&quot;created_timestamp&quot;:&quot;0&quot;,&quot;copyright&quot;:&quot;&quot;,&quot;focal_length&quot;:&quot;0&quot;,&quot;iso&quot;:&quot;0&quot;,&quot;shutter_speed&quot;:&quot;0&quot;,&quot;title&quot;:&quot;&quot;,&quot;orientation&quot;:&quot;0&quot;}\" data-image-title=\"unimog5\" data-image-description=\"&lt;p&gt;Mercedes-Benz Unimog&lt;\/p&gt; \" data-medium-file=\"https:\/\/i0.wp.com\/www.funktionsmodellbau.ch\/content\/wp-content\/uploads\/2016\/12\/unimog5.jpg?fit=300%2C225&#038;ssl=1\" data-large-file=\"https:\/\/i0.wp.com\/www.funktionsmodellbau.ch\/content\/wp-content\/uploads\/2016\/12\/unimog5.jpg?fit=678%2C509&#038;ssl=1\" src=\"https:\/\/i0.wp.com\/www.funktionsmodellbau.ch\/content\/wp-content\/uploads\/2016\/12\/unimog5.jpg?w=335&#038;h=251&#038;ssl=1\" srcset=\"https:\/\/i0.wp.com\/www.funktionsmodellbau.ch\/content\/wp-content\/uploads\/2016\/12\/unimog5.jpg?w=2048&amp;ssl=1 2048w, https:\/\/i0.wp.com\/www.funktionsmodellbau.ch\/content\/wp-content\/uploads\/2016\/12\/unimog5.jpg?resize=300%2C225&amp;ssl=1 300w, https:\/\/i0.wp.com\/www.funktionsmodellbau.ch\/content\/wp-content\/uploads\/2016\/12\/unimog5.jpg?resize=768%2C576&amp;ssl=1 768w, https:\/\/i0.wp.com\/www.funktionsmodellbau.ch\/content\/wp-content\/uploads\/2016\/12\/unimog5.jpg?resize=1024%2C768&amp;ssl=1 1024w, https:\/\/i0.wp.com\/www.funktionsmodellbau.ch\/content\/wp-content\/uploads\/2016\/12\/unimog5.jpg?w=1356&amp;ssl=1 1356w\" width=\"335\" height=\"251\" loading=\"lazy\" data-original-width=\"335\" data-original-height=\"251\" itemprop=\"http:\/\/schema.org\/image\" title=\"unimog5\" alt=\"Mercedes-Benz Unimog\" style=\"width: 335px; height: 251px;\" \/> <\/a> <\/div> <\/div> <!-- close group --> <\/div> <!-- close row --> <\/div>\n<p>Was will ich denn \u00fcberhaupt? Ich will das <strong>Schild heben und senken<\/strong> und auf <strong>beide Seiten schwenken k\u00f6nnen<\/strong>. Viele von euch haben so etwas bereits umgesetzt. Vielleicht kann mir jemand etwas mit Tipps und vor allem guten Bildern weiter helfen? Im Moment darf die Umsetzung auch mit Servos sein. Vielleicht kann es sp\u00e4ter auch mal mit Spindeln verbessert werden? Die Befestigung des Pflugs zum Chassis darf dabei auch etwas eleganter ausfallen, als auf den Bildern zu sehen \ud83d\ude42<\/p>\n<p>Also, ich freue mich auf eure Tipps. Haut einfach unten in die Kommentare rein.<\/p>\n<p>&nbsp;<\/p>\n<p>&nbsp;<\/p>\n<p>&nbsp;<\/p>\n<p>&nbsp;<\/p>\n","protected":false},"excerpt":{"rendered":"<p>Als ich irgendwann um das Jahr 2004 meinen ersten Modelltruck, den Tamiya Globe Liner baute, interessierten mich schon m\u00f6gliche Umbauten, die aus einem Dickie- oder einem Carson-Unimog mit einem Tamiya <a class=\"more-link\" href=\"https:\/\/www.funktionsmodellbau.ch\/content\/ewige-baustelle-mein-mercedes-benz-unimog\/\">Weiter lesen \u2192<\/a><\/p>\n","protected":false},"author":1,"featured_media":0,"comment_status":"open","ping_status":"open","sticky":false,"template":"","format":"standard","meta":{"jetpack_post_was_ever_published":false,"_jetpack_newsletter_access":"","_jetpack_dont_email_post_to_subs":false,"_jetpack_newsletter_tier_id":0,"_jetpack_memberships_contains_paywalled_content":false,"_jetpack_memberships_contains_paid_content":false,"footnotes":""},"categories":[12,806,769],"tags":[185,770,151,575,346,18,250,772,771],"series":[],"yoast_head":"<!-- This site is optimized with the Yoast SEO plugin v24.5 - https:\/\/yoast.com\/wordpress\/plugins\/seo\/ -->\n<title>Ewige Baustelle - mein Mercedes-Benz Unimog - funktionsmodellbau.ch<\/title>\n<meta name=\"robots\" content=\"index, follow, max-snippet:-1, max-image-preview:large, max-video-preview:-1\" \/>\n<link rel=\"canonical\" href=\"https:\/\/www.funktionsmodellbau.ch\/content\/ewige-baustelle-mein-mercedes-benz-unimog\/\" \/>\n<meta property=\"og:locale\" content=\"de_DE\" \/>\n<meta property=\"og:type\" content=\"article\" \/>\n<meta property=\"og:title\" content=\"Ewige Baustelle - mein Mercedes-Benz Unimog - funktionsmodellbau.ch\" \/>\n<meta property=\"og:description\" content=\"Als ich irgendwann um das Jahr 2004 meinen ersten Modelltruck, den Tamiya Globe Liner baute, interessierten mich schon m\u00f6gliche Umbauten, die aus einem Dickie- oder einem Carson-Unimog mit einem Tamiya Weiter lesen \u2192\" \/>\n<meta property=\"og:url\" content=\"https:\/\/www.funktionsmodellbau.ch\/content\/ewige-baustelle-mein-mercedes-benz-unimog\/\" \/>\n<meta property=\"og:site_name\" content=\"funktionsmodellbau.ch\" \/>\n<meta property=\"article:publisher\" content=\"https:\/\/www.facebook.com\/funktionsmodellbau\/\" \/>\n<meta property=\"article:published_time\" content=\"2016-12-12T16:35:04+00:00\" \/>\n<meta property=\"article:modified_time\" content=\"2017-08-10T11:44:57+00:00\" \/>\n<meta property=\"og:image\" content=\"https:\/\/i0.wp.com\/www.funktionsmodellbau.ch\/content\/wp-content\/uploads\/2016\/12\/Unimog.jpg?w=242&#038;h=136&#038;ssl=1\" \/>\n<meta name=\"author\" content=\"chef\" \/>\n<meta name=\"twitter:card\" content=\"summary_large_image\" \/>\n<meta name=\"twitter:creator\" content=\"@funktionsmodell\" \/>\n<meta name=\"twitter:site\" content=\"@funktionsmodell\" \/>\n<meta name=\"twitter:label1\" content=\"Verfasst von\" \/>\n\t<meta name=\"twitter:data1\" content=\"chef\" \/>\n\t<meta name=\"twitter:label2\" content=\"Gesch\u00e4tzte Lesezeit\" \/>\n\t<meta name=\"twitter:data2\" content=\"2\u00a0Minuten\" \/>\n<script type=\"application\/ld+json\" class=\"yoast-schema-graph\">{\"@context\":\"https:\/\/schema.org\",\"@graph\":[{\"@type\":\"WebPage\",\"@id\":\"https:\/\/www.funktionsmodellbau.ch\/content\/ewige-baustelle-mein-mercedes-benz-unimog\/\",\"url\":\"https:\/\/www.funktionsmodellbau.ch\/content\/ewige-baustelle-mein-mercedes-benz-unimog\/\",\"name\":\"Ewige Baustelle - mein Mercedes-Benz Unimog - funktionsmodellbau.ch\",\"isPartOf\":{\"@id\":\"https:\/\/www.funktionsmodellbau.ch\/content\/#website\"},\"primaryImageOfPage\":{\"@id\":\"https:\/\/www.funktionsmodellbau.ch\/content\/ewige-baustelle-mein-mercedes-benz-unimog\/#primaryimage\"},\"image\":{\"@id\":\"https:\/\/www.funktionsmodellbau.ch\/content\/ewige-baustelle-mein-mercedes-benz-unimog\/#primaryimage\"},\"thumbnailUrl\":\"https:\/\/www.funktionsmodellbau.ch\/content\/wp-content\/uploads\/2016\/12\/mercedes-benz-unimog_thumbnail.jpg\",\"datePublished\":\"2016-12-12T16:35:04+00:00\",\"dateModified\":\"2017-08-10T11:44:57+00:00\",\"author\":{\"@id\":\"https:\/\/www.funktionsmodellbau.ch\/content\/#\/schema\/person\/51e2b2a5a18752596eee2eadbbb2d6a7\"},\"breadcrumb\":{\"@id\":\"https:\/\/www.funktionsmodellbau.ch\/content\/ewige-baustelle-mein-mercedes-benz-unimog\/#breadcrumb\"},\"inLanguage\":\"de\",\"potentialAction\":[{\"@type\":\"ReadAction\",\"target\":[\"https:\/\/www.funktionsmodellbau.ch\/content\/ewige-baustelle-mein-mercedes-benz-unimog\/\"]}]},{\"@type\":\"ImageObject\",\"inLanguage\":\"de\",\"@id\":\"https:\/\/www.funktionsmodellbau.ch\/content\/ewige-baustelle-mein-mercedes-benz-unimog\/#primaryimage\",\"url\":\"https:\/\/i0.wp.com\/www.funktionsmodellbau.ch\/content\/wp-content\/uploads\/2016\/12\/mercedes-benz-unimog_thumbnail.jpg?fit=3264%2C1840&ssl=1\",\"contentUrl\":\"https:\/\/i0.wp.com\/www.funktionsmodellbau.ch\/content\/wp-content\/uploads\/2016\/12\/mercedes-benz-unimog_thumbnail.jpg?fit=3264%2C1840&ssl=1\",\"width\":3264,\"height\":1840,\"caption\":\"Mercedes-Benz Unimog\"},{\"@type\":\"BreadcrumbList\",\"@id\":\"https:\/\/www.funktionsmodellbau.ch\/content\/ewige-baustelle-mein-mercedes-benz-unimog\/#breadcrumb\",\"itemListElement\":[{\"@type\":\"ListItem\",\"position\":1,\"name\":\"Startseite\",\"item\":\"https:\/\/www.funktionsmodellbau.ch\/content\/\"},{\"@type\":\"ListItem\",\"position\":2,\"name\":\"Ewige Baustelle &#8211; mein Mercedes-Benz Unimog\"}]},{\"@type\":\"WebSite\",\"@id\":\"https:\/\/www.funktionsmodellbau.ch\/content\/#website\",\"url\":\"https:\/\/www.funktionsmodellbau.ch\/content\/\",\"name\":\"funktionsmodellbau.ch\",\"description\":\"RC MODELLNUTZFAHRZEUGE | RC TRUCK-MODELLBAU | RC SCALE CARS | RC BOOTE\",\"potentialAction\":[{\"@type\":\"SearchAction\",\"target\":{\"@type\":\"EntryPoint\",\"urlTemplate\":\"https:\/\/www.funktionsmodellbau.ch\/content\/?s={search_term_string}\"},\"query-input\":{\"@type\":\"PropertyValueSpecification\",\"valueRequired\":true,\"valueName\":\"search_term_string\"}}],\"inLanguage\":\"de\"},{\"@type\":\"Person\",\"@id\":\"https:\/\/www.funktionsmodellbau.ch\/content\/#\/schema\/person\/51e2b2a5a18752596eee2eadbbb2d6a7\",\"name\":\"chef\",\"image\":{\"@type\":\"ImageObject\",\"inLanguage\":\"de\",\"@id\":\"https:\/\/www.funktionsmodellbau.ch\/content\/#\/schema\/person\/image\/\",\"url\":\"https:\/\/secure.gravatar.com\/avatar\/30a0ceeb5c6accda997741393cc0673d?s=96&r=g\",\"contentUrl\":\"https:\/\/secure.gravatar.com\/avatar\/30a0ceeb5c6accda997741393cc0673d?s=96&r=g\",\"caption\":\"chef\"},\"description\":\"Hallo, ich heisse Fabian und bin hier der Hausmeister. Mich interessiert zwar die ganze Bandbreite im Modellbau, mein Fokus ist aber der Funktionsmodellbau. Speziell RC-Modellnutzfahrzeuge. Ihr findet mich auch auf Twitter, Facebook und Google+\",\"sameAs\":[\"https:\/\/www.funktionsmodellbau.ch\"],\"url\":\"https:\/\/www.funktionsmodellbau.ch\/content\/author\/admin\/\"}]}<\/script>\n<!-- \/ Yoast SEO plugin. -->","yoast_head_json":{"title":"Ewige Baustelle - mein Mercedes-Benz Unimog - funktionsmodellbau.ch","robots":{"index":"index","follow":"follow","max-snippet":"max-snippet:-1","max-image-preview":"max-image-preview:large","max-video-preview":"max-video-preview:-1"},"canonical":"https:\/\/www.funktionsmodellbau.ch\/content\/ewige-baustelle-mein-mercedes-benz-unimog\/","og_locale":"de_DE","og_type":"article","og_title":"Ewige Baustelle - mein Mercedes-Benz Unimog - funktionsmodellbau.ch","og_description":"Als ich irgendwann um das Jahr 2004 meinen ersten Modelltruck, den Tamiya Globe Liner baute, interessierten mich schon m\u00f6gliche Umbauten, die aus einem Dickie- oder einem Carson-Unimog mit einem Tamiya Weiter lesen \u2192","og_url":"https:\/\/www.funktionsmodellbau.ch\/content\/ewige-baustelle-mein-mercedes-benz-unimog\/","og_site_name":"funktionsmodellbau.ch","article_publisher":"https:\/\/www.facebook.com\/funktionsmodellbau\/","article_published_time":"2016-12-12T16:35:04+00:00","article_modified_time":"2017-08-10T11:44:57+00:00","og_image":[{"url":"https:\/\/i0.wp.com\/www.funktionsmodellbau.ch\/content\/wp-content\/uploads\/2016\/12\/Unimog.jpg?w=242&#038;h=136&#038;ssl=1","type":"","width":"","height":""}],"author":"chef","twitter_card":"summary_large_image","twitter_creator":"@funktionsmodell","twitter_site":"@funktionsmodell","twitter_misc":{"Verfasst von":"chef","Gesch\u00e4tzte Lesezeit":"2\u00a0Minuten"},"schema":{"@context":"https:\/\/schema.org","@graph":[{"@type":"WebPage","@id":"https:\/\/www.funktionsmodellbau.ch\/content\/ewige-baustelle-mein-mercedes-benz-unimog\/","url":"https:\/\/www.funktionsmodellbau.ch\/content\/ewige-baustelle-mein-mercedes-benz-unimog\/","name":"Ewige Baustelle - mein Mercedes-Benz Unimog - funktionsmodellbau.ch","isPartOf":{"@id":"https:\/\/www.funktionsmodellbau.ch\/content\/#website"},"primaryImageOfPage":{"@id":"https:\/\/www.funktionsmodellbau.ch\/content\/ewige-baustelle-mein-mercedes-benz-unimog\/#primaryimage"},"image":{"@id":"https:\/\/www.funktionsmodellbau.ch\/content\/ewige-baustelle-mein-mercedes-benz-unimog\/#primaryimage"},"thumbnailUrl":"https:\/\/www.funktionsmodellbau.ch\/content\/wp-content\/uploads\/2016\/12\/mercedes-benz-unimog_thumbnail.jpg","datePublished":"2016-12-12T16:35:04+00:00","dateModified":"2017-08-10T11:44:57+00:00","author":{"@id":"https:\/\/www.funktionsmodellbau.ch\/content\/#\/schema\/person\/51e2b2a5a18752596eee2eadbbb2d6a7"},"breadcrumb":{"@id":"https:\/\/www.funktionsmodellbau.ch\/content\/ewige-baustelle-mein-mercedes-benz-unimog\/#breadcrumb"},"inLanguage":"de","potentialAction":[{"@type":"ReadAction","target":["https:\/\/www.funktionsmodellbau.ch\/content\/ewige-baustelle-mein-mercedes-benz-unimog\/"]}]},{"@type":"ImageObject","inLanguage":"de","@id":"https:\/\/www.funktionsmodellbau.ch\/content\/ewige-baustelle-mein-mercedes-benz-unimog\/#primaryimage","url":"https:\/\/i0.wp.com\/www.funktionsmodellbau.ch\/content\/wp-content\/uploads\/2016\/12\/mercedes-benz-unimog_thumbnail.jpg?fit=3264%2C1840&ssl=1","contentUrl":"https:\/\/i0.wp.com\/www.funktionsmodellbau.ch\/content\/wp-content\/uploads\/2016\/12\/mercedes-benz-unimog_thumbnail.jpg?fit=3264%2C1840&ssl=1","width":3264,"height":1840,"caption":"Mercedes-Benz Unimog"},{"@type":"BreadcrumbList","@id":"https:\/\/www.funktionsmodellbau.ch\/content\/ewige-baustelle-mein-mercedes-benz-unimog\/#breadcrumb","itemListElement":[{"@type":"ListItem","position":1,"name":"Startseite","item":"https:\/\/www.funktionsmodellbau.ch\/content\/"},{"@type":"ListItem","position":2,"name":"Ewige Baustelle &#8211; mein Mercedes-Benz Unimog"}]},{"@type":"WebSite","@id":"https:\/\/www.funktionsmodellbau.ch\/content\/#website","url":"https:\/\/www.funktionsmodellbau.ch\/content\/","name":"funktionsmodellbau.ch","description":"RC MODELLNUTZFAHRZEUGE | RC TRUCK-MODELLBAU | RC SCALE CARS | RC BOOTE","potentialAction":[{"@type":"SearchAction","target":{"@type":"EntryPoint","urlTemplate":"https:\/\/www.funktionsmodellbau.ch\/content\/?s={search_term_string}"},"query-input":{"@type":"PropertyValueSpecification","valueRequired":true,"valueName":"search_term_string"}}],"inLanguage":"de"},{"@type":"Person","@id":"https:\/\/www.funktionsmodellbau.ch\/content\/#\/schema\/person\/51e2b2a5a18752596eee2eadbbb2d6a7","name":"chef","image":{"@type":"ImageObject","inLanguage":"de","@id":"https:\/\/www.funktionsmodellbau.ch\/content\/#\/schema\/person\/image\/","url":"https:\/\/secure.gravatar.com\/avatar\/30a0ceeb5c6accda997741393cc0673d?s=96&r=g","contentUrl":"https:\/\/secure.gravatar.com\/avatar\/30a0ceeb5c6accda997741393cc0673d?s=96&r=g","caption":"chef"},"description":"Hallo, ich heisse Fabian und bin hier der Hausmeister. Mich interessiert zwar die ganze Bandbreite im Modellbau, mein Fokus ist aber der Funktionsmodellbau. Speziell RC-Modellnutzfahrzeuge. Ihr findet mich auch auf Twitter, Facebook und Google+","sameAs":["https:\/\/www.funktionsmodellbau.ch"],"url":"https:\/\/www.funktionsmodellbau.ch\/content\/author\/admin\/"}]}},"jetpack_sharing_enabled":true,"jetpack_featured_media_url":"","_links":{"self":[{"href":"https:\/\/www.funktionsmodellbau.ch\/content\/wp-json\/wp\/v2\/posts\/7648"}],"collection":[{"href":"https:\/\/www.funktionsmodellbau.ch\/content\/wp-json\/wp\/v2\/posts"}],"about":[{"href":"https:\/\/www.funktionsmodellbau.ch\/content\/wp-json\/wp\/v2\/types\/post"}],"author":[{"embeddable":true,"href":"https:\/\/www.funktionsmodellbau.ch\/content\/wp-json\/wp\/v2\/users\/1"}],"replies":[{"embeddable":true,"href":"https:\/\/www.funktionsmodellbau.ch\/content\/wp-json\/wp\/v2\/comments?post=7648"}],"version-history":[{"count":6,"href":"https:\/\/www.funktionsmodellbau.ch\/content\/wp-json\/wp\/v2\/posts\/7648\/revisions"}],"predecessor-version":[{"id":8114,"href":"https:\/\/www.funktionsmodellbau.ch\/content\/wp-json\/wp\/v2\/posts\/7648\/revisions\/8114"}],"wp:attachment":[{"href":"https:\/\/www.funktionsmodellbau.ch\/content\/wp-json\/wp\/v2\/media?parent=7648"}],"wp:term":[{"taxonomy":"category","embeddable":true,"href":"https:\/\/www.funktionsmodellbau.ch\/content\/wp-json\/wp\/v2\/categories?post=7648"},{"taxonomy":"post_tag","embeddable":true,"href":"https:\/\/www.funktionsmodellbau.ch\/content\/wp-json\/wp\/v2\/tags?post=7648"},{"taxonomy":"series","embeddable":true,"href":"https:\/\/www.funktionsmodellbau.ch\/content\/wp-json\/wp\/v2\/series?post=7648"}],"curies":[{"name":"wp","href":"https:\/\/api.w.org\/{rel}","templated":true}]}}