{"id":7572,"date":"2016-08-22T18:03:39","date_gmt":"2016-08-22T17:03:39","guid":{"rendered":"https:\/\/www.funktionsmodellbau.ch\/content\/?p=7572"},"modified":"2017-08-10T12:48:54","modified_gmt":"2017-08-10T11:48:54","slug":"rc-truck-event-chommle-trucker-gunzwil-ch-2016","status":"publish","type":"post","link":"https:\/\/www.funktionsmodellbau.ch\/content\/rc-truck-event-chommle-trucker-gunzwil-ch-2016\/","title":{"rendered":"RC Truck Event: Chommle Trucker, Gunzwil (CH) 2016"},"content":{"rendered":"<p>Am Wochenende 20.\/21.8.2016 f\u00fchrten die <a href=\"http:\/\/www.chommle-trucker.ch\" class=\"broken_link\">Chommle-Trucker<\/a> ihr 9. Modelltrucktreffen durch. Das Wetter spielte zwar nicht so ganz mit. Auch&nbsp;am&nbsp;Sonntagmorgen gab es noch ein, zwei Schauer. Danach war dann aber Sonnenschein angesagt.<\/p>\n<p><a href=\"https:\/\/i0.wp.com\/www.funktionsmodellbau.ch\/content\/wp-content\/uploads\/2016\/08\/best_of_rc_truck_event_gunzwil_2016.jpg?ssl=1\"><img data-recalc-dims=\"1\" loading=\"lazy\" decoding=\"async\" data-attachment-id=\"7594\" data-permalink=\"https:\/\/www.funktionsmodellbau.ch\/content\/rc-truck-event-chommle-trucker-gunzwil-ch-2016\/best_of_rc_truck_event_gunzwil_2016\/\" data-orig-file=\"https:\/\/i0.wp.com\/www.funktionsmodellbau.ch\/content\/wp-content\/uploads\/2016\/08\/best_of_rc_truck_event_gunzwil_2016.jpg?fit=3264%2C1840&amp;ssl=1\" data-orig-size=\"3264,1840\" data-comments-opened=\"1\" data-image-meta=\"{&quot;aperture&quot;:&quot;0&quot;,&quot;credit&quot;:&quot;&quot;,&quot;camera&quot;:&quot;&quot;,&quot;caption&quot;:&quot;&quot;,&quot;created_timestamp&quot;:&quot;0&quot;,&quot;copyright&quot;:&quot;&quot;,&quot;focal_length&quot;:&quot;0&quot;,&quot;iso&quot;:&quot;0&quot;,&quot;shutter_speed&quot;:&quot;0&quot;,&quot;title&quot;:&quot;&quot;,&quot;orientation&quot;:&quot;0&quot;}\" data-image-title=\"best_of_rc_truck_event_gunzwil_2016\" data-image-description=\"&lt;p&gt;Teaser Chommle Trucker&lt;\/p&gt;\n\" data-image-caption=\"\" data-medium-file=\"https:\/\/i0.wp.com\/www.funktionsmodellbau.ch\/content\/wp-content\/uploads\/2016\/08\/best_of_rc_truck_event_gunzwil_2016.jpg?fit=300%2C169&amp;ssl=1\" data-large-file=\"https:\/\/i0.wp.com\/www.funktionsmodellbau.ch\/content\/wp-content\/uploads\/2016\/08\/best_of_rc_truck_event_gunzwil_2016.jpg?fit=678%2C382&amp;ssl=1\" class=\"alignnone size-full wp-image-7594\" src=\"https:\/\/i0.wp.com\/www.funktionsmodellbau.ch\/content\/wp-content\/uploads\/2016\/08\/best_of_rc_truck_event_gunzwil_2016.jpg?resize=678%2C382&#038;ssl=1\" alt=\"Teaser Chommle Trucker\" width=\"678\" height=\"382\" srcset=\"https:\/\/i0.wp.com\/www.funktionsmodellbau.ch\/content\/wp-content\/uploads\/2016\/08\/best_of_rc_truck_event_gunzwil_2016.jpg?w=3264&amp;ssl=1 3264w, https:\/\/i0.wp.com\/www.funktionsmodellbau.ch\/content\/wp-content\/uploads\/2016\/08\/best_of_rc_truck_event_gunzwil_2016.jpg?resize=300%2C169&amp;ssl=1 300w, https:\/\/i0.wp.com\/www.funktionsmodellbau.ch\/content\/wp-content\/uploads\/2016\/08\/best_of_rc_truck_event_gunzwil_2016.jpg?resize=768%2C433&amp;ssl=1 768w, https:\/\/i0.wp.com\/www.funktionsmodellbau.ch\/content\/wp-content\/uploads\/2016\/08\/best_of_rc_truck_event_gunzwil_2016.jpg?resize=1024%2C577&amp;ssl=1 1024w, https:\/\/i0.wp.com\/www.funktionsmodellbau.ch\/content\/wp-content\/uploads\/2016\/08\/best_of_rc_truck_event_gunzwil_2016.jpg?w=1356&amp;ssl=1 1356w, https:\/\/i0.wp.com\/www.funktionsmodellbau.ch\/content\/wp-content\/uploads\/2016\/08\/best_of_rc_truck_event_gunzwil_2016.jpg?w=2034&amp;ssl=1 2034w\" sizes=\"(max-width: 678px) 100vw, 678px\" \/><\/a><\/p>\n<p><!--more--><\/p>\n<p><script language=\"javascript\"><!--\ndocument.write('<scr'+'ipt language=\"javascript1.1\" src=\"http:\/\/adserver.adtech.de\/addyn|3.0|1104|5115806|0|1|ADTECH;loc=100;target=_blank;kvcat=1_15;misc=[timestamp]\"><\/scri'+'pt>');\n\/\/-->\n<\/script><\/p>\n<p>Da hatte ich Gl\u00fcck, ich hatte mir den Sonntag reserviert und war mit zwei Fahrzeugen anwesend, die ich auch bewegte! Die meiste Zeit war ich aber mit den Kameras unterwegs, um m\u00f6glichst viele Videoszenen einzufangen. Bis ich das Video geschnitten habe, dauert es gut ein bis zwei Wochen. F\u00fcr die \u00dcberbr\u00fcckung ein paar wenige Standbilder.<\/p>\n<div class=\"tiled-gallery type-rectangular tiled-gallery-unresized\" data-original-width=\"678\" data-carousel-extra='{&quot;blog_id&quot;:1,&quot;permalink&quot;:&quot;https:\\\/\\\/www.funktionsmodellbau.ch\\\/content\\\/rc-truck-event-chommle-trucker-gunzwil-ch-2016\\\/&quot;,&quot;likes_blog_id&quot;:29068213}' itemscope itemtype=\"http:\/\/schema.org\/ImageGallery\" > <div class=\"gallery-row\" style=\"width: 678px; height: 340px;\" data-original-width=\"678\" data-original-height=\"340\" > <div class=\"gallery-group images-1\" style=\"width: 452px; height: 340px;\" data-original-width=\"452\" data-original-height=\"340\" > <div class=\"tiled-gallery-item tiled-gallery-item-large\" itemprop=\"associatedMedia\" itemscope itemtype=\"http:\/\/schema.org\/ImageObject\"> <a href=\"https:\/\/www.funktionsmodellbau.ch\/content\/rc-truck-event-chommle-trucker-gunzwil-ch-2016\/p1070594\/\" border=\"0\" itemprop=\"url\"> <meta itemprop=\"width\" content=\"448\"> <meta itemprop=\"height\" content=\"336\"> <img decoding=\"async\" class=\"\" data-attachment-id=\"7574\" data-orig-file=\"https:\/\/www.funktionsmodellbau.ch\/content\/wp-content\/uploads\/2016\/08\/P1070594.jpg\" data-orig-size=\"2048,1536\" data-comments-opened=\"1\" data-image-meta=\"{&quot;aperture&quot;:&quot;0&quot;,&quot;credit&quot;:&quot;&quot;,&quot;camera&quot;:&quot;&quot;,&quot;caption&quot;:&quot;&quot;,&quot;created_timestamp&quot;:&quot;0&quot;,&quot;copyright&quot;:&quot;&quot;,&quot;focal_length&quot;:&quot;0&quot;,&quot;iso&quot;:&quot;0&quot;,&quot;shutter_speed&quot;:&quot;0&quot;,&quot;title&quot;:&quot;&quot;,&quot;orientation&quot;:&quot;0&quot;}\" data-image-title=\"P1070594\" data-image-description=\"&lt;p&gt;Chommle Trucker&lt;\/p&gt; \" data-medium-file=\"https:\/\/i0.wp.com\/www.funktionsmodellbau.ch\/content\/wp-content\/uploads\/2016\/08\/P1070594.jpg?fit=300%2C225&#038;ssl=1\" data-large-file=\"https:\/\/i0.wp.com\/www.funktionsmodellbau.ch\/content\/wp-content\/uploads\/2016\/08\/P1070594.jpg?fit=678%2C509&#038;ssl=1\" src=\"https:\/\/i0.wp.com\/www.funktionsmodellbau.ch\/content\/wp-content\/uploads\/2016\/08\/P1070594.jpg?w=448&#038;h=336&#038;ssl=1\" srcset=\"https:\/\/i0.wp.com\/www.funktionsmodellbau.ch\/content\/wp-content\/uploads\/2016\/08\/P1070594.jpg?w=2048&amp;ssl=1 2048w, https:\/\/i0.wp.com\/www.funktionsmodellbau.ch\/content\/wp-content\/uploads\/2016\/08\/P1070594.jpg?resize=300%2C225&amp;ssl=1 300w, https:\/\/i0.wp.com\/www.funktionsmodellbau.ch\/content\/wp-content\/uploads\/2016\/08\/P1070594.jpg?resize=768%2C576&amp;ssl=1 768w, https:\/\/i0.wp.com\/www.funktionsmodellbau.ch\/content\/wp-content\/uploads\/2016\/08\/P1070594.jpg?resize=1024%2C768&amp;ssl=1 1024w, https:\/\/i0.wp.com\/www.funktionsmodellbau.ch\/content\/wp-content\/uploads\/2016\/08\/P1070594.jpg?w=1356&amp;ssl=1 1356w\" width=\"448\" height=\"336\" loading=\"lazy\" data-original-width=\"448\" data-original-height=\"336\" itemprop=\"http:\/\/schema.org\/image\" title=\"P1070594\" alt=\"Chommle Trucker\" style=\"width: 448px; height: 336px;\" \/> <\/a> <div class=\"tiled-gallery-caption\" itemprop=\"caption description\"> Impressionen Chommle Trucker 2016 <\/div> <\/div> <\/div> <!-- close group --> <div class=\"gallery-group images-2\" style=\"width: 226px; height: 340px;\" data-original-width=\"226\" data-original-height=\"340\" > <div class=\"tiled-gallery-item tiled-gallery-item-small\" itemprop=\"associatedMedia\" itemscope itemtype=\"http:\/\/schema.org\/ImageObject\"> <a href=\"https:\/\/www.funktionsmodellbau.ch\/content\/rc-truck-event-chommle-trucker-gunzwil-ch-2016\/p1070595\/\" border=\"0\" itemprop=\"url\"> <meta itemprop=\"width\" content=\"222\"> <meta itemprop=\"height\" content=\"166\"> <img decoding=\"async\" class=\"\" data-attachment-id=\"7575\" data-orig-file=\"https:\/\/www.funktionsmodellbau.ch\/content\/wp-content\/uploads\/2016\/08\/P1070595.jpg\" data-orig-size=\"2048,1536\" data-comments-opened=\"1\" data-image-meta=\"{&quot;aperture&quot;:&quot;0&quot;,&quot;credit&quot;:&quot;&quot;,&quot;camera&quot;:&quot;&quot;,&quot;caption&quot;:&quot;&quot;,&quot;created_timestamp&quot;:&quot;0&quot;,&quot;copyright&quot;:&quot;&quot;,&quot;focal_length&quot;:&quot;0&quot;,&quot;iso&quot;:&quot;0&quot;,&quot;shutter_speed&quot;:&quot;0&quot;,&quot;title&quot;:&quot;&quot;,&quot;orientation&quot;:&quot;0&quot;}\" data-image-title=\"P1070595\" data-image-description=\"&lt;p&gt;Chommle Trucker&lt;\/p&gt; \" data-medium-file=\"https:\/\/i0.wp.com\/www.funktionsmodellbau.ch\/content\/wp-content\/uploads\/2016\/08\/P1070595.jpg?fit=300%2C225&#038;ssl=1\" data-large-file=\"https:\/\/i0.wp.com\/www.funktionsmodellbau.ch\/content\/wp-content\/uploads\/2016\/08\/P1070595.jpg?fit=678%2C509&#038;ssl=1\" src=\"https:\/\/i0.wp.com\/www.funktionsmodellbau.ch\/content\/wp-content\/uploads\/2016\/08\/P1070595.jpg?w=222&#038;h=166&#038;ssl=1\" srcset=\"https:\/\/i0.wp.com\/www.funktionsmodellbau.ch\/content\/wp-content\/uploads\/2016\/08\/P1070595.jpg?w=2048&amp;ssl=1 2048w, https:\/\/i0.wp.com\/www.funktionsmodellbau.ch\/content\/wp-content\/uploads\/2016\/08\/P1070595.jpg?resize=300%2C225&amp;ssl=1 300w, https:\/\/i0.wp.com\/www.funktionsmodellbau.ch\/content\/wp-content\/uploads\/2016\/08\/P1070595.jpg?resize=768%2C576&amp;ssl=1 768w, https:\/\/i0.wp.com\/www.funktionsmodellbau.ch\/content\/wp-content\/uploads\/2016\/08\/P1070595.jpg?resize=1024%2C768&amp;ssl=1 1024w, https:\/\/i0.wp.com\/www.funktionsmodellbau.ch\/content\/wp-content\/uploads\/2016\/08\/P1070595.jpg?w=1356&amp;ssl=1 1356w\" width=\"222\" height=\"166\" loading=\"lazy\" data-original-width=\"222\" data-original-height=\"166\" itemprop=\"http:\/\/schema.org\/image\" title=\"P1070595\" alt=\"Chommle Trucker\" style=\"width: 222px; height: 166px;\" \/> <\/a> <div class=\"tiled-gallery-caption\" itemprop=\"caption description\"> Impressionen Chommle Trucker 2016 <\/div> <\/div> <div class=\"tiled-gallery-item tiled-gallery-item-small\" itemprop=\"associatedMedia\" itemscope itemtype=\"http:\/\/schema.org\/ImageObject\"> <a href=\"https:\/\/www.funktionsmodellbau.ch\/content\/rc-truck-event-chommle-trucker-gunzwil-ch-2016\/p1070676\/\" border=\"0\" itemprop=\"url\"> <meta itemprop=\"width\" content=\"222\"> <meta itemprop=\"height\" content=\"166\"> <img decoding=\"async\" class=\"\" data-attachment-id=\"7583\" data-orig-file=\"https:\/\/www.funktionsmodellbau.ch\/content\/wp-content\/uploads\/2016\/08\/P1070676.jpg\" data-orig-size=\"2048,1536\" data-comments-opened=\"1\" data-image-meta=\"{&quot;aperture&quot;:&quot;0&quot;,&quot;credit&quot;:&quot;&quot;,&quot;camera&quot;:&quot;&quot;,&quot;caption&quot;:&quot;&quot;,&quot;created_timestamp&quot;:&quot;0&quot;,&quot;copyright&quot;:&quot;&quot;,&quot;focal_length&quot;:&quot;0&quot;,&quot;iso&quot;:&quot;0&quot;,&quot;shutter_speed&quot;:&quot;0&quot;,&quot;title&quot;:&quot;&quot;,&quot;orientation&quot;:&quot;0&quot;}\" data-image-title=\"P1070676\" data-image-description=\"&lt;p&gt;Chommle Trucker&lt;\/p&gt; \" data-medium-file=\"https:\/\/i0.wp.com\/www.funktionsmodellbau.ch\/content\/wp-content\/uploads\/2016\/08\/P1070676.jpg?fit=300%2C225&#038;ssl=1\" data-large-file=\"https:\/\/i0.wp.com\/www.funktionsmodellbau.ch\/content\/wp-content\/uploads\/2016\/08\/P1070676.jpg?fit=678%2C509&#038;ssl=1\" src=\"https:\/\/i0.wp.com\/www.funktionsmodellbau.ch\/content\/wp-content\/uploads\/2016\/08\/P1070676.jpg?w=222&#038;h=166&#038;ssl=1\" srcset=\"https:\/\/i0.wp.com\/www.funktionsmodellbau.ch\/content\/wp-content\/uploads\/2016\/08\/P1070676.jpg?w=2048&amp;ssl=1 2048w, https:\/\/i0.wp.com\/www.funktionsmodellbau.ch\/content\/wp-content\/uploads\/2016\/08\/P1070676.jpg?resize=300%2C225&amp;ssl=1 300w, https:\/\/i0.wp.com\/www.funktionsmodellbau.ch\/content\/wp-content\/uploads\/2016\/08\/P1070676.jpg?resize=768%2C576&amp;ssl=1 768w, https:\/\/i0.wp.com\/www.funktionsmodellbau.ch\/content\/wp-content\/uploads\/2016\/08\/P1070676.jpg?resize=1024%2C768&amp;ssl=1 1024w, https:\/\/i0.wp.com\/www.funktionsmodellbau.ch\/content\/wp-content\/uploads\/2016\/08\/P1070676.jpg?w=1356&amp;ssl=1 1356w\" width=\"222\" height=\"166\" loading=\"lazy\" data-original-width=\"222\" data-original-height=\"166\" itemprop=\"http:\/\/schema.org\/image\" title=\"P1070676\" alt=\"Chommle Trucker\" style=\"width: 222px; height: 166px;\" \/> <\/a> <div class=\"tiled-gallery-caption\" itemprop=\"caption description\"> Impressionen Chommle Trucker 2016 <\/div> <\/div> <\/div> <!-- close group --> <\/div> <!-- close row --> <div class=\"gallery-row\" style=\"width: 678px; height: 171px;\" data-original-width=\"678\" data-original-height=\"171\" > <div class=\"gallery-group images-1\" style=\"width: 226px; height: 171px;\" data-original-width=\"226\" data-original-height=\"171\" > <div class=\"tiled-gallery-item tiled-gallery-item-small\" itemprop=\"associatedMedia\" itemscope itemtype=\"http:\/\/schema.org\/ImageObject\"> <a href=\"https:\/\/www.funktionsmodellbau.ch\/content\/rc-truck-event-chommle-trucker-gunzwil-ch-2016\/p1070670\/\" border=\"0\" itemprop=\"url\"> <meta itemprop=\"width\" content=\"222\"> <meta itemprop=\"height\" content=\"167\"> <img decoding=\"async\" class=\"\" data-attachment-id=\"7582\" data-orig-file=\"https:\/\/www.funktionsmodellbau.ch\/content\/wp-content\/uploads\/2016\/08\/P1070670.jpg\" data-orig-size=\"2048,1536\" data-comments-opened=\"1\" data-image-meta=\"{&quot;aperture&quot;:&quot;0&quot;,&quot;credit&quot;:&quot;&quot;,&quot;camera&quot;:&quot;&quot;,&quot;caption&quot;:&quot;&quot;,&quot;created_timestamp&quot;:&quot;0&quot;,&quot;copyright&quot;:&quot;&quot;,&quot;focal_length&quot;:&quot;0&quot;,&quot;iso&quot;:&quot;0&quot;,&quot;shutter_speed&quot;:&quot;0&quot;,&quot;title&quot;:&quot;&quot;,&quot;orientation&quot;:&quot;0&quot;}\" data-image-title=\"P1070670\" data-image-description=\"&lt;p&gt;Chommle Trucker&lt;\/p&gt; \" data-medium-file=\"https:\/\/i0.wp.com\/www.funktionsmodellbau.ch\/content\/wp-content\/uploads\/2016\/08\/P1070670.jpg?fit=300%2C225&#038;ssl=1\" data-large-file=\"https:\/\/i0.wp.com\/www.funktionsmodellbau.ch\/content\/wp-content\/uploads\/2016\/08\/P1070670.jpg?fit=678%2C509&#038;ssl=1\" src=\"https:\/\/i0.wp.com\/www.funktionsmodellbau.ch\/content\/wp-content\/uploads\/2016\/08\/P1070670.jpg?w=222&#038;h=167&#038;ssl=1\" srcset=\"https:\/\/i0.wp.com\/www.funktionsmodellbau.ch\/content\/wp-content\/uploads\/2016\/08\/P1070670.jpg?w=2048&amp;ssl=1 2048w, https:\/\/i0.wp.com\/www.funktionsmodellbau.ch\/content\/wp-content\/uploads\/2016\/08\/P1070670.jpg?resize=300%2C225&amp;ssl=1 300w, https:\/\/i0.wp.com\/www.funktionsmodellbau.ch\/content\/wp-content\/uploads\/2016\/08\/P1070670.jpg?resize=768%2C576&amp;ssl=1 768w, https:\/\/i0.wp.com\/www.funktionsmodellbau.ch\/content\/wp-content\/uploads\/2016\/08\/P1070670.jpg?resize=1024%2C768&amp;ssl=1 1024w, https:\/\/i0.wp.com\/www.funktionsmodellbau.ch\/content\/wp-content\/uploads\/2016\/08\/P1070670.jpg?w=1356&amp;ssl=1 1356w\" width=\"222\" height=\"167\" loading=\"lazy\" data-original-width=\"222\" data-original-height=\"167\" itemprop=\"http:\/\/schema.org\/image\" title=\"P1070670\" alt=\"Chommle Trucker\" style=\"width: 222px; height: 167px;\" \/> <\/a> <div class=\"tiled-gallery-caption\" itemprop=\"caption description\"> Impressionen Chommle Trucker 2016 <\/div> <\/div> <\/div> <!-- close group --> <div class=\"gallery-group images-1\" style=\"width: 226px; height: 171px;\" data-original-width=\"226\" data-original-height=\"171\" > <div class=\"tiled-gallery-item tiled-gallery-item-small\" itemprop=\"associatedMedia\" itemscope itemtype=\"http:\/\/schema.org\/ImageObject\"> <a href=\"https:\/\/www.funktionsmodellbau.ch\/content\/rc-truck-event-chommle-trucker-gunzwil-ch-2016\/p1070667\/\" border=\"0\" itemprop=\"url\"> <meta itemprop=\"width\" content=\"222\"> <meta itemprop=\"height\" content=\"167\"> <img decoding=\"async\" class=\"\" data-attachment-id=\"7580\" data-orig-file=\"https:\/\/www.funktionsmodellbau.ch\/content\/wp-content\/uploads\/2016\/08\/P1070667.jpg\" data-orig-size=\"2048,1536\" data-comments-opened=\"1\" data-image-meta=\"{&quot;aperture&quot;:&quot;0&quot;,&quot;credit&quot;:&quot;&quot;,&quot;camera&quot;:&quot;&quot;,&quot;caption&quot;:&quot;&quot;,&quot;created_timestamp&quot;:&quot;0&quot;,&quot;copyright&quot;:&quot;&quot;,&quot;focal_length&quot;:&quot;0&quot;,&quot;iso&quot;:&quot;0&quot;,&quot;shutter_speed&quot;:&quot;0&quot;,&quot;title&quot;:&quot;&quot;,&quot;orientation&quot;:&quot;0&quot;}\" data-image-title=\"P1070667\" data-image-description=\"&lt;p&gt;Chommle Trucker&lt;\/p&gt; \" data-medium-file=\"https:\/\/i0.wp.com\/www.funktionsmodellbau.ch\/content\/wp-content\/uploads\/2016\/08\/P1070667.jpg?fit=300%2C225&#038;ssl=1\" data-large-file=\"https:\/\/i0.wp.com\/www.funktionsmodellbau.ch\/content\/wp-content\/uploads\/2016\/08\/P1070667.jpg?fit=678%2C509&#038;ssl=1\" src=\"https:\/\/i0.wp.com\/www.funktionsmodellbau.ch\/content\/wp-content\/uploads\/2016\/08\/P1070667.jpg?w=222&#038;h=167&#038;ssl=1\" srcset=\"https:\/\/i0.wp.com\/www.funktionsmodellbau.ch\/content\/wp-content\/uploads\/2016\/08\/P1070667.jpg?w=2048&amp;ssl=1 2048w, https:\/\/i0.wp.com\/www.funktionsmodellbau.ch\/content\/wp-content\/uploads\/2016\/08\/P1070667.jpg?resize=300%2C225&amp;ssl=1 300w, https:\/\/i0.wp.com\/www.funktionsmodellbau.ch\/content\/wp-content\/uploads\/2016\/08\/P1070667.jpg?resize=768%2C576&amp;ssl=1 768w, https:\/\/i0.wp.com\/www.funktionsmodellbau.ch\/content\/wp-content\/uploads\/2016\/08\/P1070667.jpg?resize=1024%2C768&amp;ssl=1 1024w, https:\/\/i0.wp.com\/www.funktionsmodellbau.ch\/content\/wp-content\/uploads\/2016\/08\/P1070667.jpg?w=1356&amp;ssl=1 1356w\" width=\"222\" height=\"167\" loading=\"lazy\" data-original-width=\"222\" data-original-height=\"167\" itemprop=\"http:\/\/schema.org\/image\" title=\"P1070667\" alt=\"Chommle Trucker\" style=\"width: 222px; height: 167px;\" \/> <\/a> <div class=\"tiled-gallery-caption\" itemprop=\"caption description\"> Impressionen Chommle Trucker 2016 <\/div> <\/div> <\/div> <!-- close group --> <div class=\"gallery-group images-1\" style=\"width: 226px; height: 171px;\" data-original-width=\"226\" data-original-height=\"171\" > <div class=\"tiled-gallery-item tiled-gallery-item-small\" itemprop=\"associatedMedia\" itemscope itemtype=\"http:\/\/schema.org\/ImageObject\"> <a href=\"https:\/\/www.funktionsmodellbau.ch\/content\/rc-truck-event-chommle-trucker-gunzwil-ch-2016\/p1070668\/\" border=\"0\" itemprop=\"url\"> <meta itemprop=\"width\" content=\"222\"> <meta itemprop=\"height\" content=\"167\"> <img decoding=\"async\" class=\"\" data-attachment-id=\"7581\" data-orig-file=\"https:\/\/www.funktionsmodellbau.ch\/content\/wp-content\/uploads\/2016\/08\/P1070668.jpg\" data-orig-size=\"2048,1536\" data-comments-opened=\"1\" data-image-meta=\"{&quot;aperture&quot;:&quot;0&quot;,&quot;credit&quot;:&quot;&quot;,&quot;camera&quot;:&quot;&quot;,&quot;caption&quot;:&quot;&quot;,&quot;created_timestamp&quot;:&quot;0&quot;,&quot;copyright&quot;:&quot;&quot;,&quot;focal_length&quot;:&quot;0&quot;,&quot;iso&quot;:&quot;0&quot;,&quot;shutter_speed&quot;:&quot;0&quot;,&quot;title&quot;:&quot;&quot;,&quot;orientation&quot;:&quot;0&quot;}\" data-image-title=\"P1070668\" data-image-description=\"&lt;p&gt;Chommle Trucker&lt;\/p&gt; \" data-medium-file=\"https:\/\/i0.wp.com\/www.funktionsmodellbau.ch\/content\/wp-content\/uploads\/2016\/08\/P1070668.jpg?fit=300%2C225&#038;ssl=1\" data-large-file=\"https:\/\/i0.wp.com\/www.funktionsmodellbau.ch\/content\/wp-content\/uploads\/2016\/08\/P1070668.jpg?fit=678%2C509&#038;ssl=1\" src=\"https:\/\/i0.wp.com\/www.funktionsmodellbau.ch\/content\/wp-content\/uploads\/2016\/08\/P1070668.jpg?w=222&#038;h=167&#038;ssl=1\" srcset=\"https:\/\/i0.wp.com\/www.funktionsmodellbau.ch\/content\/wp-content\/uploads\/2016\/08\/P1070668.jpg?w=2048&amp;ssl=1 2048w, https:\/\/i0.wp.com\/www.funktionsmodellbau.ch\/content\/wp-content\/uploads\/2016\/08\/P1070668.jpg?resize=300%2C225&amp;ssl=1 300w, https:\/\/i0.wp.com\/www.funktionsmodellbau.ch\/content\/wp-content\/uploads\/2016\/08\/P1070668.jpg?resize=768%2C576&amp;ssl=1 768w, https:\/\/i0.wp.com\/www.funktionsmodellbau.ch\/content\/wp-content\/uploads\/2016\/08\/P1070668.jpg?resize=1024%2C768&amp;ssl=1 1024w, https:\/\/i0.wp.com\/www.funktionsmodellbau.ch\/content\/wp-content\/uploads\/2016\/08\/P1070668.jpg?w=1356&amp;ssl=1 1356w\" width=\"222\" height=\"167\" loading=\"lazy\" data-original-width=\"222\" data-original-height=\"167\" itemprop=\"http:\/\/schema.org\/image\" title=\"P1070668\" alt=\"Chommle Trucker\" style=\"width: 222px; height: 167px;\" \/> <\/a> <div class=\"tiled-gallery-caption\" itemprop=\"caption description\"> Impressionen Chommle Trucker 2016 <\/div> <\/div> <\/div> <!-- close group --> <\/div> <!-- close row --> <div class=\"gallery-row\" style=\"width: 678px; height: 340px;\" data-original-width=\"678\" data-original-height=\"340\" > <div class=\"gallery-group images-2\" style=\"width: 226px; height: 340px;\" data-original-width=\"226\" data-original-height=\"340\" > <div class=\"tiled-gallery-item tiled-gallery-item-small\" itemprop=\"associatedMedia\" itemscope itemtype=\"http:\/\/schema.org\/ImageObject\"> <a href=\"https:\/\/www.funktionsmodellbau.ch\/content\/rc-truck-event-chommle-trucker-gunzwil-ch-2016\/p1070664\/\" border=\"0\" itemprop=\"url\"> <meta itemprop=\"width\" content=\"222\"> <meta itemprop=\"height\" content=\"166\"> <img decoding=\"async\" class=\"\" data-attachment-id=\"7579\" data-orig-file=\"https:\/\/www.funktionsmodellbau.ch\/content\/wp-content\/uploads\/2016\/08\/P1070664.jpg\" data-orig-size=\"2048,1536\" data-comments-opened=\"1\" data-image-meta=\"{&quot;aperture&quot;:&quot;0&quot;,&quot;credit&quot;:&quot;&quot;,&quot;camera&quot;:&quot;&quot;,&quot;caption&quot;:&quot;&quot;,&quot;created_timestamp&quot;:&quot;0&quot;,&quot;copyright&quot;:&quot;&quot;,&quot;focal_length&quot;:&quot;0&quot;,&quot;iso&quot;:&quot;0&quot;,&quot;shutter_speed&quot;:&quot;0&quot;,&quot;title&quot;:&quot;&quot;,&quot;orientation&quot;:&quot;0&quot;}\" data-image-title=\"P1070664\" data-image-description=\"&lt;p&gt;Chommle Trucker&lt;\/p&gt; \" data-medium-file=\"https:\/\/i0.wp.com\/www.funktionsmodellbau.ch\/content\/wp-content\/uploads\/2016\/08\/P1070664.jpg?fit=300%2C225&#038;ssl=1\" data-large-file=\"https:\/\/i0.wp.com\/www.funktionsmodellbau.ch\/content\/wp-content\/uploads\/2016\/08\/P1070664.jpg?fit=678%2C509&#038;ssl=1\" src=\"https:\/\/i0.wp.com\/www.funktionsmodellbau.ch\/content\/wp-content\/uploads\/2016\/08\/P1070664.jpg?w=222&#038;h=166&#038;ssl=1\" srcset=\"https:\/\/i0.wp.com\/www.funktionsmodellbau.ch\/content\/wp-content\/uploads\/2016\/08\/P1070664.jpg?w=2048&amp;ssl=1 2048w, https:\/\/i0.wp.com\/www.funktionsmodellbau.ch\/content\/wp-content\/uploads\/2016\/08\/P1070664.jpg?resize=300%2C225&amp;ssl=1 300w, https:\/\/i0.wp.com\/www.funktionsmodellbau.ch\/content\/wp-content\/uploads\/2016\/08\/P1070664.jpg?resize=768%2C576&amp;ssl=1 768w, https:\/\/i0.wp.com\/www.funktionsmodellbau.ch\/content\/wp-content\/uploads\/2016\/08\/P1070664.jpg?resize=1024%2C768&amp;ssl=1 1024w, https:\/\/i0.wp.com\/www.funktionsmodellbau.ch\/content\/wp-content\/uploads\/2016\/08\/P1070664.jpg?w=1356&amp;ssl=1 1356w\" width=\"222\" height=\"166\" loading=\"lazy\" data-original-width=\"222\" data-original-height=\"166\" itemprop=\"http:\/\/schema.org\/image\" title=\"P1070664\" alt=\"Chommle Trucker\" style=\"width: 222px; height: 166px;\" \/> <\/a> <div class=\"tiled-gallery-caption\" itemprop=\"caption description\"> Impressionen Chommle Trucker 2016 <\/div> <\/div> <div class=\"tiled-gallery-item tiled-gallery-item-small\" itemprop=\"associatedMedia\" itemscope itemtype=\"http:\/\/schema.org\/ImageObject\"> <a href=\"https:\/\/www.funktionsmodellbau.ch\/content\/rc-truck-event-chommle-trucker-gunzwil-ch-2016\/p1070647\/\" border=\"0\" itemprop=\"url\"> <meta itemprop=\"width\" content=\"222\"> <meta itemprop=\"height\" content=\"166\"> <img decoding=\"async\" class=\"\" data-attachment-id=\"7578\" data-orig-file=\"https:\/\/www.funktionsmodellbau.ch\/content\/wp-content\/uploads\/2016\/08\/P1070647.jpg\" data-orig-size=\"2048,1536\" data-comments-opened=\"1\" data-image-meta=\"{&quot;aperture&quot;:&quot;0&quot;,&quot;credit&quot;:&quot;&quot;,&quot;camera&quot;:&quot;&quot;,&quot;caption&quot;:&quot;&quot;,&quot;created_timestamp&quot;:&quot;0&quot;,&quot;copyright&quot;:&quot;&quot;,&quot;focal_length&quot;:&quot;0&quot;,&quot;iso&quot;:&quot;0&quot;,&quot;shutter_speed&quot;:&quot;0&quot;,&quot;title&quot;:&quot;&quot;,&quot;orientation&quot;:&quot;0&quot;}\" data-image-title=\"P1070647\" data-image-description=\"&lt;p&gt;Chommle Trucker&lt;\/p&gt; \" data-medium-file=\"https:\/\/i0.wp.com\/www.funktionsmodellbau.ch\/content\/wp-content\/uploads\/2016\/08\/P1070647.jpg?fit=300%2C225&#038;ssl=1\" data-large-file=\"https:\/\/i0.wp.com\/www.funktionsmodellbau.ch\/content\/wp-content\/uploads\/2016\/08\/P1070647.jpg?fit=678%2C509&#038;ssl=1\" src=\"https:\/\/i0.wp.com\/www.funktionsmodellbau.ch\/content\/wp-content\/uploads\/2016\/08\/P1070647.jpg?w=222&#038;h=166&#038;ssl=1\" srcset=\"https:\/\/i0.wp.com\/www.funktionsmodellbau.ch\/content\/wp-content\/uploads\/2016\/08\/P1070647.jpg?w=2048&amp;ssl=1 2048w, https:\/\/i0.wp.com\/www.funktionsmodellbau.ch\/content\/wp-content\/uploads\/2016\/08\/P1070647.jpg?resize=300%2C225&amp;ssl=1 300w, https:\/\/i0.wp.com\/www.funktionsmodellbau.ch\/content\/wp-content\/uploads\/2016\/08\/P1070647.jpg?resize=768%2C576&amp;ssl=1 768w, https:\/\/i0.wp.com\/www.funktionsmodellbau.ch\/content\/wp-content\/uploads\/2016\/08\/P1070647.jpg?resize=1024%2C768&amp;ssl=1 1024w, https:\/\/i0.wp.com\/www.funktionsmodellbau.ch\/content\/wp-content\/uploads\/2016\/08\/P1070647.jpg?w=1356&amp;ssl=1 1356w\" width=\"222\" height=\"166\" loading=\"lazy\" data-original-width=\"222\" data-original-height=\"166\" itemprop=\"http:\/\/schema.org\/image\" title=\"P1070647\" alt=\"Chommle Trucker\" style=\"width: 222px; height: 166px;\" \/> <\/a> <div class=\"tiled-gallery-caption\" itemprop=\"caption description\"> Impressionen Chommle Trucker 2016 <\/div> <\/div> <\/div> <!-- close group --> <div class=\"gallery-group images-1\" style=\"width: 452px; height: 340px;\" data-original-width=\"452\" data-original-height=\"340\" > <div class=\"tiled-gallery-item tiled-gallery-item-large\" itemprop=\"associatedMedia\" itemscope itemtype=\"http:\/\/schema.org\/ImageObject\"> <a href=\"https:\/\/www.funktionsmodellbau.ch\/content\/rc-truck-event-chommle-trucker-gunzwil-ch-2016\/p1070645\/\" border=\"0\" itemprop=\"url\"> <meta itemprop=\"width\" content=\"448\"> <meta itemprop=\"height\" content=\"336\"> <img decoding=\"async\" class=\"\" data-attachment-id=\"7577\" data-orig-file=\"https:\/\/www.funktionsmodellbau.ch\/content\/wp-content\/uploads\/2016\/08\/P1070645.jpg\" data-orig-size=\"2048,1536\" data-comments-opened=\"1\" data-image-meta=\"{&quot;aperture&quot;:&quot;0&quot;,&quot;credit&quot;:&quot;&quot;,&quot;camera&quot;:&quot;&quot;,&quot;caption&quot;:&quot;&quot;,&quot;created_timestamp&quot;:&quot;0&quot;,&quot;copyright&quot;:&quot;&quot;,&quot;focal_length&quot;:&quot;0&quot;,&quot;iso&quot;:&quot;0&quot;,&quot;shutter_speed&quot;:&quot;0&quot;,&quot;title&quot;:&quot;&quot;,&quot;orientation&quot;:&quot;0&quot;}\" data-image-title=\"P1070645\" data-image-description=\"&lt;p&gt;Chommle Trucker&lt;\/p&gt; \" data-medium-file=\"https:\/\/i0.wp.com\/www.funktionsmodellbau.ch\/content\/wp-content\/uploads\/2016\/08\/P1070645.jpg?fit=300%2C225&#038;ssl=1\" data-large-file=\"https:\/\/i0.wp.com\/www.funktionsmodellbau.ch\/content\/wp-content\/uploads\/2016\/08\/P1070645.jpg?fit=678%2C509&#038;ssl=1\" src=\"https:\/\/i0.wp.com\/www.funktionsmodellbau.ch\/content\/wp-content\/uploads\/2016\/08\/P1070645.jpg?w=448&#038;h=336&#038;ssl=1\" srcset=\"https:\/\/i0.wp.com\/www.funktionsmodellbau.ch\/content\/wp-content\/uploads\/2016\/08\/P1070645.jpg?w=2048&amp;ssl=1 2048w, https:\/\/i0.wp.com\/www.funktionsmodellbau.ch\/content\/wp-content\/uploads\/2016\/08\/P1070645.jpg?resize=300%2C225&amp;ssl=1 300w, https:\/\/i0.wp.com\/www.funktionsmodellbau.ch\/content\/wp-content\/uploads\/2016\/08\/P1070645.jpg?resize=768%2C576&amp;ssl=1 768w, https:\/\/i0.wp.com\/www.funktionsmodellbau.ch\/content\/wp-content\/uploads\/2016\/08\/P1070645.jpg?resize=1024%2C768&amp;ssl=1 1024w, https:\/\/i0.wp.com\/www.funktionsmodellbau.ch\/content\/wp-content\/uploads\/2016\/08\/P1070645.jpg?w=1356&amp;ssl=1 1356w\" width=\"448\" height=\"336\" loading=\"lazy\" data-original-width=\"448\" data-original-height=\"336\" itemprop=\"http:\/\/schema.org\/image\" title=\"P1070645\" alt=\"Chommle Trucker\" style=\"width: 448px; height: 336px;\" \/> <\/a> <div class=\"tiled-gallery-caption\" itemprop=\"caption description\"> Impressionen Chommle Trucker 2016 <\/div> <\/div> <\/div> <!-- close group --> <\/div> <!-- close row --> <div class=\"gallery-row\" style=\"width: 678px; height: 255px;\" data-original-width=\"678\" data-original-height=\"255\" > <div class=\"gallery-group images-1\" style=\"width: 339px; height: 255px;\" data-original-width=\"339\" data-original-height=\"255\" > <div class=\"tiled-gallery-item tiled-gallery-item-large\" itemprop=\"associatedMedia\" itemscope itemtype=\"http:\/\/schema.org\/ImageObject\"> <a href=\"https:\/\/www.funktionsmodellbau.ch\/content\/rc-truck-event-chommle-trucker-gunzwil-ch-2016\/p1070693\/\" border=\"0\" itemprop=\"url\"> <meta itemprop=\"width\" content=\"335\"> <meta itemprop=\"height\" content=\"251\"> <img decoding=\"async\" class=\"\" data-attachment-id=\"7584\" data-orig-file=\"https:\/\/www.funktionsmodellbau.ch\/content\/wp-content\/uploads\/2016\/08\/P1070693.jpg\" data-orig-size=\"2048,1536\" data-comments-opened=\"1\" data-image-meta=\"{&quot;aperture&quot;:&quot;0&quot;,&quot;credit&quot;:&quot;&quot;,&quot;camera&quot;:&quot;&quot;,&quot;caption&quot;:&quot;&quot;,&quot;created_timestamp&quot;:&quot;0&quot;,&quot;copyright&quot;:&quot;&quot;,&quot;focal_length&quot;:&quot;0&quot;,&quot;iso&quot;:&quot;0&quot;,&quot;shutter_speed&quot;:&quot;0&quot;,&quot;title&quot;:&quot;&quot;,&quot;orientation&quot;:&quot;0&quot;}\" data-image-title=\"P1070693\" data-image-description=\"&lt;p&gt;Chommle Trucker&lt;\/p&gt; \" data-medium-file=\"https:\/\/i0.wp.com\/www.funktionsmodellbau.ch\/content\/wp-content\/uploads\/2016\/08\/P1070693.jpg?fit=300%2C225&#038;ssl=1\" data-large-file=\"https:\/\/i0.wp.com\/www.funktionsmodellbau.ch\/content\/wp-content\/uploads\/2016\/08\/P1070693.jpg?fit=678%2C509&#038;ssl=1\" src=\"https:\/\/i0.wp.com\/www.funktionsmodellbau.ch\/content\/wp-content\/uploads\/2016\/08\/P1070693.jpg?w=335&#038;h=251&#038;ssl=1\" srcset=\"https:\/\/i0.wp.com\/www.funktionsmodellbau.ch\/content\/wp-content\/uploads\/2016\/08\/P1070693.jpg?w=2048&amp;ssl=1 2048w, https:\/\/i0.wp.com\/www.funktionsmodellbau.ch\/content\/wp-content\/uploads\/2016\/08\/P1070693.jpg?resize=300%2C225&amp;ssl=1 300w, https:\/\/i0.wp.com\/www.funktionsmodellbau.ch\/content\/wp-content\/uploads\/2016\/08\/P1070693.jpg?resize=768%2C576&amp;ssl=1 768w, https:\/\/i0.wp.com\/www.funktionsmodellbau.ch\/content\/wp-content\/uploads\/2016\/08\/P1070693.jpg?resize=1024%2C768&amp;ssl=1 1024w, https:\/\/i0.wp.com\/www.funktionsmodellbau.ch\/content\/wp-content\/uploads\/2016\/08\/P1070693.jpg?w=1356&amp;ssl=1 1356w\" width=\"335\" height=\"251\" loading=\"lazy\" data-original-width=\"335\" data-original-height=\"251\" itemprop=\"http:\/\/schema.org\/image\" title=\"P1070693\" alt=\"Chommle Trucker\" style=\"width: 335px; height: 251px;\" \/> <\/a> <div class=\"tiled-gallery-caption\" itemprop=\"caption description\"> Impressionen Chommle Trucker 2016 <\/div> <\/div> <\/div> <!-- close group --> <div class=\"gallery-group images-1\" style=\"width: 339px; height: 255px;\" data-original-width=\"339\" data-original-height=\"255\" > <div class=\"tiled-gallery-item tiled-gallery-item-large\" itemprop=\"associatedMedia\" itemscope itemtype=\"http:\/\/schema.org\/ImageObject\"> <a href=\"https:\/\/www.funktionsmodellbau.ch\/content\/rc-truck-event-chommle-trucker-gunzwil-ch-2016\/p1070597\/\" border=\"0\" itemprop=\"url\"> <meta itemprop=\"width\" content=\"335\"> <meta itemprop=\"height\" content=\"251\"> <img decoding=\"async\" class=\"\" data-attachment-id=\"7576\" data-orig-file=\"https:\/\/www.funktionsmodellbau.ch\/content\/wp-content\/uploads\/2016\/08\/P1070597.jpg\" data-orig-size=\"2048,1536\" data-comments-opened=\"1\" data-image-meta=\"{&quot;aperture&quot;:&quot;0&quot;,&quot;credit&quot;:&quot;&quot;,&quot;camera&quot;:&quot;&quot;,&quot;caption&quot;:&quot;&quot;,&quot;created_timestamp&quot;:&quot;0&quot;,&quot;copyright&quot;:&quot;&quot;,&quot;focal_length&quot;:&quot;0&quot;,&quot;iso&quot;:&quot;0&quot;,&quot;shutter_speed&quot;:&quot;0&quot;,&quot;title&quot;:&quot;&quot;,&quot;orientation&quot;:&quot;0&quot;}\" data-image-title=\"P1070597\" data-image-description=\"&lt;p&gt;Chommle Trucker&lt;\/p&gt; \" data-medium-file=\"https:\/\/i0.wp.com\/www.funktionsmodellbau.ch\/content\/wp-content\/uploads\/2016\/08\/P1070597.jpg?fit=300%2C225&#038;ssl=1\" data-large-file=\"https:\/\/i0.wp.com\/www.funktionsmodellbau.ch\/content\/wp-content\/uploads\/2016\/08\/P1070597.jpg?fit=678%2C509&#038;ssl=1\" src=\"https:\/\/i0.wp.com\/www.funktionsmodellbau.ch\/content\/wp-content\/uploads\/2016\/08\/P1070597.jpg?w=335&#038;h=251&#038;ssl=1\" srcset=\"https:\/\/i0.wp.com\/www.funktionsmodellbau.ch\/content\/wp-content\/uploads\/2016\/08\/P1070597.jpg?w=2048&amp;ssl=1 2048w, https:\/\/i0.wp.com\/www.funktionsmodellbau.ch\/content\/wp-content\/uploads\/2016\/08\/P1070597.jpg?resize=300%2C225&amp;ssl=1 300w, https:\/\/i0.wp.com\/www.funktionsmodellbau.ch\/content\/wp-content\/uploads\/2016\/08\/P1070597.jpg?resize=768%2C576&amp;ssl=1 768w, https:\/\/i0.wp.com\/www.funktionsmodellbau.ch\/content\/wp-content\/uploads\/2016\/08\/P1070597.jpg?resize=1024%2C768&amp;ssl=1 1024w, https:\/\/i0.wp.com\/www.funktionsmodellbau.ch\/content\/wp-content\/uploads\/2016\/08\/P1070597.jpg?w=1356&amp;ssl=1 1356w\" width=\"335\" height=\"251\" loading=\"lazy\" data-original-width=\"335\" data-original-height=\"251\" itemprop=\"http:\/\/schema.org\/image\" title=\"P1070597\" alt=\"Chommle Trucker\" style=\"width: 335px; height: 251px;\" \/> <\/a> <div class=\"tiled-gallery-caption\" itemprop=\"caption description\"> Impressionen Chommle Trucker 2016 <\/div> <\/div> <\/div> <!-- close group --> <\/div> <!-- close row --> <div class=\"gallery-row\" style=\"width: 678px; height: 510px;\" data-original-width=\"678\" data-original-height=\"510\" > <div class=\"gallery-group images-1\" style=\"width: 678px; height: 510px;\" data-original-width=\"678\" data-original-height=\"510\" > <div class=\"tiled-gallery-item tiled-gallery-item-large\" itemprop=\"associatedMedia\" itemscope itemtype=\"http:\/\/schema.org\/ImageObject\"> <a href=\"https:\/\/www.funktionsmodellbau.ch\/content\/rc-truck-event-chommle-trucker-gunzwil-ch-2016\/p1070685\/\" border=\"0\" itemprop=\"url\"> <meta itemprop=\"width\" content=\"674\"> <meta itemprop=\"height\" content=\"506\"> <img decoding=\"async\" class=\"\" data-attachment-id=\"7586\" data-orig-file=\"https:\/\/www.funktionsmodellbau.ch\/content\/wp-content\/uploads\/2016\/08\/P1070685.jpg\" data-orig-size=\"2048,1536\" data-comments-opened=\"1\" data-image-meta=\"{&quot;aperture&quot;:&quot;0&quot;,&quot;credit&quot;:&quot;&quot;,&quot;camera&quot;:&quot;&quot;,&quot;caption&quot;:&quot;&quot;,&quot;created_timestamp&quot;:&quot;0&quot;,&quot;copyright&quot;:&quot;&quot;,&quot;focal_length&quot;:&quot;0&quot;,&quot;iso&quot;:&quot;0&quot;,&quot;shutter_speed&quot;:&quot;0&quot;,&quot;title&quot;:&quot;&quot;,&quot;orientation&quot;:&quot;0&quot;}\" data-image-title=\"P1070685\" data-image-description=\"&lt;p&gt;Chommle Trucker&lt;\/p&gt; \" data-medium-file=\"https:\/\/i0.wp.com\/www.funktionsmodellbau.ch\/content\/wp-content\/uploads\/2016\/08\/P1070685.jpg?fit=300%2C225&#038;ssl=1\" data-large-file=\"https:\/\/i0.wp.com\/www.funktionsmodellbau.ch\/content\/wp-content\/uploads\/2016\/08\/P1070685.jpg?fit=678%2C509&#038;ssl=1\" src=\"https:\/\/i0.wp.com\/www.funktionsmodellbau.ch\/content\/wp-content\/uploads\/2016\/08\/P1070685.jpg?w=674&#038;h=506&#038;ssl=1\" srcset=\"https:\/\/i0.wp.com\/www.funktionsmodellbau.ch\/content\/wp-content\/uploads\/2016\/08\/P1070685.jpg?w=2048&amp;ssl=1 2048w, https:\/\/i0.wp.com\/www.funktionsmodellbau.ch\/content\/wp-content\/uploads\/2016\/08\/P1070685.jpg?resize=300%2C225&amp;ssl=1 300w, https:\/\/i0.wp.com\/www.funktionsmodellbau.ch\/content\/wp-content\/uploads\/2016\/08\/P1070685.jpg?resize=768%2C576&amp;ssl=1 768w, https:\/\/i0.wp.com\/www.funktionsmodellbau.ch\/content\/wp-content\/uploads\/2016\/08\/P1070685.jpg?resize=1024%2C768&amp;ssl=1 1024w, https:\/\/i0.wp.com\/www.funktionsmodellbau.ch\/content\/wp-content\/uploads\/2016\/08\/P1070685.jpg?w=1356&amp;ssl=1 1356w\" width=\"674\" height=\"506\" loading=\"lazy\" data-original-width=\"674\" data-original-height=\"506\" itemprop=\"http:\/\/schema.org\/image\" title=\"P1070685\" alt=\"Chommle Trucker\" style=\"width: 674px; height: 506px;\" \/> <\/a> <div class=\"tiled-gallery-caption\" itemprop=\"caption description\"> Impressionen Chommle Trucker 2016 <\/div> <\/div> <\/div> <!-- close group --> <\/div> <!-- close row --> <\/div>\n<p>Und soeben fertigstellt und online: Das Video &#8222;BEST OF RC TRUCK EVENT CHOMMLE, GUNZWIL 2016 (CH)<\/p>\n<p><iframe loading=\"lazy\" title=\"BEST OF RC TRUCK EVENT CHOMMLE, GUNZWIL 2016, SWITZERLAND - MODELLTRUCK,WHEEL LOADER,EXCAVATOR\" width=\"678\" height=\"381\" src=\"https:\/\/www.youtube.com\/embed\/mATXidTZw8g?feature=oembed\" frameborder=\"0\" allow=\"accelerometer; autoplay; clipboard-write; encrypted-media; gyroscope; picture-in-picture\" allowfullscreen><\/iframe><\/p>\n","protected":false},"excerpt":{"rendered":"<p>Am Wochenende 20.\/21.8.2016 f\u00fchrten die Chommle-Trucker ihr 9. Modelltrucktreffen durch. Das Wetter spielte zwar nicht so ganz mit. Auch&nbsp;am&nbsp;Sonntagmorgen gab es noch ein, zwei Schauer. Danach war dann aber Sonnenschein <a class=\"more-link\" href=\"https:\/\/www.funktionsmodellbau.ch\/content\/rc-truck-event-chommle-trucker-gunzwil-ch-2016\/\">Weiter lesen \u2192<\/a><\/p>\n","protected":false},"author":1,"featured_media":0,"comment_status":"open","ping_status":"open","sticky":false,"template":"","format":"standard","meta":{"jetpack_post_was_ever_published":false,"_jetpack_newsletter_access":"","_jetpack_dont_email_post_to_subs":true,"_jetpack_newsletter_tier_id":0,"_jetpack_memberships_contains_paywalled_content":false,"_jetpack_memberships_contains_paid_content":false,"footnotes":""},"categories":[60,806,11],"tags":[762,681,697,499,191,381,696],"series":[],"yoast_head":"<!-- This site is optimized with the Yoast SEO plugin v24.5 - https:\/\/yoast.com\/wordpress\/plugins\/seo\/ -->\n<title>RC Truck Event: Chommle Trucker, Gunzwil (CH) 2016 - funktionsmodellbau.ch<\/title>\n<meta name=\"robots\" content=\"index, follow, max-snippet:-1, max-image-preview:large, max-video-preview:-1\" \/>\n<link rel=\"canonical\" href=\"https:\/\/www.funktionsmodellbau.ch\/content\/rc-truck-event-chommle-trucker-gunzwil-ch-2016\/\" \/>\n<meta property=\"og:locale\" content=\"de_DE\" \/>\n<meta property=\"og:type\" content=\"article\" \/>\n<meta property=\"og:title\" content=\"RC Truck Event: Chommle Trucker, Gunzwil (CH) 2016 - funktionsmodellbau.ch\" \/>\n<meta property=\"og:description\" content=\"Am Wochenende 20.\/21.8.2016 f\u00fchrten die Chommle-Trucker ihr 9. Modelltrucktreffen durch. Das Wetter spielte zwar nicht so ganz mit. Auch&nbsp;am&nbsp;Sonntagmorgen gab es noch ein, zwei Schauer. Danach war dann aber Sonnenschein Weiter lesen \u2192\" \/>\n<meta property=\"og:url\" content=\"https:\/\/www.funktionsmodellbau.ch\/content\/rc-truck-event-chommle-trucker-gunzwil-ch-2016\/\" \/>\n<meta property=\"og:site_name\" content=\"funktionsmodellbau.ch\" \/>\n<meta property=\"article:publisher\" content=\"https:\/\/www.facebook.com\/funktionsmodellbau\/\" \/>\n<meta property=\"article:published_time\" content=\"2016-08-22T17:03:39+00:00\" \/>\n<meta property=\"article:modified_time\" content=\"2017-08-10T11:48:54+00:00\" \/>\n<meta property=\"og:image\" content=\"https:\/\/i0.wp.com\/www.funktionsmodellbau.ch\/content\/wp-content\/uploads\/2016\/08\/P1070594.jpg?w=448&#038;h=336&#038;ssl=1\" \/>\n<meta name=\"author\" content=\"chef\" \/>\n<meta name=\"twitter:card\" content=\"summary_large_image\" \/>\n<meta name=\"twitter:creator\" content=\"@funktionsmodell\" \/>\n<meta name=\"twitter:site\" content=\"@funktionsmodell\" \/>\n<meta name=\"twitter:label1\" content=\"Verfasst von\" \/>\n\t<meta name=\"twitter:data1\" content=\"chef\" \/>\n\t<meta name=\"twitter:label2\" content=\"Gesch\u00e4tzte Lesezeit\" \/>\n\t<meta name=\"twitter:data2\" content=\"1\u00a0Minute\" \/>\n<script type=\"application\/ld+json\" class=\"yoast-schema-graph\">{\"@context\":\"https:\/\/schema.org\",\"@graph\":[{\"@type\":\"WebPage\",\"@id\":\"https:\/\/www.funktionsmodellbau.ch\/content\/rc-truck-event-chommle-trucker-gunzwil-ch-2016\/\",\"url\":\"https:\/\/www.funktionsmodellbau.ch\/content\/rc-truck-event-chommle-trucker-gunzwil-ch-2016\/\",\"name\":\"RC Truck Event: Chommle Trucker, Gunzwil (CH) 2016 - funktionsmodellbau.ch\",\"isPartOf\":{\"@id\":\"https:\/\/www.funktionsmodellbau.ch\/content\/#website\"},\"primaryImageOfPage\":{\"@id\":\"https:\/\/www.funktionsmodellbau.ch\/content\/rc-truck-event-chommle-trucker-gunzwil-ch-2016\/#primaryimage\"},\"image\":{\"@id\":\"https:\/\/www.funktionsmodellbau.ch\/content\/rc-truck-event-chommle-trucker-gunzwil-ch-2016\/#primaryimage\"},\"thumbnailUrl\":\"https:\/\/www.funktionsmodellbau.ch\/content\/wp-content\/uploads\/2016\/08\/best_of_rc_truck_event_gunzwil_2016.jpg\",\"datePublished\":\"2016-08-22T17:03:39+00:00\",\"dateModified\":\"2017-08-10T11:48:54+00:00\",\"author\":{\"@id\":\"https:\/\/www.funktionsmodellbau.ch\/content\/#\/schema\/person\/51e2b2a5a18752596eee2eadbbb2d6a7\"},\"breadcrumb\":{\"@id\":\"https:\/\/www.funktionsmodellbau.ch\/content\/rc-truck-event-chommle-trucker-gunzwil-ch-2016\/#breadcrumb\"},\"inLanguage\":\"de\",\"potentialAction\":[{\"@type\":\"ReadAction\",\"target\":[\"https:\/\/www.funktionsmodellbau.ch\/content\/rc-truck-event-chommle-trucker-gunzwil-ch-2016\/\"]}]},{\"@type\":\"ImageObject\",\"inLanguage\":\"de\",\"@id\":\"https:\/\/www.funktionsmodellbau.ch\/content\/rc-truck-event-chommle-trucker-gunzwil-ch-2016\/#primaryimage\",\"url\":\"https:\/\/i0.wp.com\/www.funktionsmodellbau.ch\/content\/wp-content\/uploads\/2016\/08\/best_of_rc_truck_event_gunzwil_2016.jpg?fit=3264%2C1840&ssl=1\",\"contentUrl\":\"https:\/\/i0.wp.com\/www.funktionsmodellbau.ch\/content\/wp-content\/uploads\/2016\/08\/best_of_rc_truck_event_gunzwil_2016.jpg?fit=3264%2C1840&ssl=1\",\"width\":3264,\"height\":1840,\"caption\":\"Teaser Chommle Trucker\"},{\"@type\":\"BreadcrumbList\",\"@id\":\"https:\/\/www.funktionsmodellbau.ch\/content\/rc-truck-event-chommle-trucker-gunzwil-ch-2016\/#breadcrumb\",\"itemListElement\":[{\"@type\":\"ListItem\",\"position\":1,\"name\":\"Startseite\",\"item\":\"https:\/\/www.funktionsmodellbau.ch\/content\/\"},{\"@type\":\"ListItem\",\"position\":2,\"name\":\"RC Truck Event: Chommle Trucker, Gunzwil (CH) 2016\"}]},{\"@type\":\"WebSite\",\"@id\":\"https:\/\/www.funktionsmodellbau.ch\/content\/#website\",\"url\":\"https:\/\/www.funktionsmodellbau.ch\/content\/\",\"name\":\"funktionsmodellbau.ch\",\"description\":\"RC MODELLNUTZFAHRZEUGE | RC TRUCK-MODELLBAU | RC SCALE CARS | RC BOOTE\",\"potentialAction\":[{\"@type\":\"SearchAction\",\"target\":{\"@type\":\"EntryPoint\",\"urlTemplate\":\"https:\/\/www.funktionsmodellbau.ch\/content\/?s={search_term_string}\"},\"query-input\":{\"@type\":\"PropertyValueSpecification\",\"valueRequired\":true,\"valueName\":\"search_term_string\"}}],\"inLanguage\":\"de\"},{\"@type\":\"Person\",\"@id\":\"https:\/\/www.funktionsmodellbau.ch\/content\/#\/schema\/person\/51e2b2a5a18752596eee2eadbbb2d6a7\",\"name\":\"chef\",\"image\":{\"@type\":\"ImageObject\",\"inLanguage\":\"de\",\"@id\":\"https:\/\/www.funktionsmodellbau.ch\/content\/#\/schema\/person\/image\/\",\"url\":\"https:\/\/secure.gravatar.com\/avatar\/30a0ceeb5c6accda997741393cc0673d?s=96&r=g\",\"contentUrl\":\"https:\/\/secure.gravatar.com\/avatar\/30a0ceeb5c6accda997741393cc0673d?s=96&r=g\",\"caption\":\"chef\"},\"description\":\"Hallo, ich heisse Fabian und bin hier der Hausmeister. Mich interessiert zwar die ganze Bandbreite im Modellbau, mein Fokus ist aber der Funktionsmodellbau. Speziell RC-Modellnutzfahrzeuge. Ihr findet mich auch auf Twitter, Facebook und Google+\",\"sameAs\":[\"https:\/\/www.funktionsmodellbau.ch\"],\"url\":\"https:\/\/www.funktionsmodellbau.ch\/content\/author\/admin\/\"}]}<\/script>\n<!-- \/ Yoast SEO plugin. -->","yoast_head_json":{"title":"RC Truck Event: Chommle Trucker, Gunzwil (CH) 2016 - funktionsmodellbau.ch","robots":{"index":"index","follow":"follow","max-snippet":"max-snippet:-1","max-image-preview":"max-image-preview:large","max-video-preview":"max-video-preview:-1"},"canonical":"https:\/\/www.funktionsmodellbau.ch\/content\/rc-truck-event-chommle-trucker-gunzwil-ch-2016\/","og_locale":"de_DE","og_type":"article","og_title":"RC Truck Event: Chommle Trucker, Gunzwil (CH) 2016 - funktionsmodellbau.ch","og_description":"Am Wochenende 20.\/21.8.2016 f\u00fchrten die Chommle-Trucker ihr 9. Modelltrucktreffen durch. Das Wetter spielte zwar nicht so ganz mit. Auch&nbsp;am&nbsp;Sonntagmorgen gab es noch ein, zwei Schauer. Danach war dann aber Sonnenschein Weiter lesen \u2192","og_url":"https:\/\/www.funktionsmodellbau.ch\/content\/rc-truck-event-chommle-trucker-gunzwil-ch-2016\/","og_site_name":"funktionsmodellbau.ch","article_publisher":"https:\/\/www.facebook.com\/funktionsmodellbau\/","article_published_time":"2016-08-22T17:03:39+00:00","article_modified_time":"2017-08-10T11:48:54+00:00","og_image":[{"url":"https:\/\/i0.wp.com\/www.funktionsmodellbau.ch\/content\/wp-content\/uploads\/2016\/08\/P1070594.jpg?w=448&#038;h=336&#038;ssl=1","type":"","width":"","height":""}],"author":"chef","twitter_card":"summary_large_image","twitter_creator":"@funktionsmodell","twitter_site":"@funktionsmodell","twitter_misc":{"Verfasst von":"chef","Gesch\u00e4tzte Lesezeit":"1\u00a0Minute"},"schema":{"@context":"https:\/\/schema.org","@graph":[{"@type":"WebPage","@id":"https:\/\/www.funktionsmodellbau.ch\/content\/rc-truck-event-chommle-trucker-gunzwil-ch-2016\/","url":"https:\/\/www.funktionsmodellbau.ch\/content\/rc-truck-event-chommle-trucker-gunzwil-ch-2016\/","name":"RC Truck Event: Chommle Trucker, Gunzwil (CH) 2016 - funktionsmodellbau.ch","isPartOf":{"@id":"https:\/\/www.funktionsmodellbau.ch\/content\/#website"},"primaryImageOfPage":{"@id":"https:\/\/www.funktionsmodellbau.ch\/content\/rc-truck-event-chommle-trucker-gunzwil-ch-2016\/#primaryimage"},"image":{"@id":"https:\/\/www.funktionsmodellbau.ch\/content\/rc-truck-event-chommle-trucker-gunzwil-ch-2016\/#primaryimage"},"thumbnailUrl":"https:\/\/www.funktionsmodellbau.ch\/content\/wp-content\/uploads\/2016\/08\/best_of_rc_truck_event_gunzwil_2016.jpg","datePublished":"2016-08-22T17:03:39+00:00","dateModified":"2017-08-10T11:48:54+00:00","author":{"@id":"https:\/\/www.funktionsmodellbau.ch\/content\/#\/schema\/person\/51e2b2a5a18752596eee2eadbbb2d6a7"},"breadcrumb":{"@id":"https:\/\/www.funktionsmodellbau.ch\/content\/rc-truck-event-chommle-trucker-gunzwil-ch-2016\/#breadcrumb"},"inLanguage":"de","potentialAction":[{"@type":"ReadAction","target":["https:\/\/www.funktionsmodellbau.ch\/content\/rc-truck-event-chommle-trucker-gunzwil-ch-2016\/"]}]},{"@type":"ImageObject","inLanguage":"de","@id":"https:\/\/www.funktionsmodellbau.ch\/content\/rc-truck-event-chommle-trucker-gunzwil-ch-2016\/#primaryimage","url":"https:\/\/i0.wp.com\/www.funktionsmodellbau.ch\/content\/wp-content\/uploads\/2016\/08\/best_of_rc_truck_event_gunzwil_2016.jpg?fit=3264%2C1840&ssl=1","contentUrl":"https:\/\/i0.wp.com\/www.funktionsmodellbau.ch\/content\/wp-content\/uploads\/2016\/08\/best_of_rc_truck_event_gunzwil_2016.jpg?fit=3264%2C1840&ssl=1","width":3264,"height":1840,"caption":"Teaser Chommle Trucker"},{"@type":"BreadcrumbList","@id":"https:\/\/www.funktionsmodellbau.ch\/content\/rc-truck-event-chommle-trucker-gunzwil-ch-2016\/#breadcrumb","itemListElement":[{"@type":"ListItem","position":1,"name":"Startseite","item":"https:\/\/www.funktionsmodellbau.ch\/content\/"},{"@type":"ListItem","position":2,"name":"RC Truck Event: Chommle Trucker, Gunzwil (CH) 2016"}]},{"@type":"WebSite","@id":"https:\/\/www.funktionsmodellbau.ch\/content\/#website","url":"https:\/\/www.funktionsmodellbau.ch\/content\/","name":"funktionsmodellbau.ch","description":"RC MODELLNUTZFAHRZEUGE | RC TRUCK-MODELLBAU | RC SCALE CARS | RC BOOTE","potentialAction":[{"@type":"SearchAction","target":{"@type":"EntryPoint","urlTemplate":"https:\/\/www.funktionsmodellbau.ch\/content\/?s={search_term_string}"},"query-input":{"@type":"PropertyValueSpecification","valueRequired":true,"valueName":"search_term_string"}}],"inLanguage":"de"},{"@type":"Person","@id":"https:\/\/www.funktionsmodellbau.ch\/content\/#\/schema\/person\/51e2b2a5a18752596eee2eadbbb2d6a7","name":"chef","image":{"@type":"ImageObject","inLanguage":"de","@id":"https:\/\/www.funktionsmodellbau.ch\/content\/#\/schema\/person\/image\/","url":"https:\/\/secure.gravatar.com\/avatar\/30a0ceeb5c6accda997741393cc0673d?s=96&r=g","contentUrl":"https:\/\/secure.gravatar.com\/avatar\/30a0ceeb5c6accda997741393cc0673d?s=96&r=g","caption":"chef"},"description":"Hallo, ich heisse Fabian und bin hier der Hausmeister. Mich interessiert zwar die ganze Bandbreite im Modellbau, mein Fokus ist aber der Funktionsmodellbau. Speziell RC-Modellnutzfahrzeuge. Ihr findet mich auch auf Twitter, Facebook und Google+","sameAs":["https:\/\/www.funktionsmodellbau.ch"],"url":"https:\/\/www.funktionsmodellbau.ch\/content\/author\/admin\/"}]}},"jetpack_sharing_enabled":true,"jetpack_featured_media_url":"","_links":{"self":[{"href":"https:\/\/www.funktionsmodellbau.ch\/content\/wp-json\/wp\/v2\/posts\/7572"}],"collection":[{"href":"https:\/\/www.funktionsmodellbau.ch\/content\/wp-json\/wp\/v2\/posts"}],"about":[{"href":"https:\/\/www.funktionsmodellbau.ch\/content\/wp-json\/wp\/v2\/types\/post"}],"author":[{"embeddable":true,"href":"https:\/\/www.funktionsmodellbau.ch\/content\/wp-json\/wp\/v2\/users\/1"}],"replies":[{"embeddable":true,"href":"https:\/\/www.funktionsmodellbau.ch\/content\/wp-json\/wp\/v2\/comments?post=7572"}],"version-history":[{"count":9,"href":"https:\/\/www.funktionsmodellbau.ch\/content\/wp-json\/wp\/v2\/posts\/7572\/revisions"}],"predecessor-version":[{"id":8118,"href":"https:\/\/www.funktionsmodellbau.ch\/content\/wp-json\/wp\/v2\/posts\/7572\/revisions\/8118"}],"wp:attachment":[{"href":"https:\/\/www.funktionsmodellbau.ch\/content\/wp-json\/wp\/v2\/media?parent=7572"}],"wp:term":[{"taxonomy":"category","embeddable":true,"href":"https:\/\/www.funktionsmodellbau.ch\/content\/wp-json\/wp\/v2\/categories?post=7572"},{"taxonomy":"post_tag","embeddable":true,"href":"https:\/\/www.funktionsmodellbau.ch\/content\/wp-json\/wp\/v2\/tags?post=7572"},{"taxonomy":"series","embeddable":true,"href":"https:\/\/www.funktionsmodellbau.ch\/content\/wp-json\/wp\/v2\/series?post=7572"}],"curies":[{"name":"wp","href":"https:\/\/api.w.org\/{rel}","templated":true}]}}