{"id":6886,"date":"2015-07-03T07:41:39","date_gmt":"2015-07-03T06:41:39","guid":{"rendered":"https:\/\/www.funktionsmodellbau.ch\/content\/?p=6886"},"modified":"2016-06-08T06:49:42","modified_gmt":"2016-06-08T05:49:42","slug":"wie-viel-ist-dir-das-wert","status":"publish","type":"post","link":"https:\/\/www.funktionsmodellbau.ch\/content\/wie-viel-ist-dir-das-wert\/","title":{"rendered":"Wie viel ist dir das wert?"},"content":{"rendered":"<p>Im Laufe meiner Modellbau-Karriere haben sich einige Modelle angesammelt. Jedes davon hat einen bestimmten Materialwert. Einmal etwas mehr, das andere Mal weniger. Einige haben zus\u00e4tzlich auch einen h\u00f6heren ideellen Wert. Was passiert bei einem Brand oder Diebstahl?<!--more--><br \/>\nDas veranlasste mich, etwas \u00fcber meine Versicherung nachzudenken. Von Helikopterkollegen\u00a0wusste ich, dass die zum Teil eine Zusatzversicherung wegen Unf\u00e4llen abschlossen.<\/p>\n<p><img data-recalc-dims=\"1\" loading=\"lazy\" decoding=\"async\" class=\"alignnone\" src=\"https:\/\/i0.wp.com\/www.zurich.ch\/-\/media\/zurich-site\/header-pictures\/privatkunden\/unfall-und-krankheit\/kinderkrippe.jpg?resize=678%2C136&#038;ssl=1\" alt=\"Zusatzversicherung\" width=\"678\" height=\"136\" \/><\/p>\n<p>Dabei fand ich beim Googeln, zwar nicht das, was ich eigentlich suchte. K\u00f6nnte aber f\u00fcr die eine oder andere Familie von Interesse sein. Und zwar bietet die Z\u00fcrich Versicherung, bekannt durch ein breites Angebot an an Dienstleistungen rund um Risiko und Versicherung, eine interessante Versicherung um die Kinderbetreuung an. Und zwar die <a href=\"https:\/\/www.facebook.com\/ZurichSchweiz\/posts\/750327185094278\" target=\"_blank\" rel=\"nofollow\" class=\"broken_link\">Zurich Kinderkrippe Versicherung<\/a>.<br \/>\nDamit werden die bereits bezahlten Kinderkrippen-Tage, die nicht genutzt werden k\u00f6nnen, zur\u00fcckerstattet.<\/p>\n<p>&nbsp;<\/p>\n","protected":false},"excerpt":{"rendered":"<p>Im Laufe meiner Modellbau-Karriere haben sich einige Modelle angesammelt. Jedes davon hat einen bestimmten Materialwert. Einmal etwas mehr, das andere Mal weniger. Einige haben zus\u00e4tzlich auch einen h\u00f6heren ideellen Wert. <a class=\"more-link\" href=\"https:\/\/www.funktionsmodellbau.ch\/content\/wie-viel-ist-dir-das-wert\/\">Weiter lesen \u2192<\/a><\/p>\n","protected":false},"author":1,"featured_media":0,"comment_status":"open","ping_status":"open","sticky":false,"template":"","format":"standard","meta":{"jetpack_post_was_ever_published":false,"_jetpack_newsletter_access":"","_jetpack_dont_email_post_to_subs":false,"_jetpack_newsletter_tier_id":0,"_jetpack_memberships_contains_paywalled_content":false,"_jetpack_memberships_contains_paid_content":false,"footnotes":""},"categories":[671],"tags":[],"series":[],"yoast_head":"<!-- This site is optimized with the Yoast SEO plugin v24.5 - https:\/\/yoast.com\/wordpress\/plugins\/seo\/ -->\n<title>Wie viel ist dir das wert? - funktionsmodellbau.ch<\/title>\n<meta name=\"description\" content=\"Wie viel sind dir deine RC Modelle wert? Mit einer Zusatzversicherung kannst du ev. etwas ruhiger schlafen. Die Entscheidung, muss aber jeder selber f\u00e4llen.\" \/>\n<meta name=\"robots\" content=\"index, follow, max-snippet:-1, max-image-preview:large, max-video-preview:-1\" \/>\n<link rel=\"canonical\" href=\"https:\/\/www.funktionsmodellbau.ch\/content\/wie-viel-ist-dir-das-wert\/\" \/>\n<meta property=\"og:locale\" content=\"de_DE\" \/>\n<meta property=\"og:type\" content=\"article\" \/>\n<meta property=\"og:title\" content=\"Wie viel ist dir das wert? - funktionsmodellbau.ch\" \/>\n<meta property=\"og:description\" content=\"Wie viel sind dir deine RC Modelle wert? Mit einer Zusatzversicherung kannst du ev. etwas ruhiger schlafen. Die Entscheidung, muss aber jeder selber f\u00e4llen.\" \/>\n<meta property=\"og:url\" content=\"https:\/\/www.funktionsmodellbau.ch\/content\/wie-viel-ist-dir-das-wert\/\" \/>\n<meta property=\"og:site_name\" content=\"funktionsmodellbau.ch\" \/>\n<meta property=\"article:publisher\" content=\"https:\/\/www.facebook.com\/funktionsmodellbau\/\" \/>\n<meta property=\"article:published_time\" content=\"2015-07-03T06:41:39+00:00\" \/>\n<meta property=\"article:modified_time\" content=\"2016-06-08T05:49:42+00:00\" \/>\n<meta property=\"og:image\" content=\"https:\/\/www.zurich.ch\/-\/media\/zurich-site\/header-pictures\/privatkunden\/unfall-und-krankheit\/kinderkrippe.jpg?crop=2&amp;w=1480&amp;h=296&amp;bc=ffffff&amp;rectParam=1508,0,686,512\" \/>\n<meta name=\"author\" content=\"chef\" \/>\n<meta name=\"twitter:card\" content=\"summary_large_image\" \/>\n<meta name=\"twitter:creator\" content=\"@funktionsmodell\" \/>\n<meta name=\"twitter:site\" content=\"@funktionsmodell\" \/>\n<meta name=\"twitter:label1\" content=\"Verfasst von\" \/>\n\t<meta name=\"twitter:data1\" content=\"chef\" \/>\n\t<meta name=\"twitter:label2\" content=\"Gesch\u00e4tzte Lesezeit\" \/>\n\t<meta name=\"twitter:data2\" content=\"1\u00a0Minute\" \/>\n<script type=\"application\/ld+json\" class=\"yoast-schema-graph\">{\"@context\":\"https:\/\/schema.org\",\"@graph\":[{\"@type\":\"WebPage\",\"@id\":\"https:\/\/www.funktionsmodellbau.ch\/content\/wie-viel-ist-dir-das-wert\/\",\"url\":\"https:\/\/www.funktionsmodellbau.ch\/content\/wie-viel-ist-dir-das-wert\/\",\"name\":\"Wie viel ist dir das wert? - funktionsmodellbau.ch\",\"isPartOf\":{\"@id\":\"https:\/\/www.funktionsmodellbau.ch\/content\/#website\"},\"primaryImageOfPage\":{\"@id\":\"https:\/\/www.funktionsmodellbau.ch\/content\/wie-viel-ist-dir-das-wert\/#primaryimage\"},\"image\":{\"@id\":\"https:\/\/www.funktionsmodellbau.ch\/content\/wie-viel-ist-dir-das-wert\/#primaryimage\"},\"thumbnailUrl\":\"https:\/\/www.zurich.ch\/-\/media\/zurich-site\/header-pictures\/privatkunden\/unfall-und-krankheit\/kinderkrippe.jpg?crop=2&amp;w=1480&amp;h=296&amp;bc=ffffff&amp;rectParam=1508,0,686,512\",\"datePublished\":\"2015-07-03T06:41:39+00:00\",\"dateModified\":\"2016-06-08T05:49:42+00:00\",\"author\":{\"@id\":\"https:\/\/www.funktionsmodellbau.ch\/content\/#\/schema\/person\/51e2b2a5a18752596eee2eadbbb2d6a7\"},\"description\":\"Wie viel sind dir deine RC Modelle wert? Mit einer Zusatzversicherung kannst du ev. etwas ruhiger schlafen. Die Entscheidung, muss aber jeder selber f\u00e4llen.\",\"breadcrumb\":{\"@id\":\"https:\/\/www.funktionsmodellbau.ch\/content\/wie-viel-ist-dir-das-wert\/#breadcrumb\"},\"inLanguage\":\"de\",\"potentialAction\":[{\"@type\":\"ReadAction\",\"target\":[\"https:\/\/www.funktionsmodellbau.ch\/content\/wie-viel-ist-dir-das-wert\/\"]}]},{\"@type\":\"ImageObject\",\"inLanguage\":\"de\",\"@id\":\"https:\/\/www.funktionsmodellbau.ch\/content\/wie-viel-ist-dir-das-wert\/#primaryimage\",\"url\":\"https:\/\/www.zurich.ch\/-\/media\/zurich-site\/header-pictures\/privatkunden\/unfall-und-krankheit\/kinderkrippe.jpg?crop=2&amp;w=1480&amp;h=296&amp;bc=ffffff&amp;rectParam=1508,0,686,512\",\"contentUrl\":\"https:\/\/www.zurich.ch\/-\/media\/zurich-site\/header-pictures\/privatkunden\/unfall-und-krankheit\/kinderkrippe.jpg?crop=2&amp;w=1480&amp;h=296&amp;bc=ffffff&amp;rectParam=1508,0,686,512\"},{\"@type\":\"BreadcrumbList\",\"@id\":\"https:\/\/www.funktionsmodellbau.ch\/content\/wie-viel-ist-dir-das-wert\/#breadcrumb\",\"itemListElement\":[{\"@type\":\"ListItem\",\"position\":1,\"name\":\"Startseite\",\"item\":\"https:\/\/www.funktionsmodellbau.ch\/content\/\"},{\"@type\":\"ListItem\",\"position\":2,\"name\":\"Wie viel ist dir das wert?\"}]},{\"@type\":\"WebSite\",\"@id\":\"https:\/\/www.funktionsmodellbau.ch\/content\/#website\",\"url\":\"https:\/\/www.funktionsmodellbau.ch\/content\/\",\"name\":\"funktionsmodellbau.ch\",\"description\":\"RC MODELLNUTZFAHRZEUGE | RC TRUCK-MODELLBAU | RC SCALE CARS | RC BOOTE\",\"potentialAction\":[{\"@type\":\"SearchAction\",\"target\":{\"@type\":\"EntryPoint\",\"urlTemplate\":\"https:\/\/www.funktionsmodellbau.ch\/content\/?s={search_term_string}\"},\"query-input\":{\"@type\":\"PropertyValueSpecification\",\"valueRequired\":true,\"valueName\":\"search_term_string\"}}],\"inLanguage\":\"de\"},{\"@type\":\"Person\",\"@id\":\"https:\/\/www.funktionsmodellbau.ch\/content\/#\/schema\/person\/51e2b2a5a18752596eee2eadbbb2d6a7\",\"name\":\"chef\",\"image\":{\"@type\":\"ImageObject\",\"inLanguage\":\"de\",\"@id\":\"https:\/\/www.funktionsmodellbau.ch\/content\/#\/schema\/person\/image\/\",\"url\":\"https:\/\/secure.gravatar.com\/avatar\/30a0ceeb5c6accda997741393cc0673d?s=96&r=g\",\"contentUrl\":\"https:\/\/secure.gravatar.com\/avatar\/30a0ceeb5c6accda997741393cc0673d?s=96&r=g\",\"caption\":\"chef\"},\"description\":\"Hallo, ich heisse Fabian und bin hier der Hausmeister. Mich interessiert zwar die ganze Bandbreite im Modellbau, mein Fokus ist aber der Funktionsmodellbau. Speziell RC-Modellnutzfahrzeuge. Ihr findet mich auch auf Twitter, Facebook und Google+\",\"sameAs\":[\"https:\/\/www.funktionsmodellbau.ch\"],\"url\":\"https:\/\/www.funktionsmodellbau.ch\/content\/author\/admin\/\"}]}<\/script>\n<!-- \/ Yoast SEO plugin. -->","yoast_head_json":{"title":"Wie viel ist dir das wert? - funktionsmodellbau.ch","description":"Wie viel sind dir deine RC Modelle wert? Mit einer Zusatzversicherung kannst du ev. etwas ruhiger schlafen. Die Entscheidung, muss aber jeder selber f\u00e4llen.","robots":{"index":"index","follow":"follow","max-snippet":"max-snippet:-1","max-image-preview":"max-image-preview:large","max-video-preview":"max-video-preview:-1"},"canonical":"https:\/\/www.funktionsmodellbau.ch\/content\/wie-viel-ist-dir-das-wert\/","og_locale":"de_DE","og_type":"article","og_title":"Wie viel ist dir das wert? - funktionsmodellbau.ch","og_description":"Wie viel sind dir deine RC Modelle wert? Mit einer Zusatzversicherung kannst du ev. etwas ruhiger schlafen. Die Entscheidung, muss aber jeder selber f\u00e4llen.","og_url":"https:\/\/www.funktionsmodellbau.ch\/content\/wie-viel-ist-dir-das-wert\/","og_site_name":"funktionsmodellbau.ch","article_publisher":"https:\/\/www.facebook.com\/funktionsmodellbau\/","article_published_time":"2015-07-03T06:41:39+00:00","article_modified_time":"2016-06-08T05:49:42+00:00","og_image":[{"url":"https:\/\/www.zurich.ch\/-\/media\/zurich-site\/header-pictures\/privatkunden\/unfall-und-krankheit\/kinderkrippe.jpg?crop=2&amp;w=1480&amp;h=296&amp;bc=ffffff&amp;rectParam=1508,0,686,512","type":"","width":"","height":""}],"author":"chef","twitter_card":"summary_large_image","twitter_creator":"@funktionsmodell","twitter_site":"@funktionsmodell","twitter_misc":{"Verfasst von":"chef","Gesch\u00e4tzte Lesezeit":"1\u00a0Minute"},"schema":{"@context":"https:\/\/schema.org","@graph":[{"@type":"WebPage","@id":"https:\/\/www.funktionsmodellbau.ch\/content\/wie-viel-ist-dir-das-wert\/","url":"https:\/\/www.funktionsmodellbau.ch\/content\/wie-viel-ist-dir-das-wert\/","name":"Wie viel ist dir das wert? - funktionsmodellbau.ch","isPartOf":{"@id":"https:\/\/www.funktionsmodellbau.ch\/content\/#website"},"primaryImageOfPage":{"@id":"https:\/\/www.funktionsmodellbau.ch\/content\/wie-viel-ist-dir-das-wert\/#primaryimage"},"image":{"@id":"https:\/\/www.funktionsmodellbau.ch\/content\/wie-viel-ist-dir-das-wert\/#primaryimage"},"thumbnailUrl":"https:\/\/www.zurich.ch\/-\/media\/zurich-site\/header-pictures\/privatkunden\/unfall-und-krankheit\/kinderkrippe.jpg?crop=2&amp;w=1480&amp;h=296&amp;bc=ffffff&amp;rectParam=1508,0,686,512","datePublished":"2015-07-03T06:41:39+00:00","dateModified":"2016-06-08T05:49:42+00:00","author":{"@id":"https:\/\/www.funktionsmodellbau.ch\/content\/#\/schema\/person\/51e2b2a5a18752596eee2eadbbb2d6a7"},"description":"Wie viel sind dir deine RC Modelle wert? Mit einer Zusatzversicherung kannst du ev. etwas ruhiger schlafen. Die Entscheidung, muss aber jeder selber f\u00e4llen.","breadcrumb":{"@id":"https:\/\/www.funktionsmodellbau.ch\/content\/wie-viel-ist-dir-das-wert\/#breadcrumb"},"inLanguage":"de","potentialAction":[{"@type":"ReadAction","target":["https:\/\/www.funktionsmodellbau.ch\/content\/wie-viel-ist-dir-das-wert\/"]}]},{"@type":"ImageObject","inLanguage":"de","@id":"https:\/\/www.funktionsmodellbau.ch\/content\/wie-viel-ist-dir-das-wert\/#primaryimage","url":"https:\/\/www.zurich.ch\/-\/media\/zurich-site\/header-pictures\/privatkunden\/unfall-und-krankheit\/kinderkrippe.jpg?crop=2&amp;w=1480&amp;h=296&amp;bc=ffffff&amp;rectParam=1508,0,686,512","contentUrl":"https:\/\/www.zurich.ch\/-\/media\/zurich-site\/header-pictures\/privatkunden\/unfall-und-krankheit\/kinderkrippe.jpg?crop=2&amp;w=1480&amp;h=296&amp;bc=ffffff&amp;rectParam=1508,0,686,512"},{"@type":"BreadcrumbList","@id":"https:\/\/www.funktionsmodellbau.ch\/content\/wie-viel-ist-dir-das-wert\/#breadcrumb","itemListElement":[{"@type":"ListItem","position":1,"name":"Startseite","item":"https:\/\/www.funktionsmodellbau.ch\/content\/"},{"@type":"ListItem","position":2,"name":"Wie viel ist dir das wert?"}]},{"@type":"WebSite","@id":"https:\/\/www.funktionsmodellbau.ch\/content\/#website","url":"https:\/\/www.funktionsmodellbau.ch\/content\/","name":"funktionsmodellbau.ch","description":"RC MODELLNUTZFAHRZEUGE | RC TRUCK-MODELLBAU | RC SCALE CARS | RC BOOTE","potentialAction":[{"@type":"SearchAction","target":{"@type":"EntryPoint","urlTemplate":"https:\/\/www.funktionsmodellbau.ch\/content\/?s={search_term_string}"},"query-input":{"@type":"PropertyValueSpecification","valueRequired":true,"valueName":"search_term_string"}}],"inLanguage":"de"},{"@type":"Person","@id":"https:\/\/www.funktionsmodellbau.ch\/content\/#\/schema\/person\/51e2b2a5a18752596eee2eadbbb2d6a7","name":"chef","image":{"@type":"ImageObject","inLanguage":"de","@id":"https:\/\/www.funktionsmodellbau.ch\/content\/#\/schema\/person\/image\/","url":"https:\/\/secure.gravatar.com\/avatar\/30a0ceeb5c6accda997741393cc0673d?s=96&r=g","contentUrl":"https:\/\/secure.gravatar.com\/avatar\/30a0ceeb5c6accda997741393cc0673d?s=96&r=g","caption":"chef"},"description":"Hallo, ich heisse Fabian und bin hier der Hausmeister. Mich interessiert zwar die ganze Bandbreite im Modellbau, mein Fokus ist aber der Funktionsmodellbau. Speziell RC-Modellnutzfahrzeuge. Ihr findet mich auch auf Twitter, Facebook und Google+","sameAs":["https:\/\/www.funktionsmodellbau.ch"],"url":"https:\/\/www.funktionsmodellbau.ch\/content\/author\/admin\/"}]}},"jetpack_sharing_enabled":true,"jetpack_featured_media_url":"","_links":{"self":[{"href":"https:\/\/www.funktionsmodellbau.ch\/content\/wp-json\/wp\/v2\/posts\/6886"}],"collection":[{"href":"https:\/\/www.funktionsmodellbau.ch\/content\/wp-json\/wp\/v2\/posts"}],"about":[{"href":"https:\/\/www.funktionsmodellbau.ch\/content\/wp-json\/wp\/v2\/types\/post"}],"author":[{"embeddable":true,"href":"https:\/\/www.funktionsmodellbau.ch\/content\/wp-json\/wp\/v2\/users\/1"}],"replies":[{"embeddable":true,"href":"https:\/\/www.funktionsmodellbau.ch\/content\/wp-json\/wp\/v2\/comments?post=6886"}],"version-history":[{"count":7,"href":"https:\/\/www.funktionsmodellbau.ch\/content\/wp-json\/wp\/v2\/posts\/6886\/revisions"}],"predecessor-version":[{"id":7506,"href":"https:\/\/www.funktionsmodellbau.ch\/content\/wp-json\/wp\/v2\/posts\/6886\/revisions\/7506"}],"wp:attachment":[{"href":"https:\/\/www.funktionsmodellbau.ch\/content\/wp-json\/wp\/v2\/media?parent=6886"}],"wp:term":[{"taxonomy":"category","embeddable":true,"href":"https:\/\/www.funktionsmodellbau.ch\/content\/wp-json\/wp\/v2\/categories?post=6886"},{"taxonomy":"post_tag","embeddable":true,"href":"https:\/\/www.funktionsmodellbau.ch\/content\/wp-json\/wp\/v2\/tags?post=6886"},{"taxonomy":"series","embeddable":true,"href":"https:\/\/www.funktionsmodellbau.ch\/content\/wp-json\/wp\/v2\/series?post=6886"}],"curies":[{"name":"wp","href":"https:\/\/api.w.org\/{rel}","templated":true}]}}