{"id":6251,"date":"2014-03-23T09:09:21","date_gmt":"2014-03-23T08:09:21","guid":{"rendered":"https:\/\/www.funktionsmodellbau.ch\/content\/?p=6251"},"modified":"2016-06-06T14:28:43","modified_gmt":"2016-06-06T13:28:43","slug":"schuco-norev-und-co-modellbau-fuer-die-vitrine","status":"publish","type":"post","link":"https:\/\/www.funktionsmodellbau.ch\/content\/schuco-norev-und-co-modellbau-fuer-die-vitrine\/","title":{"rendered":"Schuco, Norev und Co. \u2013 Modellbau f\u00fcr die Vitrine"},"content":{"rendered":"<p>Modellbau ist nicht gleich Modellbau. Schliesslich gibt es Leute wie mich, die selbst Hand anlegen und Firmen, die Modelle herstellen, welche Sammler sich wiederum in die Vitrine stellen. Je nach Fingerfertigkeit und Bastlerfreude haben einige Sammler viel mehr Spass daran sich ihr Lieblingsmodell einfach nur anzuschauen.<\/p>\n<p>\u00dcbrigens werden auch die Modelle der gro\u00dfen Firmen in den meisten F\u00e4llen von Hand gefertigt. Ein gutes Beispiel sind die Modelle der A-Klasse von Mercedes Benz. Mehr Infos zum Original gibt es unter anderem auf <a title=\"mobile.de\" href=\"http:\/\/www.mobile.de\/modellverzeichnis\/mercedes-benz\/a-klasse.html\" target=\"_blank\" class=\"broken_link\">mobile.de<\/a>. Wer sich den Wagen im Kleinformat f\u00fcr die Vitrine holen m\u00f6chte, hat die Wahl zwischen drei verschiedenen Gr\u00f6ssen. Norev, Schuco und Herpa haben Modelle im Ma\u00dfstab 1:18, 1:43 und 1:87 herausgebracht. Wie auch bei anderen Modellen wurden hierf\u00fcr die originalen CAD-Daten benutzt. Nat\u00fcrlich wird auch der Originallack verwendet.<\/p>\n<p><img data-recalc-dims=\"1\" loading=\"lazy\" decoding=\"async\" class=\"alignnone\" src=\"https:\/\/i0.wp.com\/www.norev.com\/media\/Visuels\/Miniatures\/154543_1.jpg?resize=500%2C417\" width=\"500\" height=\"417\" \/><\/p>\n<p><a title=\"Norev\" href=\"http:\/\/www.modellfahrzeug.de\/141\/de\/hersteller\/norev.aspx\" target=\"_blank\" class=\"broken_link\"><strong>Norev<\/strong><\/a>\u00a0l\u00e4sst sein 1:18-Modell aus mehr als 100 Einzelteilen von Hand montieren. Daraus ergibt sich eine Modell\u00e4nge von 24 Zentimetern. Klein, aber fein! Heckklappe, Motorhaube und T\u00fcren des aus Zinkdruckguss bestehenden A-Klasse-Modells lassen sich \u00f6ffnen. Auch bei der Ausstattung liess man sich nicht lumpen, denn das AMG Sportpaket, Scheinwerfer mit Intelligent Light System, Privacy Glas, AMG-Leichtmetallr\u00e4der sowie Sportsitze mit integrierten Kopfst\u00fctzen hat man ebenfalls ber\u00fccksichtigt.<\/p>\n<p><a title=\"Schuco\" href=\"http:\/\/www.schuco.de\" target=\"_blank\"><strong>Schuco<\/strong><\/a>\u00a0hat sich auf eine Nummer kleiner spezialisiert. Im Ma\u00dfstab 1:43 ist das Modell nur 9,8 cm lang. Auch die Teileanzahl hat sich damit halbiert. Bei dem ebenfalls aus Zinkdruck gefertigten Modell ist die Zusatzausstattung nat\u00fcrlich trotzdem an Bord.<\/p>\n<p><img data-recalc-dims=\"1\" loading=\"lazy\" decoding=\"async\" class=\"alignnone\" src=\"https:\/\/i0.wp.com\/www.schuco.de\/Project\/Storage\/Images\/pm_resources\/5127_421fc7c91e1777ed109b26d55ed5cc1d.jpg?resize=573%2C382\" alt=\"Schuco VW-Bus\" width=\"573\" height=\"382\" \/><\/p>\n<p>Es geht noch kleiner. Herpas Modell im Massstab 1:87 ist aus Kunststoff gefertigt und misst gerade einmal 5,5 Zentimenter. Der Winzling wurde aus 25 Einzelteilen gefertigt und bringt Alufelgen, im 25-Speichen-Doppeldesign mit.<\/p>\n<p>Auch wenn ich mich normalerweise lieber mit Funktionsmodellbau in einem ganz anderen Stil besch\u00e4ftige, finde ich diese Art des Modellbaus nicht langweilig. Viele der Modellbaufirmen haben \u00fcbrigens auch Modelle von verschiedensten Nutzfahrzeugen im Angebot.<\/p>\n","protected":false},"excerpt":{"rendered":"<p>Modellbau ist nicht gleich Modellbau. Schliesslich gibt es Leute wie mich, die selbst Hand anlegen und Firmen, die Modelle herstellen, welche Sammler sich wiederum in die Vitrine stellen. Je nach <a class=\"more-link\" href=\"https:\/\/www.funktionsmodellbau.ch\/content\/schuco-norev-und-co-modellbau-fuer-die-vitrine\/\">Weiter lesen \u2192<\/a><\/p>\n","protected":false},"author":1,"featured_media":0,"comment_status":"open","ping_status":"open","sticky":false,"template":"","format":"standard","meta":{"jetpack_post_was_ever_published":false,"_jetpack_newsletter_access":"","_jetpack_dont_email_post_to_subs":false,"_jetpack_newsletter_tier_id":0,"_jetpack_memberships_contains_paywalled_content":false,"_jetpack_memberships_contains_paid_content":false,"footnotes":""},"categories":[65,267],"tags":[],"series":[],"yoast_head":"<!-- This site is optimized with the Yoast SEO plugin v24.5 - https:\/\/yoast.com\/wordpress\/plugins\/seo\/ -->\n<title>Schuco, Norev und Co. \u2013 Modellbau f\u00fcr die Vitrine - funktionsmodellbau.ch<\/title>\n<meta name=\"robots\" content=\"index, follow, max-snippet:-1, max-image-preview:large, max-video-preview:-1\" \/>\n<link rel=\"canonical\" href=\"https:\/\/www.funktionsmodellbau.ch\/content\/schuco-norev-und-co-modellbau-fuer-die-vitrine\/\" \/>\n<meta property=\"og:locale\" content=\"de_DE\" \/>\n<meta property=\"og:type\" content=\"article\" \/>\n<meta property=\"og:title\" content=\"Schuco, Norev und Co. \u2013 Modellbau f\u00fcr die Vitrine - funktionsmodellbau.ch\" \/>\n<meta property=\"og:description\" content=\"Modellbau ist nicht gleich Modellbau. Schliesslich gibt es Leute wie mich, die selbst Hand anlegen und Firmen, die Modelle herstellen, welche Sammler sich wiederum in die Vitrine stellen. Je nach Weiter lesen \u2192\" \/>\n<meta property=\"og:url\" content=\"https:\/\/www.funktionsmodellbau.ch\/content\/schuco-norev-und-co-modellbau-fuer-die-vitrine\/\" \/>\n<meta property=\"og:site_name\" content=\"funktionsmodellbau.ch\" \/>\n<meta property=\"article:publisher\" content=\"https:\/\/www.facebook.com\/funktionsmodellbau\/\" \/>\n<meta property=\"article:published_time\" content=\"2014-03-23T08:09:21+00:00\" \/>\n<meta property=\"article:modified_time\" content=\"2016-06-06T13:28:43+00:00\" \/>\n<meta property=\"og:image\" content=\"http:\/\/www.norev.com\/media\/Visuels\/Miniatures\/154543_1.jpg\" \/>\n<meta name=\"author\" content=\"chef\" \/>\n<meta name=\"twitter:card\" content=\"summary_large_image\" \/>\n<meta name=\"twitter:creator\" content=\"@funktionsmodell\" \/>\n<meta name=\"twitter:site\" content=\"@funktionsmodell\" \/>\n<meta name=\"twitter:label1\" content=\"Verfasst von\" \/>\n\t<meta name=\"twitter:data1\" content=\"chef\" \/>\n\t<meta name=\"twitter:label2\" content=\"Gesch\u00e4tzte Lesezeit\" \/>\n\t<meta name=\"twitter:data2\" content=\"2\u00a0Minuten\" \/>\n<script type=\"application\/ld+json\" class=\"yoast-schema-graph\">{\"@context\":\"https:\/\/schema.org\",\"@graph\":[{\"@type\":\"WebPage\",\"@id\":\"https:\/\/www.funktionsmodellbau.ch\/content\/schuco-norev-und-co-modellbau-fuer-die-vitrine\/\",\"url\":\"https:\/\/www.funktionsmodellbau.ch\/content\/schuco-norev-und-co-modellbau-fuer-die-vitrine\/\",\"name\":\"Schuco, Norev und Co. \u2013 Modellbau f\u00fcr die Vitrine - funktionsmodellbau.ch\",\"isPartOf\":{\"@id\":\"https:\/\/www.funktionsmodellbau.ch\/content\/#website\"},\"primaryImageOfPage\":{\"@id\":\"https:\/\/www.funktionsmodellbau.ch\/content\/schuco-norev-und-co-modellbau-fuer-die-vitrine\/#primaryimage\"},\"image\":{\"@id\":\"https:\/\/www.funktionsmodellbau.ch\/content\/schuco-norev-und-co-modellbau-fuer-die-vitrine\/#primaryimage\"},\"thumbnailUrl\":\"http:\/\/www.norev.com\/media\/Visuels\/Miniatures\/154543_1.jpg\",\"datePublished\":\"2014-03-23T08:09:21+00:00\",\"dateModified\":\"2016-06-06T13:28:43+00:00\",\"author\":{\"@id\":\"https:\/\/www.funktionsmodellbau.ch\/content\/#\/schema\/person\/51e2b2a5a18752596eee2eadbbb2d6a7\"},\"breadcrumb\":{\"@id\":\"https:\/\/www.funktionsmodellbau.ch\/content\/schuco-norev-und-co-modellbau-fuer-die-vitrine\/#breadcrumb\"},\"inLanguage\":\"de\",\"potentialAction\":[{\"@type\":\"ReadAction\",\"target\":[\"https:\/\/www.funktionsmodellbau.ch\/content\/schuco-norev-und-co-modellbau-fuer-die-vitrine\/\"]}]},{\"@type\":\"ImageObject\",\"inLanguage\":\"de\",\"@id\":\"https:\/\/www.funktionsmodellbau.ch\/content\/schuco-norev-und-co-modellbau-fuer-die-vitrine\/#primaryimage\",\"url\":\"http:\/\/www.norev.com\/media\/Visuels\/Miniatures\/154543_1.jpg\",\"contentUrl\":\"http:\/\/www.norev.com\/media\/Visuels\/Miniatures\/154543_1.jpg\"},{\"@type\":\"BreadcrumbList\",\"@id\":\"https:\/\/www.funktionsmodellbau.ch\/content\/schuco-norev-und-co-modellbau-fuer-die-vitrine\/#breadcrumb\",\"itemListElement\":[{\"@type\":\"ListItem\",\"position\":1,\"name\":\"Startseite\",\"item\":\"https:\/\/www.funktionsmodellbau.ch\/content\/\"},{\"@type\":\"ListItem\",\"position\":2,\"name\":\"Schuco, Norev und Co. \u2013 Modellbau f\u00fcr die Vitrine\"}]},{\"@type\":\"WebSite\",\"@id\":\"https:\/\/www.funktionsmodellbau.ch\/content\/#website\",\"url\":\"https:\/\/www.funktionsmodellbau.ch\/content\/\",\"name\":\"funktionsmodellbau.ch\",\"description\":\"RC MODELLNUTZFAHRZEUGE | RC TRUCK-MODELLBAU | RC SCALE CARS | RC BOOTE\",\"potentialAction\":[{\"@type\":\"SearchAction\",\"target\":{\"@type\":\"EntryPoint\",\"urlTemplate\":\"https:\/\/www.funktionsmodellbau.ch\/content\/?s={search_term_string}\"},\"query-input\":{\"@type\":\"PropertyValueSpecification\",\"valueRequired\":true,\"valueName\":\"search_term_string\"}}],\"inLanguage\":\"de\"},{\"@type\":\"Person\",\"@id\":\"https:\/\/www.funktionsmodellbau.ch\/content\/#\/schema\/person\/51e2b2a5a18752596eee2eadbbb2d6a7\",\"name\":\"chef\",\"image\":{\"@type\":\"ImageObject\",\"inLanguage\":\"de\",\"@id\":\"https:\/\/www.funktionsmodellbau.ch\/content\/#\/schema\/person\/image\/\",\"url\":\"https:\/\/secure.gravatar.com\/avatar\/30a0ceeb5c6accda997741393cc0673d?s=96&r=g\",\"contentUrl\":\"https:\/\/secure.gravatar.com\/avatar\/30a0ceeb5c6accda997741393cc0673d?s=96&r=g\",\"caption\":\"chef\"},\"description\":\"Hallo, ich heisse Fabian und bin hier der Hausmeister. Mich interessiert zwar die ganze Bandbreite im Modellbau, mein Fokus ist aber der Funktionsmodellbau. Speziell RC-Modellnutzfahrzeuge. Ihr findet mich auch auf Twitter, Facebook und Google+\",\"sameAs\":[\"https:\/\/www.funktionsmodellbau.ch\"],\"url\":\"https:\/\/www.funktionsmodellbau.ch\/content\/author\/admin\/\"}]}<\/script>\n<!-- \/ Yoast SEO plugin. -->","yoast_head_json":{"title":"Schuco, Norev und Co. \u2013 Modellbau f\u00fcr die Vitrine - funktionsmodellbau.ch","robots":{"index":"index","follow":"follow","max-snippet":"max-snippet:-1","max-image-preview":"max-image-preview:large","max-video-preview":"max-video-preview:-1"},"canonical":"https:\/\/www.funktionsmodellbau.ch\/content\/schuco-norev-und-co-modellbau-fuer-die-vitrine\/","og_locale":"de_DE","og_type":"article","og_title":"Schuco, Norev und Co. \u2013 Modellbau f\u00fcr die Vitrine - funktionsmodellbau.ch","og_description":"Modellbau ist nicht gleich Modellbau. Schliesslich gibt es Leute wie mich, die selbst Hand anlegen und Firmen, die Modelle herstellen, welche Sammler sich wiederum in die Vitrine stellen. Je nach Weiter lesen \u2192","og_url":"https:\/\/www.funktionsmodellbau.ch\/content\/schuco-norev-und-co-modellbau-fuer-die-vitrine\/","og_site_name":"funktionsmodellbau.ch","article_publisher":"https:\/\/www.facebook.com\/funktionsmodellbau\/","article_published_time":"2014-03-23T08:09:21+00:00","article_modified_time":"2016-06-06T13:28:43+00:00","og_image":[{"url":"http:\/\/www.norev.com\/media\/Visuels\/Miniatures\/154543_1.jpg","type":"","width":"","height":""}],"author":"chef","twitter_card":"summary_large_image","twitter_creator":"@funktionsmodell","twitter_site":"@funktionsmodell","twitter_misc":{"Verfasst von":"chef","Gesch\u00e4tzte Lesezeit":"2\u00a0Minuten"},"schema":{"@context":"https:\/\/schema.org","@graph":[{"@type":"WebPage","@id":"https:\/\/www.funktionsmodellbau.ch\/content\/schuco-norev-und-co-modellbau-fuer-die-vitrine\/","url":"https:\/\/www.funktionsmodellbau.ch\/content\/schuco-norev-und-co-modellbau-fuer-die-vitrine\/","name":"Schuco, Norev und Co. \u2013 Modellbau f\u00fcr die Vitrine - funktionsmodellbau.ch","isPartOf":{"@id":"https:\/\/www.funktionsmodellbau.ch\/content\/#website"},"primaryImageOfPage":{"@id":"https:\/\/www.funktionsmodellbau.ch\/content\/schuco-norev-und-co-modellbau-fuer-die-vitrine\/#primaryimage"},"image":{"@id":"https:\/\/www.funktionsmodellbau.ch\/content\/schuco-norev-und-co-modellbau-fuer-die-vitrine\/#primaryimage"},"thumbnailUrl":"http:\/\/www.norev.com\/media\/Visuels\/Miniatures\/154543_1.jpg","datePublished":"2014-03-23T08:09:21+00:00","dateModified":"2016-06-06T13:28:43+00:00","author":{"@id":"https:\/\/www.funktionsmodellbau.ch\/content\/#\/schema\/person\/51e2b2a5a18752596eee2eadbbb2d6a7"},"breadcrumb":{"@id":"https:\/\/www.funktionsmodellbau.ch\/content\/schuco-norev-und-co-modellbau-fuer-die-vitrine\/#breadcrumb"},"inLanguage":"de","potentialAction":[{"@type":"ReadAction","target":["https:\/\/www.funktionsmodellbau.ch\/content\/schuco-norev-und-co-modellbau-fuer-die-vitrine\/"]}]},{"@type":"ImageObject","inLanguage":"de","@id":"https:\/\/www.funktionsmodellbau.ch\/content\/schuco-norev-und-co-modellbau-fuer-die-vitrine\/#primaryimage","url":"http:\/\/www.norev.com\/media\/Visuels\/Miniatures\/154543_1.jpg","contentUrl":"http:\/\/www.norev.com\/media\/Visuels\/Miniatures\/154543_1.jpg"},{"@type":"BreadcrumbList","@id":"https:\/\/www.funktionsmodellbau.ch\/content\/schuco-norev-und-co-modellbau-fuer-die-vitrine\/#breadcrumb","itemListElement":[{"@type":"ListItem","position":1,"name":"Startseite","item":"https:\/\/www.funktionsmodellbau.ch\/content\/"},{"@type":"ListItem","position":2,"name":"Schuco, Norev und Co. \u2013 Modellbau f\u00fcr die Vitrine"}]},{"@type":"WebSite","@id":"https:\/\/www.funktionsmodellbau.ch\/content\/#website","url":"https:\/\/www.funktionsmodellbau.ch\/content\/","name":"funktionsmodellbau.ch","description":"RC MODELLNUTZFAHRZEUGE | RC TRUCK-MODELLBAU | RC SCALE CARS | RC BOOTE","potentialAction":[{"@type":"SearchAction","target":{"@type":"EntryPoint","urlTemplate":"https:\/\/www.funktionsmodellbau.ch\/content\/?s={search_term_string}"},"query-input":{"@type":"PropertyValueSpecification","valueRequired":true,"valueName":"search_term_string"}}],"inLanguage":"de"},{"@type":"Person","@id":"https:\/\/www.funktionsmodellbau.ch\/content\/#\/schema\/person\/51e2b2a5a18752596eee2eadbbb2d6a7","name":"chef","image":{"@type":"ImageObject","inLanguage":"de","@id":"https:\/\/www.funktionsmodellbau.ch\/content\/#\/schema\/person\/image\/","url":"https:\/\/secure.gravatar.com\/avatar\/30a0ceeb5c6accda997741393cc0673d?s=96&r=g","contentUrl":"https:\/\/secure.gravatar.com\/avatar\/30a0ceeb5c6accda997741393cc0673d?s=96&r=g","caption":"chef"},"description":"Hallo, ich heisse Fabian und bin hier der Hausmeister. Mich interessiert zwar die ganze Bandbreite im Modellbau, mein Fokus ist aber der Funktionsmodellbau. Speziell RC-Modellnutzfahrzeuge. Ihr findet mich auch auf Twitter, Facebook und Google+","sameAs":["https:\/\/www.funktionsmodellbau.ch"],"url":"https:\/\/www.funktionsmodellbau.ch\/content\/author\/admin\/"}]}},"jetpack_sharing_enabled":true,"jetpack_featured_media_url":"","_links":{"self":[{"href":"https:\/\/www.funktionsmodellbau.ch\/content\/wp-json\/wp\/v2\/posts\/6251"}],"collection":[{"href":"https:\/\/www.funktionsmodellbau.ch\/content\/wp-json\/wp\/v2\/posts"}],"about":[{"href":"https:\/\/www.funktionsmodellbau.ch\/content\/wp-json\/wp\/v2\/types\/post"}],"author":[{"embeddable":true,"href":"https:\/\/www.funktionsmodellbau.ch\/content\/wp-json\/wp\/v2\/users\/1"}],"replies":[{"embeddable":true,"href":"https:\/\/www.funktionsmodellbau.ch\/content\/wp-json\/wp\/v2\/comments?post=6251"}],"version-history":[{"count":4,"href":"https:\/\/www.funktionsmodellbau.ch\/content\/wp-json\/wp\/v2\/posts\/6251\/revisions"}],"predecessor-version":[{"id":7457,"href":"https:\/\/www.funktionsmodellbau.ch\/content\/wp-json\/wp\/v2\/posts\/6251\/revisions\/7457"}],"wp:attachment":[{"href":"https:\/\/www.funktionsmodellbau.ch\/content\/wp-json\/wp\/v2\/media?parent=6251"}],"wp:term":[{"taxonomy":"category","embeddable":true,"href":"https:\/\/www.funktionsmodellbau.ch\/content\/wp-json\/wp\/v2\/categories?post=6251"},{"taxonomy":"post_tag","embeddable":true,"href":"https:\/\/www.funktionsmodellbau.ch\/content\/wp-json\/wp\/v2\/tags?post=6251"},{"taxonomy":"series","embeddable":true,"href":"https:\/\/www.funktionsmodellbau.ch\/content\/wp-json\/wp\/v2\/series?post=6251"}],"curies":[{"name":"wp","href":"https:\/\/api.w.org\/{rel}","templated":true}]}}