{"id":3176,"date":"2012-10-28T14:24:36","date_gmt":"2012-10-28T14:24:36","guid":{"rendered":"https:\/\/www.funktionsmodellbau.ch\/content\/?p=3176"},"modified":"2018-03-06T20:33:26","modified_gmt":"2018-03-06T19:33:26","slug":"euro-paletten-selbst-gemacht","status":"publish","type":"post","link":"https:\/\/www.funktionsmodellbau.ch\/content\/euro-paletten-selbst-gemacht\/","title":{"rendered":"Euro-Paletten selbst gemacht"},"content":{"rendered":"<p>Mittlerweile gibt es zwar einige Anbieter, die Euro-Paletten und Ladegut online zum Verkauf anbieten. Hin und wieder habe ich selbst Spass daran, Ladeg\u00fcter und eben diese Paletten selber zu machen. Allerdings fehlt bei mir das entsprechende Brandsymbol. F\u00fcr Modellbauer, die selber Paletten bauen m\u00f6chten, habe ich meine Variante hier dokumentiert. Je nach Masstab m\u00fcssen nat\u00fcrlich die Masse angepasst werden.<\/p>\n<p>Gem\u00e4ss <a href=\"http:\/\/de.wikipedia.org\/wiki\/Europoolpalette\">Wikipedia<\/a> ist eine Europalette 1200 x 800 cm gross. Die genauen Masse sind in der <a href=\"http:\/\/upload.wikimedia.org\/wikipedia\/commons\/3\/30\/Plan_palette-europe.svg\">Grafik abzulesen<\/a> (Quelle: <a href=\"http:\/\/upload.wikimedia.org\/wikipedia\/commons\/3\/30\/Plan_palette-europe.svg\">Wikipedia<\/a>)<\/p>\n<p><!--more--><\/p>\n<p><img loading=\"lazy\" decoding=\"async\" class=\"alignleft\" src=\"http:\/\/upload.wikimedia.org\/wikipedia\/commons\/3\/30\/Plan_palette-europe.svg\" alt=\"\" width=\"300\" height=\"192\" border=\"0\" \/><\/p>\n<p>&nbsp;<\/p>\n<p>Man ben\u00f6tigt etwas Holz, Leim, S\u00e4ge, Cutter oder \u00e4hnliches. Einen Schleifklotz oder Schleifmaschine, Klemmen und etwas Geduld. Die einen verwenden f\u00fcr die Bretter Kieferleisten. Ich verwende Eisst\u00e4be aus Holz. Doch auch meine Familie isst nicht so viel Eis. Per Zufall fand ich in einem Baumarkt (hier in der Schweiz bei Migros) einen Sack voll solcher St\u00e4be f\u00fcr 2 Franken. Seither verwende ich diese.<\/p>\n<p>Auf einer Proxxonfr\u00e4se l\u00e4nge ich die St\u00e4be entsprechend ab. Meistens schneide ich gleich eine ganze Menge auf Vorrat zu. Fast schon Fliessbandarbeit.<\/p>\n<p>Dann verklebt man ein &#8222;langes&#8220; und ein &#8222;kurzes&#8220; H\u00f6lzchen im rechen Winkel miteinander. L\u00e4sst es mit einer Klemme trocknen. Bis das soweit ist, kann man gleich ein paar solche Winkel kleben.<\/p>\n<p><a href=\"https:\/\/i0.wp.com\/www.funktionsmodellbau.ch\/content\/wp-content\/uploads\/2012\/10\/IMG_0579-1.jpg?ssl=1\"><img data-recalc-dims=\"1\" loading=\"lazy\" decoding=\"async\" data-attachment-id=\"3180\" data-permalink=\"https:\/\/www.funktionsmodellbau.ch\/content\/euro-paletten-selbst-gemacht\/img_0579-1\/\" data-orig-file=\"https:\/\/i0.wp.com\/www.funktionsmodellbau.ch\/content\/wp-content\/uploads\/2012\/10\/IMG_0579-1.jpg?fit=1936%2C2592&amp;ssl=1\" data-orig-size=\"1936,2592\" data-comments-opened=\"1\" data-image-meta=\"{&quot;aperture&quot;:&quot;2.8&quot;,&quot;credit&quot;:&quot;&quot;,&quot;camera&quot;:&quot;iPhone 4&quot;,&quot;caption&quot;:&quot;&quot;,&quot;created_timestamp&quot;:&quot;1350222309&quot;,&quot;copyright&quot;:&quot;&quot;,&quot;focal_length&quot;:&quot;3.85&quot;,&quot;iso&quot;:&quot;100&quot;,&quot;shutter_speed&quot;:&quot;0.0416666666667&quot;,&quot;title&quot;:&quot;&quot;}\" data-image-title=\"IMG_0579-1\" data-image-description=\"\" data-image-caption=\"\" data-medium-file=\"https:\/\/i0.wp.com\/www.funktionsmodellbau.ch\/content\/wp-content\/uploads\/2012\/10\/IMG_0579-1.jpg?fit=224%2C300&amp;ssl=1\" data-large-file=\"https:\/\/i0.wp.com\/www.funktionsmodellbau.ch\/content\/wp-content\/uploads\/2012\/10\/IMG_0579-1.jpg?fit=678%2C909&amp;ssl=1\" class=\"alignnone size-large wp-image-3180\" title=\"IMG_0579-1\" src=\"https:\/\/i0.wp.com\/www.funktionsmodellbau.ch\/content\/wp-content\/uploads\/2012\/10\/IMG_0579-1.jpg?resize=620%2C830&#038;ssl=1\" alt=\"IMG_0579-1\" width=\"620\" height=\"830\" srcset=\"https:\/\/i0.wp.com\/www.funktionsmodellbau.ch\/content\/wp-content\/uploads\/2012\/10\/IMG_0579-1.jpg?resize=764%2C1024&amp;ssl=1 764w, https:\/\/i0.wp.com\/www.funktionsmodellbau.ch\/content\/wp-content\/uploads\/2012\/10\/IMG_0579-1.jpg?resize=224%2C300&amp;ssl=1 224w, https:\/\/i0.wp.com\/www.funktionsmodellbau.ch\/content\/wp-content\/uploads\/2012\/10\/IMG_0579-1.jpg?w=1936&amp;ssl=1 1936w, https:\/\/i0.wp.com\/www.funktionsmodellbau.ch\/content\/wp-content\/uploads\/2012\/10\/IMG_0579-1.jpg?w=1356&amp;ssl=1 1356w\" sizes=\"(max-width: 620px) 100vw, 620px\" \/><\/a><\/p>\n<p>Anschliessend kann man zwei solcher &#8222;Winkel&#8220; verkleben. Es entsteht die eigentliche Palettenfl\u00e4che.<\/p>\n<p><img data-recalc-dims=\"1\" loading=\"lazy\" decoding=\"async\" title=\"IMG_0580-2.jpg\" src=\"https:\/\/i0.wp.com\/www.funktionsmodellbau.ch\/content\/wp-content\/uploads\/2012\/10\/IMG_0580-22.jpg?resize=620%2C830&#038;ssl=1\" alt=\"IMG 0580 2\" width=\"620\" height=\"830\" border=\"0\" \/><\/p>\n<p>Als n\u00e4chstes wird der &#8222;lange&#8220; Mittelsteg befestigt.<\/p>\n<p><img data-recalc-dims=\"1\" loading=\"lazy\" decoding=\"async\" title=\"IMG_0581-3.jpg\" src=\"https:\/\/i0.wp.com\/www.funktionsmodellbau.ch\/content\/wp-content\/uploads\/2012\/10\/IMG_0581-3.jpg?resize=620%2C830&#038;ssl=1\" alt=\"IMG 0581 3\" width=\"620\" height=\"830\" border=\"0\" \/><\/p>\n<p>Im Schnellzugstempo geht es mit dem &#8222;kleinen&#8220; Mittelsteg weiter und man erkennt immer mehr, was es werden soll.<\/p>\n<p><img data-recalc-dims=\"1\" loading=\"lazy\" decoding=\"async\" title=\"IMG_0582-4.jpg\" src=\"https:\/\/i0.wp.com\/www.funktionsmodellbau.ch\/content\/wp-content\/uploads\/2012\/10\/IMG_0582-4.jpg?resize=620%2C830&#038;ssl=1\" alt=\"IMG 0582 4\" width=\"620\" height=\"830\" border=\"0\" \/><\/p>\n<p>Nun k\u00f6nnen wir die schmalen Leisten ankleben und haben den Oberteil der Paletten schon fast fertig.<\/p>\n<p><img data-recalc-dims=\"1\" loading=\"lazy\" decoding=\"async\" title=\"IMG_0584-6.jpg\" src=\"https:\/\/i0.wp.com\/www.funktionsmodellbau.ch\/content\/wp-content\/uploads\/2012\/10\/IMG_0584-6.jpg?resize=620%2C830&#038;ssl=1\" alt=\"IMG 0584 6\" width=\"620\" height=\"830\" border=\"0\" \/><\/p>\n<p>Als n\u00e4chstes k\u00f6nnen die &#8222;w\u00fcrfelf\u00f6rmigen&#8220; Distanzteile angeklebt werden. Ich verwende f\u00fcr diese eine Leiste aus Balsaholz. Richtig, es sind keine W\u00fcrfel. Aber die genauen Masse habt ihr ja auf euren Masstab selbst ausgerechnet. Zur Erinnerung: Die Originalmasse sind oben in der Grafik ersichtlich.<\/p>\n<p><img data-recalc-dims=\"1\" loading=\"lazy\" decoding=\"async\" title=\"IMG_0583-5.jpg\" src=\"https:\/\/i0.wp.com\/www.funktionsmodellbau.ch\/content\/wp-content\/uploads\/2012\/10\/IMG_0583-5.jpg?resize=620%2C830&#038;ssl=1\" alt=\"IMG 0583 5\" width=\"620\" height=\"830\" border=\"0\" \/><\/p>\n<p><img data-recalc-dims=\"1\" loading=\"lazy\" decoding=\"async\" title=\"IMG_0585-7.jpg\" src=\"https:\/\/i0.wp.com\/www.funktionsmodellbau.ch\/content\/wp-content\/uploads\/2012\/10\/IMG_0585-7.jpg?resize=620%2C830&#038;ssl=1\" alt=\"IMG 0585 7\" width=\"620\" height=\"830\" border=\"0\" \/><\/p>\n<p>Ist alles fertig verklebt und getrocknet, schleife ich die ganze Paletten an einer Bandschleifmaschine und nehme die Ecken auch etwas ab. Fr\u00fcher machte ich das mit einem Schleifbrettchen oder Schleifklotz.<\/p>\n<p><img data-recalc-dims=\"1\" loading=\"lazy\" decoding=\"async\" title=\"IMG_0586-8.jpg\" src=\"https:\/\/i0.wp.com\/www.funktionsmodellbau.ch\/content\/wp-content\/uploads\/2012\/10\/IMG_0586-8.jpg?resize=620%2C830&#038;ssl=1\" alt=\"IMG 0586 8\" width=\"620\" height=\"830\" border=\"0\" \/><\/p>\n<p>So schlecht kamen sie nicht heraus &#8211; oder?<\/p>\n<p><img data-recalc-dims=\"1\" loading=\"lazy\" decoding=\"async\" title=\"IMG_0590.jpg\" src=\"https:\/\/i0.wp.com\/www.funktionsmodellbau.ch\/content\/wp-content\/uploads\/2012\/10\/IMG_0590.jpg?resize=620%2C830&#038;ssl=1\" alt=\"IMG 0590\" width=\"620\" height=\"830\" border=\"0\" \/><\/p>\n<p>&nbsp;<\/p>\n<p><span style=\"border-top-left-radius: 2px; border-top-right-radius: 2px; border-bottom-right-radius: 2px; border-bottom-left-radius: 2px; text-indent: 20px; width: auto; padding: 0px 4px 0px 0px; text-align: center; font-style: normal; font-variant-caps: normal; font-weight: bold; font-stretch: normal; font-size: 11px; line-height: 20px; font-family: 'Helvetica Neue', Helvetica, sans-serif; color: #ffffff; background-image: url(data:image\/svg+xml; base64,phn2zyb4bwxucz0iahr0cdovl3d3dy53my5vcmcvmjawmc9zdmciighlawdodd0imzbwecigd2lkdgg9ijmwchgiihzpzxdcb3g9ii0xic0xidmxidmxij48zz48cgf0acbkpsjnmjkundq5lde0ljy2mibdmjkundq5ldiyljcymiaymi44njgsmjkumju2ide0ljc1ldi5lji1nibdni42mzismjkumju2idaumduxldiyljcymiawlja1mswxnc42njigqzaumduxldyunjaxidyunjmyldaumdy3ide0ljc1ldaumdy3iemymi44njgsmc4wnjcgmjkundq5ldyunjaxidi5ljq0oswxnc42njiiigzpbgw9iinmzmyiihn0cm9rzt0ii2zmziigc3ryb2tllxdpzhropsixij48l3bhdgg+phbhdgggzd0itte0ljczmywxljy4nibdny41mtysms42odygms42njusny40otugms42njusmtqunjyyiemxljy2nswymc4xntkgns4xmdksmjquodu0idkuotcsmjyunzq0iem5ljg1niwyns43mtggos43ntmsmjqumtqzidewljaxniwymy4wmjigqzewlji1mywymi4wmsaxms41ndgsmtyuntcyidexlju0ocwxni41nzigqzexlju0ocwxni41nzigmteumtu3lde1ljc5nsaxms4xntcsmtqunjq2iemxms4xntcsmtiuodqyideyljixmswxms40otugmtmuntiyldexljq5nsbdmtqunjm3ldexljq5nsaxns4xnzusmtiumzi2ide1lje3nswxmy4zmjmgqze1lje3nswxnc40mzygmtqundyylde2ljegmtqumdkzlde3ljy0mybdmtmunzg1lde4ljkznsaxnc43ndusmtkuotg4ide2ljayocwxos45odggqze4ljm1mswxos45odggmjaumtm2lde3lju1niaymc4xmzysmtqumdq2iemymc4xmzysmtauotm5ide3ljg4ocw4ljc2nyaxnc42nzgsoc43njcgqzewljk1osw4ljc2nya4ljc3nywxms41mzygoc43nzcsmtqumzk4iem4ljc3nywxns41mtmgos4ymswxni43mdkgos43ndksmtcumzu5iem5ljg1niwxny40odggos44nzismtcunia5ljg0lde3ljczmsbdos43ndesmtgumtqxidkuntismtkumdizidkundc3lde5ljiwmybdos40miwxos40nca5lji4ocwxos40otegos4wncwxos4znzygqzcunda4lde4ljyymia2ljm4nywxni4yntigni4zodcsmtqumzq5iem2ljm4nywxmc4yntygos4zodmsni40otcgmtuumdiyldyundk3iemxos41ntusni40otcgmjmumdc4ldkunza1idizlja3ocwxmy45otegqzizlja3ocwxoc40njmgmjaumjm5ldiylja2miaxni4yotcsmjiumdyyiemxnc45nzmsmjiumdyyidezljcyocwyms4znzkgmtmumzayldiwlju3mibdmtmumzayldiwlju3miaxmi42ndcsmjmumdugmtiundg4ldizljy1nybdmtiumtkzldi0ljc4ncaxms4zotysmjyumtk2idewljg2mywyny4wntggqzeylja4niwyny40mzqgmtmumzg2ldi3ljyznyaxnc43mzmsmjcunjm3iemyms45nswyny42mzcgmjcuodaxldixljgyocayny44mdesmtqunjyyiemyny44mdesny40otugmjeuotusms42odygmtqunzmzldeunjg2iibmawxspsijymqwodfjij48l3bhdgg+pc9npjwvc3znpg==); background-size: 14px 14px; background-color: #bd081c; position: absolute; opacity: 1; z-index: 8675309; display: none; cursor: pointer; border: none; -webkit-font-smoothing: antialiased; background-position: 3px 50%; background-repeat: no-repeat no-repeat;\">Merken<\/span><span style=\"border-top-left-radius: 2px; border-top-right-radius: 2px; border-bottom-right-radius: 2px; border-bottom-left-radius: 2px; text-indent: 20px; width: auto; padding: 0px 4px 0px 0px; text-align: center; font-style: normal; font-variant-caps: normal; font-weight: bold; font-stretch: normal; font-size: 11px; line-height: 20px; font-family: 'Helvetica Neue', Helvetica, sans-serif; color: #ffffff; background-image: url(data:image\/svg+xml; base64,phn2zyb4bwxucz0iahr0cdovl3d3dy53my5vcmcvmjawmc9zdmciighlawdodd0imzbwecigd2lkdgg9ijmwchgiihzpzxdcb3g9ii0xic0xidmxidmxij48zz48cgf0acbkpsjnmjkundq5lde0ljy2mibdmjkundq5ldiyljcymiaymi44njgsmjkumju2ide0ljc1ldi5lji1nibdni42mzismjkumju2idaumduxldiyljcymiawlja1mswxnc42njigqzaumduxldyunjaxidyunjmyldaumdy3ide0ljc1ldaumdy3iemymi44njgsmc4wnjcgmjkundq5ldyunjaxidi5ljq0oswxnc42njiiigzpbgw9iinmzmyiihn0cm9rzt0ii2zmziigc3ryb2tllxdpzhropsixij48l3bhdgg+phbhdgggzd0itte0ljczmywxljy4nibdny41mtysms42odygms42njusny40otugms42njusmtqunjyyiemxljy2nswymc4xntkgns4xmdksmjquodu0idkuotcsmjyunzq0iem5ljg1niwyns43mtggos43ntmsmjqumtqzidewljaxniwymy4wmjigqzewlji1mywymi4wmsaxms41ndgsmtyuntcyidexlju0ocwxni41nzigqzexlju0ocwxni41nzigmteumtu3lde1ljc5nsaxms4xntcsmtqunjq2iemxms4xntcsmtiuodqyideyljixmswxms40otugmtmuntiyldexljq5nsbdmtqunjm3ldexljq5nsaxns4xnzusmtiumzi2ide1lje3nswxmy4zmjmgqze1lje3nswxnc40mzygmtqundyylde2ljegmtqumdkzlde3ljy0mybdmtmunzg1lde4ljkznsaxnc43ndusmtkuotg4ide2ljayocwxos45odggqze4ljm1mswxos45odggmjaumtm2lde3lju1niaymc4xmzysmtqumdq2iemymc4xmzysmtauotm5ide3ljg4ocw4ljc2nyaxnc42nzgsoc43njcgqzewljk1osw4ljc2nya4ljc3nywxms41mzygoc43nzcsmtqumzk4iem4ljc3nywxns41mtmgos4ymswxni43mdkgos43ndksmtcumzu5iem5ljg1niwxny40odggos44nzismtcunia5ljg0lde3ljczmsbdos43ndesmtgumtqxidkuntismtkumdizidkundc3lde5ljiwmybdos40miwxos40nca5lji4ocwxos40otegos4wncwxos4znzygqzcunda4lde4ljyymia2ljm4nywxni4yntigni4zodcsmtqumzq5iem2ljm4nywxmc4yntygos4zodmsni40otcgmtuumdiyldyundk3iemxos41ntusni40otcgmjmumdc4ldkunza1idizlja3ocwxmy45otegqzizlja3ocwxoc40njmgmjaumjm5ldiylja2miaxni4yotcsmjiumdyyiemxnc45nzmsmjiumdyyidezljcyocwyms4znzkgmtmumzayldiwlju3mibdmtmumzayldiwlju3miaxmi42ndcsmjmumdugmtiundg4ldizljy1nybdmtiumtkzldi0ljc4ncaxms4zotysmjyumtk2idewljg2mywyny4wntggqzeylja4niwyny40mzqgmtmumzg2ldi3ljyznyaxnc43mzmsmjcunjm3iemyms45nswyny42mzcgmjcuodaxldixljgyocayny44mdesmtqunjyyiemyny44mdesny40otugmjeuotusms42odygmtqunzmzldeunjg2iibmawxspsijymqwodfjij48l3bhdgg+pc9npjwvc3znpg==); background-size: 14px 14px; background-color: #bd081c; position: absolute; opacity: 1; z-index: 8675309; display: none; cursor: pointer; border: none; -webkit-font-smoothing: antialiased; background-position: 3px 50%; background-repeat: no-repeat no-repeat;\">Merken<\/span><\/p>\n","protected":false},"excerpt":{"rendered":"<p>Mittlerweile gibt es zwar einige Anbieter, die Euro-Paletten und Ladegut online zum Verkauf anbieten. Hin und wieder habe ich selbst Spass daran, Ladeg\u00fcter und eben diese Paletten selber zu machen. <a class=\"more-link\" href=\"https:\/\/www.funktionsmodellbau.ch\/content\/euro-paletten-selbst-gemacht\/\">Weiter lesen \u2192<\/a><\/p>\n","protected":false},"author":1,"featured_media":0,"comment_status":"open","ping_status":"open","sticky":false,"template":"","format":"standard","meta":{"jetpack_post_was_ever_published":false,"_jetpack_newsletter_access":"","_jetpack_dont_email_post_to_subs":false,"_jetpack_newsletter_tier_id":0,"_jetpack_memberships_contains_paywalled_content":false,"_jetpack_memberships_contains_paid_content":false,"footnotes":""},"categories":[12,379,69],"tags":[378],"series":[],"yoast_head":"<!-- This site is optimized with the Yoast SEO plugin v24.5 - https:\/\/yoast.com\/wordpress\/plugins\/seo\/ -->\n<title>Euro-Paletten selbst gemacht - funktionsmodellbau.ch<\/title>\n<meta name=\"robots\" content=\"index, follow, max-snippet:-1, max-image-preview:large, max-video-preview:-1\" \/>\n<link rel=\"canonical\" href=\"https:\/\/www.funktionsmodellbau.ch\/content\/euro-paletten-selbst-gemacht\/\" \/>\n<meta property=\"og:locale\" content=\"de_DE\" \/>\n<meta property=\"og:type\" content=\"article\" \/>\n<meta property=\"og:title\" content=\"Euro-Paletten selbst gemacht - funktionsmodellbau.ch\" \/>\n<meta property=\"og:description\" content=\"Mittlerweile gibt es zwar einige Anbieter, die Euro-Paletten und Ladegut online zum Verkauf anbieten. Hin und wieder habe ich selbst Spass daran, Ladeg\u00fcter und eben diese Paletten selber zu machen. Weiter lesen \u2192\" \/>\n<meta property=\"og:url\" content=\"https:\/\/www.funktionsmodellbau.ch\/content\/euro-paletten-selbst-gemacht\/\" \/>\n<meta property=\"og:site_name\" content=\"funktionsmodellbau.ch\" \/>\n<meta property=\"article:publisher\" content=\"https:\/\/www.facebook.com\/funktionsmodellbau\/\" \/>\n<meta property=\"article:published_time\" content=\"2012-10-28T14:24:36+00:00\" \/>\n<meta property=\"article:modified_time\" content=\"2018-03-06T19:33:26+00:00\" \/>\n<meta property=\"og:image\" content=\"http:\/\/upload.wikimedia.org\/wikipedia\/commons\/3\/30\/Plan_palette-europe.svg\" \/>\n<meta name=\"author\" content=\"chef\" \/>\n<meta name=\"twitter:card\" content=\"summary_large_image\" \/>\n<meta name=\"twitter:creator\" content=\"@funktionsmodell\" \/>\n<meta name=\"twitter:site\" content=\"@funktionsmodell\" \/>\n<meta name=\"twitter:label1\" content=\"Verfasst von\" \/>\n\t<meta name=\"twitter:data1\" content=\"chef\" \/>\n\t<meta name=\"twitter:label2\" content=\"Gesch\u00e4tzte Lesezeit\" \/>\n\t<meta name=\"twitter:data2\" content=\"2\u00a0Minuten\" \/>\n<script type=\"application\/ld+json\" class=\"yoast-schema-graph\">{\"@context\":\"https:\/\/schema.org\",\"@graph\":[{\"@type\":\"WebPage\",\"@id\":\"https:\/\/www.funktionsmodellbau.ch\/content\/euro-paletten-selbst-gemacht\/\",\"url\":\"https:\/\/www.funktionsmodellbau.ch\/content\/euro-paletten-selbst-gemacht\/\",\"name\":\"Euro-Paletten selbst gemacht - funktionsmodellbau.ch\",\"isPartOf\":{\"@id\":\"https:\/\/www.funktionsmodellbau.ch\/content\/#website\"},\"primaryImageOfPage\":{\"@id\":\"https:\/\/www.funktionsmodellbau.ch\/content\/euro-paletten-selbst-gemacht\/#primaryimage\"},\"image\":{\"@id\":\"https:\/\/www.funktionsmodellbau.ch\/content\/euro-paletten-selbst-gemacht\/#primaryimage\"},\"thumbnailUrl\":\"http:\/\/upload.wikimedia.org\/wikipedia\/commons\/3\/30\/Plan_palette-europe.svg\",\"datePublished\":\"2012-10-28T14:24:36+00:00\",\"dateModified\":\"2018-03-06T19:33:26+00:00\",\"author\":{\"@id\":\"https:\/\/www.funktionsmodellbau.ch\/content\/#\/schema\/person\/51e2b2a5a18752596eee2eadbbb2d6a7\"},\"breadcrumb\":{\"@id\":\"https:\/\/www.funktionsmodellbau.ch\/content\/euro-paletten-selbst-gemacht\/#breadcrumb\"},\"inLanguage\":\"de\",\"potentialAction\":[{\"@type\":\"ReadAction\",\"target\":[\"https:\/\/www.funktionsmodellbau.ch\/content\/euro-paletten-selbst-gemacht\/\"]}]},{\"@type\":\"ImageObject\",\"inLanguage\":\"de\",\"@id\":\"https:\/\/www.funktionsmodellbau.ch\/content\/euro-paletten-selbst-gemacht\/#primaryimage\",\"url\":\"http:\/\/upload.wikimedia.org\/wikipedia\/commons\/3\/30\/Plan_palette-europe.svg\",\"contentUrl\":\"http:\/\/upload.wikimedia.org\/wikipedia\/commons\/3\/30\/Plan_palette-europe.svg\"},{\"@type\":\"BreadcrumbList\",\"@id\":\"https:\/\/www.funktionsmodellbau.ch\/content\/euro-paletten-selbst-gemacht\/#breadcrumb\",\"itemListElement\":[{\"@type\":\"ListItem\",\"position\":1,\"name\":\"Startseite\",\"item\":\"https:\/\/www.funktionsmodellbau.ch\/content\/\"},{\"@type\":\"ListItem\",\"position\":2,\"name\":\"Euro-Paletten selbst gemacht\"}]},{\"@type\":\"WebSite\",\"@id\":\"https:\/\/www.funktionsmodellbau.ch\/content\/#website\",\"url\":\"https:\/\/www.funktionsmodellbau.ch\/content\/\",\"name\":\"funktionsmodellbau.ch\",\"description\":\"RC MODELLNUTZFAHRZEUGE | RC TRUCK-MODELLBAU | RC SCALE CARS | RC BOOTE\",\"potentialAction\":[{\"@type\":\"SearchAction\",\"target\":{\"@type\":\"EntryPoint\",\"urlTemplate\":\"https:\/\/www.funktionsmodellbau.ch\/content\/?s={search_term_string}\"},\"query-input\":{\"@type\":\"PropertyValueSpecification\",\"valueRequired\":true,\"valueName\":\"search_term_string\"}}],\"inLanguage\":\"de\"},{\"@type\":\"Person\",\"@id\":\"https:\/\/www.funktionsmodellbau.ch\/content\/#\/schema\/person\/51e2b2a5a18752596eee2eadbbb2d6a7\",\"name\":\"chef\",\"image\":{\"@type\":\"ImageObject\",\"inLanguage\":\"de\",\"@id\":\"https:\/\/www.funktionsmodellbau.ch\/content\/#\/schema\/person\/image\/\",\"url\":\"https:\/\/secure.gravatar.com\/avatar\/30a0ceeb5c6accda997741393cc0673d?s=96&r=g\",\"contentUrl\":\"https:\/\/secure.gravatar.com\/avatar\/30a0ceeb5c6accda997741393cc0673d?s=96&r=g\",\"caption\":\"chef\"},\"description\":\"Hallo, ich heisse Fabian und bin hier der Hausmeister. Mich interessiert zwar die ganze Bandbreite im Modellbau, mein Fokus ist aber der Funktionsmodellbau. Speziell RC-Modellnutzfahrzeuge. Ihr findet mich auch auf Twitter, Facebook und Google+\",\"sameAs\":[\"https:\/\/www.funktionsmodellbau.ch\"],\"url\":\"https:\/\/www.funktionsmodellbau.ch\/content\/author\/admin\/\"}]}<\/script>\n<!-- \/ Yoast SEO plugin. -->","yoast_head_json":{"title":"Euro-Paletten selbst gemacht - funktionsmodellbau.ch","robots":{"index":"index","follow":"follow","max-snippet":"max-snippet:-1","max-image-preview":"max-image-preview:large","max-video-preview":"max-video-preview:-1"},"canonical":"https:\/\/www.funktionsmodellbau.ch\/content\/euro-paletten-selbst-gemacht\/","og_locale":"de_DE","og_type":"article","og_title":"Euro-Paletten selbst gemacht - funktionsmodellbau.ch","og_description":"Mittlerweile gibt es zwar einige Anbieter, die Euro-Paletten und Ladegut online zum Verkauf anbieten. Hin und wieder habe ich selbst Spass daran, Ladeg\u00fcter und eben diese Paletten selber zu machen. Weiter lesen \u2192","og_url":"https:\/\/www.funktionsmodellbau.ch\/content\/euro-paletten-selbst-gemacht\/","og_site_name":"funktionsmodellbau.ch","article_publisher":"https:\/\/www.facebook.com\/funktionsmodellbau\/","article_published_time":"2012-10-28T14:24:36+00:00","article_modified_time":"2018-03-06T19:33:26+00:00","og_image":[{"url":"http:\/\/upload.wikimedia.org\/wikipedia\/commons\/3\/30\/Plan_palette-europe.svg","type":"","width":"","height":""}],"author":"chef","twitter_card":"summary_large_image","twitter_creator":"@funktionsmodell","twitter_site":"@funktionsmodell","twitter_misc":{"Verfasst von":"chef","Gesch\u00e4tzte Lesezeit":"2\u00a0Minuten"},"schema":{"@context":"https:\/\/schema.org","@graph":[{"@type":"WebPage","@id":"https:\/\/www.funktionsmodellbau.ch\/content\/euro-paletten-selbst-gemacht\/","url":"https:\/\/www.funktionsmodellbau.ch\/content\/euro-paletten-selbst-gemacht\/","name":"Euro-Paletten selbst gemacht - funktionsmodellbau.ch","isPartOf":{"@id":"https:\/\/www.funktionsmodellbau.ch\/content\/#website"},"primaryImageOfPage":{"@id":"https:\/\/www.funktionsmodellbau.ch\/content\/euro-paletten-selbst-gemacht\/#primaryimage"},"image":{"@id":"https:\/\/www.funktionsmodellbau.ch\/content\/euro-paletten-selbst-gemacht\/#primaryimage"},"thumbnailUrl":"http:\/\/upload.wikimedia.org\/wikipedia\/commons\/3\/30\/Plan_palette-europe.svg","datePublished":"2012-10-28T14:24:36+00:00","dateModified":"2018-03-06T19:33:26+00:00","author":{"@id":"https:\/\/www.funktionsmodellbau.ch\/content\/#\/schema\/person\/51e2b2a5a18752596eee2eadbbb2d6a7"},"breadcrumb":{"@id":"https:\/\/www.funktionsmodellbau.ch\/content\/euro-paletten-selbst-gemacht\/#breadcrumb"},"inLanguage":"de","potentialAction":[{"@type":"ReadAction","target":["https:\/\/www.funktionsmodellbau.ch\/content\/euro-paletten-selbst-gemacht\/"]}]},{"@type":"ImageObject","inLanguage":"de","@id":"https:\/\/www.funktionsmodellbau.ch\/content\/euro-paletten-selbst-gemacht\/#primaryimage","url":"http:\/\/upload.wikimedia.org\/wikipedia\/commons\/3\/30\/Plan_palette-europe.svg","contentUrl":"http:\/\/upload.wikimedia.org\/wikipedia\/commons\/3\/30\/Plan_palette-europe.svg"},{"@type":"BreadcrumbList","@id":"https:\/\/www.funktionsmodellbau.ch\/content\/euro-paletten-selbst-gemacht\/#breadcrumb","itemListElement":[{"@type":"ListItem","position":1,"name":"Startseite","item":"https:\/\/www.funktionsmodellbau.ch\/content\/"},{"@type":"ListItem","position":2,"name":"Euro-Paletten selbst gemacht"}]},{"@type":"WebSite","@id":"https:\/\/www.funktionsmodellbau.ch\/content\/#website","url":"https:\/\/www.funktionsmodellbau.ch\/content\/","name":"funktionsmodellbau.ch","description":"RC MODELLNUTZFAHRZEUGE | RC TRUCK-MODELLBAU | RC SCALE CARS | RC BOOTE","potentialAction":[{"@type":"SearchAction","target":{"@type":"EntryPoint","urlTemplate":"https:\/\/www.funktionsmodellbau.ch\/content\/?s={search_term_string}"},"query-input":{"@type":"PropertyValueSpecification","valueRequired":true,"valueName":"search_term_string"}}],"inLanguage":"de"},{"@type":"Person","@id":"https:\/\/www.funktionsmodellbau.ch\/content\/#\/schema\/person\/51e2b2a5a18752596eee2eadbbb2d6a7","name":"chef","image":{"@type":"ImageObject","inLanguage":"de","@id":"https:\/\/www.funktionsmodellbau.ch\/content\/#\/schema\/person\/image\/","url":"https:\/\/secure.gravatar.com\/avatar\/30a0ceeb5c6accda997741393cc0673d?s=96&r=g","contentUrl":"https:\/\/secure.gravatar.com\/avatar\/30a0ceeb5c6accda997741393cc0673d?s=96&r=g","caption":"chef"},"description":"Hallo, ich heisse Fabian und bin hier der Hausmeister. Mich interessiert zwar die ganze Bandbreite im Modellbau, mein Fokus ist aber der Funktionsmodellbau. Speziell RC-Modellnutzfahrzeuge. Ihr findet mich auch auf Twitter, Facebook und Google+","sameAs":["https:\/\/www.funktionsmodellbau.ch"],"url":"https:\/\/www.funktionsmodellbau.ch\/content\/author\/admin\/"}]}},"jetpack_sharing_enabled":true,"jetpack_featured_media_url":"","_links":{"self":[{"href":"https:\/\/www.funktionsmodellbau.ch\/content\/wp-json\/wp\/v2\/posts\/3176"}],"collection":[{"href":"https:\/\/www.funktionsmodellbau.ch\/content\/wp-json\/wp\/v2\/posts"}],"about":[{"href":"https:\/\/www.funktionsmodellbau.ch\/content\/wp-json\/wp\/v2\/types\/post"}],"author":[{"embeddable":true,"href":"https:\/\/www.funktionsmodellbau.ch\/content\/wp-json\/wp\/v2\/users\/1"}],"replies":[{"embeddable":true,"href":"https:\/\/www.funktionsmodellbau.ch\/content\/wp-json\/wp\/v2\/comments?post=3176"}],"version-history":[{"count":1,"href":"https:\/\/www.funktionsmodellbau.ch\/content\/wp-json\/wp\/v2\/posts\/3176\/revisions"}],"predecessor-version":[{"id":8621,"href":"https:\/\/www.funktionsmodellbau.ch\/content\/wp-json\/wp\/v2\/posts\/3176\/revisions\/8621"}],"wp:attachment":[{"href":"https:\/\/www.funktionsmodellbau.ch\/content\/wp-json\/wp\/v2\/media?parent=3176"}],"wp:term":[{"taxonomy":"category","embeddable":true,"href":"https:\/\/www.funktionsmodellbau.ch\/content\/wp-json\/wp\/v2\/categories?post=3176"},{"taxonomy":"post_tag","embeddable":true,"href":"https:\/\/www.funktionsmodellbau.ch\/content\/wp-json\/wp\/v2\/tags?post=3176"},{"taxonomy":"series","embeddable":true,"href":"https:\/\/www.funktionsmodellbau.ch\/content\/wp-json\/wp\/v2\/series?post=3176"}],"curies":[{"name":"wp","href":"https:\/\/api.w.org\/{rel}","templated":true}]}}